{"id":305288,"date":"2025-08-08T14:41:13","date_gmt":"2025-08-08T14:41:13","guid":{"rendered":"https:\/\/www.europesays.com\/fr\/305288\/"},"modified":"2025-08-08T14:41:13","modified_gmt":"2025-08-08T14:41:13","slug":"lue-compte-scanner-tous-vos-messages-prives","status":"publish","type":"post","link":"https:\/\/www.europesays.com\/fr\/305288\/","title":{"rendered":"L&rsquo;UE compte scanner tous vos messages priv\u00e9s"},"content":{"rendered":"<p><strong>La proposition \u00ab\u202fChat Control\u202f\u00bb, port\u00e9e par l\u2019Union europ\u00e9enne (UE), pr\u00e9voit l\u2019analyse automatique des messages priv\u00e9s pour d\u00e9tecter les contenus p\u00e9docriminels. Un vote d\u00e9cisif est attendu le 14 octobre 2025.<\/strong><\/p>\n<p>Officiellement appel\u00e9e r\u00e8glement sur la d\u00e9tection des contenus d\u2019abus sexuels sur mineurs (CSAM), cette initiative a \u00e9t\u00e9 relanc\u00e9e sous la pr\u00e9sidence danoise du Conseil de l\u2019UE le 1\u1d49\u02b3 juillet 2025. Les messageries comme WhatsApp, Signal ou Telegram figurent parmi les plateformes cibl\u00e9es.<\/p>\n<p>Origines et relance de la proposition<\/p>\n<p>La commissaire europ\u00e9enne Ylva Johansson introduit la proposition \u00ab\u202fChat Control\u202f\u00bb en mai 2022 pour le m\u00eame objectif. Surnomm\u00e9 \u00ab\u202fChat Control 2.0\u202f\u00bb, le projet s\u2019appuie sur un constat alarmant.\u00a0<\/p>\n<p>En 2021, on recense plus de <strong>1,5 million de signalements de contenus CSAM<\/strong>. Des diffusions s\u2019effectuant principalement sur des services de messagerie comme Gmail ou Facebook Messenger.<\/p>\n<p>\u00c0 cette \u00e9poque, ces plateformes effectuaient d\u00e9j\u00e0 un <strong>scan volontaire des messages priv\u00e9s<\/strong>, tant dans l\u2019UE que dans le reste du monde. D\u00e8s son lancement, la proposition suscite <strong>une vive opposition<\/strong>.<\/p>\n<p>Une consultation publique en 2022 r\u00e9v\u00e8le que plus de <strong>80\u202f% des r\u00e9pondants rejettent le scan des communications chiffr\u00e9es<\/strong>. En outre, plusieurs \u00c9tats membres, dont l\u2019Allemagne, les Pays-Bas et la Pologne, jugent la mesure disproportionn\u00e9e.<\/p>\n<p>En 2024, sous les pr\u00e9sidences belge et hongroise, des versions \u00e9dulcor\u00e9es du texte proposent un scan volontaire ou limit\u00e9 aux contenus partag\u00e9s (photos, vid\u00e9os, URL). Mais la <strong>proposition \u00e9choue \u00e0 obtenir une majorit\u00e9<\/strong>.<\/p>\n<p>Client-side scanning, le m\u00e9canisme redout\u00e9<\/p>\n<p>La proposition repose sur une technologie client-side scanning. Ce m\u00e9canisme de l\u2019UE analyse les messages priv\u00e9s, photos et liens <strong>directement sur l\u2019appareil de l\u2019utilisateur, avant leur chiffrement<\/strong>.<\/p>\n<p>Elle serait int\u00e9gr\u00e9e aux applications comme WhatsApp ou Signal. L\u2019algorithme <strong>comparerait chaque contenu <\/strong>\u00e0 une base de donn\u00e9es de contenus p\u00e9docriminels.<\/p>\n<p>Le syst\u00e8me d\u00e9tectera n\u2019importe quel comportements suspects tels que le grooming (sollicitation sexuelle de mineurs) <strong>gr\u00e2ce \u00e0 l\u2019analyse du texte<\/strong>. Tout \u00e9l\u00e9ment suspect serait ensuite transmis \u00e0 une future Agence europ\u00e9enne pour investigation.<\/p>\n<p>Ce m\u00e9canisme suscite de vives critiques. Patrick Breyer, ancien eurod\u00e9put\u00e9, et Meredith Whittaker, pr\u00e9sidente de Signal, d\u00e9noncent une <strong>atteinte grave \u00e0 la confidentialit\u00e9 des messages priv\u00e9s.<\/strong><\/p>\n<p>Selon eux, ce type de surveillance rend in\u00e9vitable l\u2019<a href=\"https:\/\/www.lebigdata.fr\/chiffrement-des-donnees-tout-savoir\" rel=\"nofollow noopener\" target=\"_blank\">affaiblissement du chiffrement de bout en bout<\/a>. \u00ab\u202fIl n\u2019existe aucun moyen de mettre en \u0153uvre un tel syst\u00e8me sans cr\u00e9er une faille majeure, avec des cons\u00e9quences mondiales\u202f\u00bb, alerte Whittaker.<\/p>\n<p>L\u2019UE face au dilemme des messages priv\u00e9s<\/p>\n<p>La proposition continue de diviser les \u00c9tats membres. <strong>Dix-neuf pays<\/strong>, dont la France, le Danemark, l\u2019Espagne, l\u2019Italie, la Su\u00e8de, la Belgique et la Hongrie, <strong>soutiennent la mesure<\/strong>.<\/p>\n<p>Longtemps r\u00e9ticente, la <strong>France a r\u00e9cemment chang\u00e9 de position<\/strong>, tandis que l\u2019Allemagne reste ind\u00e9cise. Son vote pourrait faire basculer le scrutin pr\u00e9vu le 14 octobre 2025.<\/p>\n<p>\u00c0 l\u2019inverse, des ONG comme l\u2019Electronic Frontier Foundation (EFF), des entreprises technologiques et la Cour europ\u00e9enne des droits de l\u2019homme <strong>d\u00e9noncent une surveillance de masse<\/strong>.<\/p>\n<p>Le service juridique du Conseil de l\u2019UE et la Cour europ\u00e9enne estiment la proposition <strong>contraire au droit \u00e0 la confidentialit<\/strong>\u00e9, garanti par le<a href=\"https:\/\/www.lebigdata.fr\/gdpr-reglement-europeen\" rel=\"nofollow noopener\" target=\"_blank\"> RGPD et la Charte des droits fondamentaux<\/a>.<\/p>\n<p>Patrick Breyer alerte : \u00ab\u202fChaque citoyen serait trait\u00e9 comme un suspect.\u202f\u00bb Les algorithmes de d\u00e9tection, sujets \u00e0 de nombreux faux positifs jusqu\u2019\u00e0 80\u202f% selon une \u00e9tude en Suisse, pourraient m\u00eame <strong>criminaliser des \u00e9changes anodins, notamment des photos familiales<\/strong>.<\/p>\n<p>Face \u00e0 cette menace sur les messages priv\u00e9s, Signal et WhatsApp menacent de quitter le march\u00e9 europ\u00e9en, affirmant que la s\u00e9curit\u00e9 de leurs utilisateurs serait compromise.<\/p>\n<p>Dans la soci\u00e9t\u00e9 civile, la mobilisation s\u2019intensifie. Des campagnes comme \u00ab\u202fStop Scanning Me\u202f\u00bb, men\u00e9e par l\u2019ONG EDRi, appellent les citoyens \u00e0 interpeller leurs gouvernements pour d\u00e9fendre le droit \u00e0 la vie priv\u00e9e dans l\u2019UE.<\/p>\n<ul class=\"end-post-layout\">Partager l&rsquo;article : <\/p>\n<li class=\"social-link\">\n\t\t  <a href=\"http:\/\/www.facebook.com\/sharer.php?u=https:\/\/www.lebigdata.fr\/lue-compte-scanner-tous-vos-messages-privesmeme-chiffres\" class=\"social-link-anchor facebook\" target=\"_blank\" rel=\"nofollow noopener\"><\/p>\n<p>\t\t\t Facebook<br \/>\n\t\t  <\/a>\n\t   <\/li>\n<li class=\"social-link\">\n\t\t  <a href=\"https:\/\/twitter.com\/share?url=https:\/\/www.lebigdata.fr\/lue-compte-scanner-tous-vos-messages-privesmeme-chiffres&amp;text=L\u2019UE compte scanner tous vos messages priv\u00e9s\u2026m\u00eame chiffr\u00e9s\" class=\"social-link-anchor twitter\" target=\"_blank\" rel=\"nofollow noopener\"><\/p>\n<p>\t\t\t Twitter<br \/>\n\t\t  <\/a>\n\t   <\/li>\n<li class=\"social-link\">\n\t\t  <a href=\"http:\/\/www.linkedin.com\/sharing\/share-offsite\/?url=https:\/\/www.lebigdata.fr\/lue-compte-scanner-tous-vos-messages-privesmeme-chiffres\" class=\"social-link-anchor linkedin\" target=\"_blank\" rel=\"nofollow noopener\"><\/p>\n<p>\t\t\t LinkedIn<br \/>\n\t\t  <\/a>\n\t   <\/li>\n<\/ul>\n<p>Notre blog est aliment\u00e9 par les lecteurs. Lorsque vous achetez via des liens sur notre site, nous pouvons percevoir une commission d\u2019affiliation.<\/p>\n<p>\t\t\t\t<script async src=\"https:\/\/platform.twitter.com\/widgets.js\" charset=\"utf-8\"><\/script><\/p>\n","protected":false},"excerpt":{"rendered":"La proposition \u00ab\u202fChat Control\u202f\u00bb, port\u00e9e par l\u2019Union europ\u00e9enne (UE), pr\u00e9voit l\u2019analyse automatique des messages priv\u00e9s pour d\u00e9tecter les&hellip;\n","protected":false},"author":2,"featured_media":305289,"comment_status":"","ping_status":"","sticky":false,"template":"","format":"standard","meta":{"footnotes":""},"categories":[1586],"tags":[11,1777,674,1779,1011,27,12,25,1778,364],"class_list":{"0":"post-305288","1":"post","2":"type-post","3":"status-publish","4":"format-standard","5":"has-post-thumbnail","7":"category-europe","8":"tag-actualites","9":"tag-eu","10":"tag-europe","11":"tag-european-union","12":"tag-fr","13":"tag-france","14":"tag-news","15":"tag-republique-francaise","16":"tag-ue","17":"tag-union-europeenne"},"share_on_mastodon":{"url":"https:\/\/pubeurope.com\/@fr\/114993672026018759","error":""},"_links":{"self":[{"href":"https:\/\/www.europesays.com\/fr\/wp-json\/wp\/v2\/posts\/305288","targetHints":{"allow":["GET"]}}],"collection":[{"href":"https:\/\/www.europesays.com\/fr\/wp-json\/wp\/v2\/posts"}],"about":[{"href":"https:\/\/www.europesays.com\/fr\/wp-json\/wp\/v2\/types\/post"}],"author":[{"embeddable":true,"href":"https:\/\/www.europesays.com\/fr\/wp-json\/wp\/v2\/users\/2"}],"replies":[{"embeddable":true,"href":"https:\/\/www.europesays.com\/fr\/wp-json\/wp\/v2\/comments?post=305288"}],"version-history":[{"count":0,"href":"https:\/\/www.europesays.com\/fr\/wp-json\/wp\/v2\/posts\/305288\/revisions"}],"wp:featuredmedia":[{"embeddable":true,"href":"https:\/\/www.europesays.com\/fr\/wp-json\/wp\/v2\/media\/305289"}],"wp:attachment":[{"href":"https:\/\/www.europesays.com\/fr\/wp-json\/wp\/v2\/media?parent=305288"}],"wp:term":[{"taxonomy":"category","embeddable":true,"href":"https:\/\/www.europesays.com\/fr\/wp-json\/wp\/v2\/categories?post=305288"},{"taxonomy":"post_tag","embeddable":true,"href":"https:\/\/www.europesays.com\/fr\/wp-json\/wp\/v2\/tags?post=305288"}],"curies":[{"name":"wp","href":"https:\/\/api.w.org\/{rel}","templated":true}]}}