{"id":305292,"date":"2025-08-08T14:43:11","date_gmt":"2025-08-08T14:43:11","guid":{"rendered":"https:\/\/www.europesays.com\/fr\/305292\/"},"modified":"2025-08-08T14:43:11","modified_gmt":"2025-08-08T14:43:11","slug":"bournemouth-trouve-un-accord-pour-le-remplacant","status":"publish","type":"post","link":"https:\/\/www.europesays.com\/fr\/305292\/","title":{"rendered":"Bournemouth trouve un accord pour le rempla\u00e7ant&#8230;"},"content":{"rendered":"<p><img width=\"768\" height=\"432\" src=\"https:\/\/www.europesays.com\/fr\/wp-content\/uploads\/2025\/08\/bournemouth-fc-generic_3374700.jpg\" class=\"attachment-jannah-image-post size-jannah-image-post wp-post-image\" alt=\"Bournemouth\" is_main_img=\"1\" decoding=\"async\" fetchpriority=\"high\"  \/><\/p>\n<p>Sur le march\u00e9 des transferts, le <strong>PSG<\/strong> a<br \/>\ncibl\u00e9 sa d\u00e9fense centrale comme secteur de jeu \u00e0 renforcer. Ainsi,<br \/>\nmalgr\u00e9 de difficiles n\u00e9gociations avec<br \/>\n<strong>Bournemouth<\/strong>, un accord est sur le point d\u2019\u00eatre<br \/>\ntrouv\u00e9 pour <strong>Illia Zabarnyi<\/strong>. Dans ce sens, les<br \/>\n<strong>Cherries<\/strong> ont d\u00e9sormais un accord pour le<br \/>\nrempla\u00e7ant de l\u2019Ukrainien.<\/p>\n<p>Apr\u00e8s des mois de n\u00e9gociations compliqu\u00e9es face \u00e0<br \/>\nl\u2019intransigeance des dirigeants de <strong>Bournemouth<\/strong>, le<br \/>\n<strong><a href=\"https:\/\/canal-supporters.com\/\" target=\"_blank\" rel=\"noopener\">Paris<br \/>\nSaint-Germain<\/a><\/strong> est sur le point de trouver un accord<br \/>\ntotal pour le transfert d\u2019<strong>Illia Zabarnyi<\/strong>. Un<br \/>\nrecrutement attendu dans les prochains jours sous les cieux<br \/>\nparisiens. En effet, <strong>Luis Enrique<\/strong> souhaiterait<br \/>\ncompter sur l\u2019Ukrainien et <strong>Lucas Chevalier<\/strong> avant<br \/>\nle 13 ao\u00fbt prochain et le match de <strong>Supercoupe<br \/>\nd\u2019Europe<\/strong> face \u00e0 <strong>Tottenham<\/strong>. Si les<br \/>\nderni\u00e8res informations autour du dossier annoncent donc un accord<br \/>\nproche, les mouvements de <strong>Bournemouth<\/strong> sur le<br \/>\nmarch\u00e9 des transferts pr\u00e9sagent \u00e9galement le mouvement<br \/>\nd\u2019<strong>Illia Zabarnyi<\/strong> vers Paris. Selon<br \/>\n<strong><a href=\"https:\/\/x.com\/FabriceHawkins\/status\/1953764329435619426\"><br \/>\nFabrice Hawkins<\/a><\/strong>, journaliste pour RMC Sport,<br \/>\nles Cherries ont trouv\u00e9 un accord avec <strong>Bafod\u00e9<br \/>\nDiakit\u00e9<\/strong>, d\u00e9fenseur central du <strong>LOSC<\/strong>, pour<br \/>\nun contrat de cinq ans. C\u2019est dans ce contexte que les discussions<br \/>\nont repris entre les dirigeants lillois et ceux de Bournemouth. Les<br \/>\nDogues attendent 40M\u20ac pour lib\u00e9rer le d\u00e9fenseur fran\u00e7ais<br \/>\nde 24 ans, et ainsi permettre au club anglais de remplacer<br \/>\n<strong>Illia Zabarnyi<\/strong>, en partance pour le <strong>Paris<br \/>\nSaint-Germain<\/strong>.<\/p>\n<\/p>\n<p>YouTube : <a href=\"https:\/\/www.youtube.com\/watch?v=RSBIJKu33sg&amp;t=2092s\" target=\"_blank\" rel=\"noopener\">Canal<br \/>\nSupporters Paris<\/a><\/p>\n","protected":false},"excerpt":{"rendered":"Sur le march\u00e9 des transferts, le PSG a cibl\u00e9 sa d\u00e9fense centrale comme secteur de jeu \u00e0 renforcer.&hellip;\n","protected":false},"author":2,"featured_media":305293,"comment_status":"","ping_status":"","sticky":false,"template":"","format":"standard","meta":{"footnotes":""},"categories":[2],"tags":[11,44516,17618,81,44517,1011,27,39683,2267,1434,10553,26622,26623,1435,12,91,92,93,25,96,29675],"class_list":{"0":"post-305292","1":"post","2":"type-post","3":"status-publish","4":"format-standard","5":"has-post-thumbnail","7":"category-actualites","8":"tag-actualites","9":"tag-bafode-diakite","10":"tag-bournemouth","11":"tag-canal-supporters","12":"tag-diakite","13":"tag-fr","14":"tag-france","15":"tag-illia-zabarnyi","16":"tag-losc","17":"tag-mercato","18":"tag-mercato-2025","19":"tag-mercato-dete","20":"tag-mercato-estival","21":"tag-mercato-psg","22":"tag-news","23":"tag-paris-saint-germain","24":"tag-paris-sg","25":"tag-psg","26":"tag-republique-francaise","27":"tag-une","28":"tag-zabarnyi"},"share_on_mastodon":{"url":"https:\/\/pubeurope.com\/@fr\/114993679958086014","error":""},"_links":{"self":[{"href":"https:\/\/www.europesays.com\/fr\/wp-json\/wp\/v2\/posts\/305292","targetHints":{"allow":["GET"]}}],"collection":[{"href":"https:\/\/www.europesays.com\/fr\/wp-json\/wp\/v2\/posts"}],"about":[{"href":"https:\/\/www.europesays.com\/fr\/wp-json\/wp\/v2\/types\/post"}],"author":[{"embeddable":true,"href":"https:\/\/www.europesays.com\/fr\/wp-json\/wp\/v2\/users\/2"}],"replies":[{"embeddable":true,"href":"https:\/\/www.europesays.com\/fr\/wp-json\/wp\/v2\/comments?post=305292"}],"version-history":[{"count":0,"href":"https:\/\/www.europesays.com\/fr\/wp-json\/wp\/v2\/posts\/305292\/revisions"}],"wp:featuredmedia":[{"embeddable":true,"href":"https:\/\/www.europesays.com\/fr\/wp-json\/wp\/v2\/media\/305293"}],"wp:attachment":[{"href":"https:\/\/www.europesays.com\/fr\/wp-json\/wp\/v2\/media?parent=305292"}],"wp:term":[{"taxonomy":"category","embeddable":true,"href":"https:\/\/www.europesays.com\/fr\/wp-json\/wp\/v2\/categories?post=305292"},{"taxonomy":"post_tag","embeddable":true,"href":"https:\/\/www.europesays.com\/fr\/wp-json\/wp\/v2\/tags?post=305292"}],"curies":[{"name":"wp","href":"https:\/\/api.w.org\/{rel}","templated":true}]}}