{"id":305298,"date":"2025-08-08T14:47:09","date_gmt":"2025-08-08T14:47:09","guid":{"rendered":"https:\/\/www.europesays.com\/fr\/305298\/"},"modified":"2025-08-08T14:47:09","modified_gmt":"2025-08-08T14:47:09","slug":"david-pocock-ancien-rugbyman-devenu-senateur-en-australie","status":"publish","type":"post","link":"https:\/\/www.europesays.com\/fr\/305298\/","title":{"rendered":"David Pocock, ancien rugbyman devenu s\u00e9nateur en Australie"},"content":{"rendered":"\n<p>\u00ab\u00a0Comme un joueur qui rate un match, tu es constamment attaqu\u00e9&#8230;\u00a0\u00bb  : David Pocock, ancien rugbyman devenu s\u00e9nateur en Australie<\/p>\n<p>David Pocock, ancien capitaine des Wallabies, avec qui il a jou\u00e9 trois Coupes du monde, est devenu s\u00e9nateur en Australie. Guid\u00e9 par des id\u00e9aux de justice et une conscience environnementale forte, il confie que sa vie de sportif influe encore sur son action et son destin.<\/p>\n","protected":false},"excerpt":{"rendered":"\u00ab\u00a0Comme un joueur qui rate un match, tu es constamment attaqu\u00e9&#8230;\u00a0\u00bb : David Pocock, ancien rugbyman devenu s\u00e9nateur&hellip;\n","protected":false},"author":2,"featured_media":305299,"comment_status":"","ping_status":"","sticky":false,"template":"","format":"standard","meta":{"footnotes":""},"categories":[1416],"tags":[1011,27,479,1468,60],"class_list":{"0":"post-305298","1":"post","2":"type-post","3":"status-publish","4":"format-standard","5":"has-post-thumbnail","7":"category-rugby","8":"tag-fr","9":"tag-france","10":"tag-rugby","11":"tag-rugby-football","12":"tag-sports"},"share_on_mastodon":{"url":"https:\/\/pubeurope.com\/@fr\/114993695574743969","error":""},"_links":{"self":[{"href":"https:\/\/www.europesays.com\/fr\/wp-json\/wp\/v2\/posts\/305298","targetHints":{"allow":["GET"]}}],"collection":[{"href":"https:\/\/www.europesays.com\/fr\/wp-json\/wp\/v2\/posts"}],"about":[{"href":"https:\/\/www.europesays.com\/fr\/wp-json\/wp\/v2\/types\/post"}],"author":[{"embeddable":true,"href":"https:\/\/www.europesays.com\/fr\/wp-json\/wp\/v2\/users\/2"}],"replies":[{"embeddable":true,"href":"https:\/\/www.europesays.com\/fr\/wp-json\/wp\/v2\/comments?post=305298"}],"version-history":[{"count":0,"href":"https:\/\/www.europesays.com\/fr\/wp-json\/wp\/v2\/posts\/305298\/revisions"}],"wp:featuredmedia":[{"embeddable":true,"href":"https:\/\/www.europesays.com\/fr\/wp-json\/wp\/v2\/media\/305299"}],"wp:attachment":[{"href":"https:\/\/www.europesays.com\/fr\/wp-json\/wp\/v2\/media?parent=305298"}],"wp:term":[{"taxonomy":"category","embeddable":true,"href":"https:\/\/www.europesays.com\/fr\/wp-json\/wp\/v2\/categories?post=305298"},{"taxonomy":"post_tag","embeddable":true,"href":"https:\/\/www.europesays.com\/fr\/wp-json\/wp\/v2\/tags?post=305298"}],"curies":[{"name":"wp","href":"https:\/\/api.w.org\/{rel}","templated":true}]}}