{"id":305306,"date":"2025-08-08T14:52:10","date_gmt":"2025-08-08T14:52:10","guid":{"rendered":"https:\/\/www.europesays.com\/fr\/305306\/"},"modified":"2025-08-08T14:52:10","modified_gmt":"2025-08-08T14:52:10","slug":"cyclisme-tour-de-lain-brieuc-rolland-mon-pronostic-du-jour-david-gaudu","status":"publish","type":"post","link":"https:\/\/www.europesays.com\/fr\/305306\/","title":{"rendered":"Cyclisme. Tour de l&rsquo;Ain &#8211; Brieuc Rolland : \u00abMon pronostic du jour ? David Gaudu\u00bb"},"content":{"rendered":"<p>Au d\u00e9part de la 3e \u00e9tape du <strong><a href=\"https:\/\/www.cyclismactu.net\/..\/news-cyclisme-route-tour-de-ain-yvon-caer-david-gaudu-pas-d-explication-claire-89504.html\" target=\"_blank\" rel=\"nofollow noopener\">Tour de l\u2019Ain<\/a><\/strong>, <strong>Brieuc Rolland<\/strong> revient sur une deuxi\u00e8me journ\u00e9e marqu\u00e9e par de s\u00e9v\u00e8res crampes qui l\u2019ont contraint \u00e0 s\u2019arr\u00eater dans la derni\u00e8re ascension. Une 2e \u00e9tape catastrophique pour la Groupama-FDJ, qui en plus de la d\u00e9ception de <strong>Brieuc Rolland<\/strong>, a perdu toutes chances de bien figuerer au classement g\u00e9n\u00e9ral, avec la chute du maillot jaune <strong>Tom Donnenwirth <\/strong>et la d\u00e9faillance de son leader <strong>David Gaudu<\/strong>. Malgr\u00e9 tout, le Breton reste motiv\u00e9 \u00e0 l\u2019id\u00e9e de briller avant la fin de l\u2019\u00e9preuve et mise sur une strat\u00e9gie collective pour aller la victoire sur cette 3e et ultime \u00e9tape.<\/p>\n<p>Vid\u00e9o &#8211; Brieuc Rolland au d\u00e9part de la 3e \u00e9tape Lire la suite de l&rsquo;article&#13;<\/p>\n<p>\u00a0<\/p>\n<p>&#13;<br \/>\n\u00ab\u00a0J\u2019ai \u00e9t\u00e9 victime de s\u00e9v\u00e8res crampes&#8230;\u00a0\u00bb&#13;<\/p>\n<p><strong>Comment s\u2019est pass\u00e9e la journ\u00e9e d\u2019hier (jeudi) ?<\/strong><\/p>\n<p>&#13;<\/p>\n<p>On est pass\u00e9 par toutes les \u00e9motions. On avait r\u00e9alis\u00e9 une super premi\u00e8re journ\u00e9e, puis hier tout s\u2019est invers\u00e9. L\u2019\u00e9quipe avait fait un excellent boulot pour moi, mais j\u2019ai \u00e9t\u00e9 victime de s\u00e9v\u00e8res crampes en bas de la derni\u00e8re bosse. J\u2019ai carr\u00e9ment d\u00fb m\u2019arr\u00eater, c\u2019est quelque chose qui ne m\u2019\u00e9tait jamais arriv\u00e9.<\/p>\n<p>&#13;<\/p>\n<p>\u00a0<\/p>\n<p>&#13;<\/p>\n<p><strong>La chaleur a jou\u00e9 un r\u00f4le ?<\/strong><\/p>\n<p>&#13;<\/p>\n<p>Oui, clairement. \u00c7a faisait longtemps que je n\u2019avais pas disput\u00e9 une course aussi dure par de telles temp\u00e9ratures. J\u2019\u00e9tais en stage d\u2019altitude, donc ce n\u2019\u00e9tait pas la m\u00eame pr\u00e9paration. Mais on garde le cap : il reste une journ\u00e9e pour remettre les pendules \u00e0 l\u2019heure.<\/p>\n<p>&#13;<\/p>\n<p>\u00a0<\/p>\n<p>&#13;<\/p>\n<p><strong>C\u2019est donc l\u2019objectif aujourd\u2019hui ?<\/strong><\/p>\n<p>&#13;<\/p>\n<p>Exactement. On a encore de belles cartes \u00e0 jouer et on va tout faire pour performer.<\/p>\n<p>&#13;<\/p>\n<p>\u00a0<\/p>\n<p>&#13;<\/p>\n<p><strong>Vous serez la carte du jour ?<\/strong><\/p>\n<p>&#13;<\/p>\n<p>Non, tout le monde a un r\u00f4le \u00e0 jouer. L\u2019id\u00e9e, c\u2019est d\u2019essayer de prendre l\u2019\u00e9chapp\u00e9e. Je pense qu\u2019on aura un sc\u00e9nario similaire aux jours pr\u00e9c\u00e9dents, avec WismaC qui voudra durcir la course.<\/p>\n<p>&#13;<\/p>\n<p>\u00a0<\/p>\n<p>&#13;<\/p>\n<p><strong>Et pour le classement g\u00e9n\u00e9ral ?<\/strong><\/p>\n<p>&#13;<\/p>\n<p>On sera plut\u00f4t sur la d\u00e9fensive. Ce n\u2019est plus vraiment notre bataille. On va jouer l\u2019\u00e9tape et voir comment \u00e7a se passe.<\/p>\n<p>&#13;<\/p>\n<p>\u00a0<\/p>\n<p>&#13;<\/p>\n<p><strong>Votre pronostic pour aujourd\u2019hui ?<\/strong><\/p>\n<p>&#13;<\/p>\n<p>David Gaudu.<\/p>\n","protected":false},"excerpt":{"rendered":"Au d\u00e9part de la 3e \u00e9tape du Tour de l\u2019Ain, Brieuc Rolland revient sur une deuxi\u00e8me journ\u00e9e marqu\u00e9e&hellip;\n","protected":false},"author":2,"featured_media":305307,"comment_status":"","ping_status":"","sticky":false,"template":"","format":"standard","meta":{"footnotes":""},"categories":[1411],"tags":[1154,207,1011,27,209,60,44150,208],"class_list":{"0":"post-305306","1":"post","2":"type-post","3":"status-publish","4":"format-standard","5":"has-post-thumbnail","7":"category-cyclisme","8":"tag-cycling","9":"tag-cyclisme","10":"tag-fr","11":"tag-france","12":"tag-route","13":"tag-sports","14":"tag-tour-de-l","15":"tag-velo"},"share_on_mastodon":{"url":"https:\/\/pubeurope.com\/@fr\/114993715245316097","error":""},"_links":{"self":[{"href":"https:\/\/www.europesays.com\/fr\/wp-json\/wp\/v2\/posts\/305306","targetHints":{"allow":["GET"]}}],"collection":[{"href":"https:\/\/www.europesays.com\/fr\/wp-json\/wp\/v2\/posts"}],"about":[{"href":"https:\/\/www.europesays.com\/fr\/wp-json\/wp\/v2\/types\/post"}],"author":[{"embeddable":true,"href":"https:\/\/www.europesays.com\/fr\/wp-json\/wp\/v2\/users\/2"}],"replies":[{"embeddable":true,"href":"https:\/\/www.europesays.com\/fr\/wp-json\/wp\/v2\/comments?post=305306"}],"version-history":[{"count":0,"href":"https:\/\/www.europesays.com\/fr\/wp-json\/wp\/v2\/posts\/305306\/revisions"}],"wp:featuredmedia":[{"embeddable":true,"href":"https:\/\/www.europesays.com\/fr\/wp-json\/wp\/v2\/media\/305307"}],"wp:attachment":[{"href":"https:\/\/www.europesays.com\/fr\/wp-json\/wp\/v2\/media?parent=305306"}],"wp:term":[{"taxonomy":"category","embeddable":true,"href":"https:\/\/www.europesays.com\/fr\/wp-json\/wp\/v2\/categories?post=305306"},{"taxonomy":"post_tag","embeddable":true,"href":"https:\/\/www.europesays.com\/fr\/wp-json\/wp\/v2\/tags?post=305306"}],"curies":[{"name":"wp","href":"https:\/\/api.w.org\/{rel}","templated":true}]}}