{"id":305312,"date":"2025-08-08T14:55:18","date_gmt":"2025-08-08T14:55:18","guid":{"rendered":"https:\/\/www.europesays.com\/fr\/305312\/"},"modified":"2025-08-08T14:55:18","modified_gmt":"2025-08-08T14:55:18","slug":"dans-ce-village-du-calvados-plus-de-100-personnes-ont-peint-la-fresque-du-stade-municipal","status":"publish","type":"post","link":"https:\/\/www.europesays.com\/fr\/305312\/","title":{"rendered":"Dans ce village du Calvados, plus de 100 personnes ont peint la fresque du stade municipal"},"content":{"rendered":"<p>            Par<br \/>\n        <strong><br \/>\n            <a href=\"https:\/\/actu.fr\/auteur\/redaction-vb\" title=\"Consulter tous les articles de R\u00e9daction La Voix Le Bocage\" rel=\"nofollow noopener\" target=\"_blank\">R\u00e9daction La Voix Le Bocage<\/a><br \/>\n        <\/strong><\/p>\n<p>        Publi\u00e9 le<\/p>\n<p>            7 ao\u00fbt 2025 \u00e0 20h00        <\/p>\n<p>D\u00e9marr\u00e9s le 9 juillet 2025, les travaux ont avanc\u00e9 bon train <b>entre averses et coups de chaud<\/b>.<\/p>\n<p class=\" wall-content\">\u00ab Au d\u00e9part, c\u2019est Pascal Banning, habitant du bourg, \u00e9lu local et tr\u00e8s investi, qui avait eu l\u2019id\u00e9e d\u2019une animation Graff n\u2019 bike associant l\u2019embellissement du mur du stade et la mobilit\u00e9 douce entre <a href=\"https:\/\/actu.fr\/normandie\/vire-normandie_14762\/pollution-leau-du-lac-de-la-dathee-jugee-trop-dangereuse-la-peche-et-les-activites-nautiques-interdites_62983132.html\" rel=\"nofollow noopener\" target=\"_blank\">la base de loisirs de la Dath\u00e9e<\/a>, Saint-Manvieu-Bocage et <a href=\"https:\/\/actu.fr\/normandie\/noues-de-sienne_14658\" rel=\"nofollow noopener\" target=\"_blank\">Saint-Sever-Calvados<\/a>. Son projet avait \u00e9t\u00e9 retard\u00e9 pour des questions administratives et financi\u00e8res. Son d\u00e9c\u00e8s accidentel en juillet 2024 y avait mis en coup d\u2019arr\u00eat \u00bb, explique Alain Legrain, membre de l\u2019association <a href=\"https:\/\/actu.fr\/normandie\/noues-de-sienne_14658\/a-saint-sever-calvados-le-centre-de-loisirs-va-bien-mais-il-faudra-repenser-les-mini-camps_62996093.html\" rel=\"nofollow noopener\" target=\"_blank\">Les Amis La Vache Qui Lit,<\/a> qui a \u00ab en hommage \u00e0 Pascal \u00bb d\u00e9cid\u00e9 de reprendre le projet pour le mener \u00e0 son terme.<\/p>\n<p class=\" wall-content\">Un projet aujourd\u2019hui soutenu par <b>l\u2019Europe <\/b>(via son programme Leader), la municipalit\u00e9 de Noues-de-Sienne, la f\u00e9d\u00e9ration des MJC et la MSA. \u00ab Cette fresque illustre <b>la vie culturelle<\/b>, sportive, cr\u00e9ative au service de la population et c\u2019est un patrimoine mis en valeur \u00bb, commentent Joanne Delberghe et Mathilde Balli\u00e8re, repr\u00e9sentantes Leader au D\u00e9partement.<\/p>\n<p>Un travail interg\u00e9n\u00e9rationnel<\/p>\n<p class=\" wall-content\">Imagin\u00e9e par <a href=\"https:\/\/proteusartconcept.jimdosite.com\/\" rel=\"nofollow noopener\" target=\"_blank\">l\u2019artiste peintre graffeur Proteus Art concept<\/a>, la fresque est un hommage au dynamisme sportif et culturel du territoire M\u00e9v\u00e9en et Noues-de-Siennois, aux habitants, \u00e0 Pascal Banning. L\u2019artiste raconte :\u00a0<\/p>\n<blockquote class=\"ac-article-quote wall-content\">\n<p>Nous avons voulu un travail interg\u00e9n\u00e9rationnel sur cette fresque et \u00e7a a \u00e9t\u00e9 le cas avec des petits peintres \u00e2g\u00e9s de 4-5 ans jusqu\u2019aux r\u00e9sidents de l\u2019Ehpad. Des gens venus du bourg, de Noues-de-Sienne et m\u00eame d\u2019ailleurs. Le but \u00e9tant que les habitants se l\u2019approprient. C\u2019est leur fresque\u00a0<\/p>\n<\/blockquote>\n<p>Vid\u00e9os : en ce moment sur ActuUne inauguration en septembre<\/p>\n<p class=\" wall-content\">La fresque de Saint-Manvieu-Bocage sera <b>inaugur\u00e9e<\/b> le <b>samedi 27 septembre 2025<\/b>, \u00e0 l\u2019occasion d\u2019une journ\u00e9e festive et sportive avec de multiples animations tout au long de la journ\u00e9e. L\u2019id\u00e9e \u00e9tant d\u2019encourager la population \u00e0 utiliser la mobilit\u00e9 douce.<\/p>\n<p class=\" wall-content\">La journ\u00e9e rassemblera de nombreuses <b>associations sportives<\/b> locales pour des d\u00e9monstrations et des jeux ; 6 randonn\u00e9es cyclistes, p\u00e9destres et \u00e0 cheval convergeront vers le stade de Saint-Manvieu au d\u00e9part de Saint-Sever-Calvados, Landelles-et-Coupigny, Annebecq, Champ-du-Boult, La Dath\u00e9e, Mesnil-Clinchamps\u2026 Un <b>grand concert<\/b> de cl\u00f4ture est \u00e9galement pr\u00e9vu.<\/p>\n<p class=\" wall-content\">Suivez toute l\u2019actualit\u00e9 de vos villes et m\u00e9dias favoris en vous inscrivant \u00e0 <a href=\"https:\/\/moncompte.actu.fr\" title=\"D\u00e9couvez Mon Actu\" rel=\"nofollow noopener\" data-trk=\"{&quot;cta&quot;:{&quot;action&quot;:&quot;https:\\\/\\\/moncompte.actu.fr&quot;,&quot;category&quot;:&quot;mon compte&quot;,&quot;from&quot;:&quot;article footer&quot;,&quot;name&quot;:&quot;Mon actu&quot;,&quot;type&quot;:&quot;cta&quot;}}\" target=\"_blank\">Mon Actu<\/a>.<\/p>\n","protected":false},"excerpt":{"rendered":"Par R\u00e9daction La Voix Le Bocage Publi\u00e9 le 7 ao\u00fbt 2025 \u00e0 20h00 D\u00e9marr\u00e9s le 9 juillet 2025,&hellip;\n","protected":false},"author":2,"featured_media":305313,"comment_status":"","ping_status":"","sticky":false,"template":"","format":"standard","meta":{"footnotes":""},"categories":[1358],"tags":[1348,1384,1385,5164,1386,58,59,1011,27,1757,1652],"class_list":{"0":"post-305312","1":"post","2":"type-post","3":"status-publish","4":"format-standard","5":"has-post-thumbnail","7":"category-arts-et-design","8":"tag-arts","9":"tag-arts-and-design","10":"tag-arts-et-design","11":"tag-calvados","12":"tag-design","13":"tag-divertissement","14":"tag-entertainment","15":"tag-fr","16":"tag-france","17":"tag-insolite","18":"tag-loisirs-culture"},"share_on_mastodon":{"url":"https:\/\/pubeurope.com\/@fr\/114993726977276853","error":""},"_links":{"self":[{"href":"https:\/\/www.europesays.com\/fr\/wp-json\/wp\/v2\/posts\/305312","targetHints":{"allow":["GET"]}}],"collection":[{"href":"https:\/\/www.europesays.com\/fr\/wp-json\/wp\/v2\/posts"}],"about":[{"href":"https:\/\/www.europesays.com\/fr\/wp-json\/wp\/v2\/types\/post"}],"author":[{"embeddable":true,"href":"https:\/\/www.europesays.com\/fr\/wp-json\/wp\/v2\/users\/2"}],"replies":[{"embeddable":true,"href":"https:\/\/www.europesays.com\/fr\/wp-json\/wp\/v2\/comments?post=305312"}],"version-history":[{"count":0,"href":"https:\/\/www.europesays.com\/fr\/wp-json\/wp\/v2\/posts\/305312\/revisions"}],"wp:featuredmedia":[{"embeddable":true,"href":"https:\/\/www.europesays.com\/fr\/wp-json\/wp\/v2\/media\/305313"}],"wp:attachment":[{"href":"https:\/\/www.europesays.com\/fr\/wp-json\/wp\/v2\/media?parent=305312"}],"wp:term":[{"taxonomy":"category","embeddable":true,"href":"https:\/\/www.europesays.com\/fr\/wp-json\/wp\/v2\/categories?post=305312"},{"taxonomy":"post_tag","embeddable":true,"href":"https:\/\/www.europesays.com\/fr\/wp-json\/wp\/v2\/tags?post=305312"}],"curies":[{"name":"wp","href":"https:\/\/api.w.org\/{rel}","templated":true}]}}