{"id":305316,"date":"2025-08-08T14:57:10","date_gmt":"2025-08-08T14:57:10","guid":{"rendered":"https:\/\/www.europesays.com\/fr\/305316\/"},"modified":"2025-08-08T14:57:10","modified_gmt":"2025-08-08T14:57:10","slug":"en-direct-aude-apres-un-peu-plus-de-deux-jours-de-lutte-contre-les-flammes-les-services-de-secours-sont-parvenus-a-fixer-le-pire-incendie-depuis-50-ans-sur-le-pourtour-mediterraneen-francais","status":"publish","type":"post","link":"https:\/\/www.europesays.com\/fr\/305316\/","title":{"rendered":"EN DIRECT &#8211; Aude &#8211; Apr\u00e8s un peu plus de deux jours de lutte contre les flammes, les services de secours sont parvenus \u00e0 fixer le pire incendie depuis 50 ans sur le pourtour m\u00e9diterran\u00e9en fran\u00e7ais"},"content":{"rendered":"<p><strong>13h51: Le point sur la situation<\/strong><\/p>\n<p>Dans un paysage couleur cendre, les pompiers, qui ont fix\u00e9 l\u2019incendie g\u00e9ant de l\u2019Aude et esp\u00e8rent l\u2019\u00e9teindre dans les prochains jours, profitent vendredi d\u2019une m\u00e9t\u00e9o favorable, avant une nouvelle hausse des temp\u00e9ratures et un renforcement du vent ce week-end.<\/p>\n<p>\u00ab\u00a0L\u2019\u00e9volution de la m\u00e9t\u00e9o nous est favorable\u00a0\u00bb, a d\u00e9clar\u00e9 vendredi matin \u00e0 la presse le sous-pr\u00e9fet de Narbonne, R\u00e9mi Recio, devant le poste de commandement de Saint-Laurent-de-la-Cabrerisse, un village entour\u00e9 de collines calcin\u00e9es par les flammes, \u00e0 l\u2019exception de quelques vignobles.<\/p>\n<p>M. Recio a not\u00e9 \u00ab\u00a0un affaiblissement du vent\u00a0\u00bb et une humidit\u00e9 qui remonte, favorisant le travail des pompiers qui ont r\u00e9ussi \u00e0 fixer l\u2019incendie jeudi peu avant 20H00.<\/p>\n<p>\u00ab\u00a0Le crachin qui tombe faiblement ce (vendredi) matin est aussi le bienvenu pour (&#8230;) progresser du feu fix\u00e9 vers le feu ma\u00eetris\u00e9\u00a0\u00bb, en s\u2019attaquant aux reprises et aux \u00ab\u00a0points chauds\u00a0\u00bb, a-t-il encore pr\u00e9cis\u00e9.<\/p>\n<p>Cependant, \u00ab\u00a0le ciel bas\u00a0\u00bb, qui rend plus facile le travail des pompiers au sol, est \u00ab\u00a0d\u00e9favorable pour les moyens a\u00e9riens\u00a0\u00bb, a d\u00e9clar\u00e9 le colonel Christophe Magny, \u00e0 la t\u00eate des op\u00e9rations.<\/p>\n<p>Par la suite, la m\u00e9t\u00e9o devrait \u00eatre moins favorable. \u00ab\u00a0L\u2019Aude sera plac\u00e9 en vigilance orange \u00e0 la canicule\u00a0\u00bb, note la pr\u00e9fecture dans un communiqu\u00e9 diffus\u00e9 vendredi matin, une pr\u00e9vision confirm\u00e9e \u00e0 l\u2019AFP \u00e0 la mi-journ\u00e9e par les pompiers audois.<\/p>\n<p>Et, selon M\u00e9t\u00e9o-France, le vent devrait s\u2019intensifier aussi.<\/p>\n<p>\u00ab\u00a0Les pompiers vont faire le maximum, avant le retour de la tramontane\u00a0\u00bb ce week-end, a d\u00e9clar\u00e9 \u00e0 l\u2019AFP la pr\u00e9sidente du conseil d\u00e9partemental de l\u2019Aude, H\u00e9l\u00e8ne Sandragn\u00e9, ajoutant: \u00ab\u00a0C\u2019est un soulagement que le feu soit fix\u00e9 mais une vigilance absolue reste de mise\u00a0\u00bb.<\/p>\n<p>M\u00eame \u00e0 un endroit o\u00f9 les flammes sont d\u00e9j\u00e0 pass\u00e9es, le risque de reprise est encore fort pendant plusieurs jours, confirme \u00e0 l\u2019AFP Anthony Collin, sp\u00e9cialiste des incendies \u00e0 l\u2019Universit\u00e9 de Lorraine.<\/p>\n<p><strong>11h43:\u00a0<\/strong>L\u2019incendie a parcouru 17.000 hectares de v\u00e9g\u00e9tation, dont 13.000 ont br\u00fbl\u00e9, depuis mardi en fin d\u2019apr\u00e8s-midi, selon la s\u00e9curit\u00e9 civile.<\/p>\n<p>Parti vers 16H00 de la commune de Ribaute, \u00e0 une quarantaine de kilom\u00e8tres de Narbonne et de Carcassonne, le sinistre a fait un mort, une femme de 65 ans, et 18 bless\u00e9s: cinq habitants hospitalis\u00e9s, dont un gri\u00e8vement br\u00fbl\u00e9, et 16 sapeurs-pompiers, dont un grave, selon la pr\u00e9fecture.<\/p>\n<p>D\u2019apr\u00e8s les premiers \u00e9l\u00e9ments de l\u2019enqu\u00eate, l\u2019incendie a d\u00e9marr\u00e9 sur le bord d\u2019une route \u00e0 Ribaute, selon la gendarmerie.<\/p>\n<p>Le parquet de Carcassonne a indiqu\u00e9 \u00e0 l\u2019AFP ne pas conna\u00eetre encore son origine.<\/p>\n<p>Les gendarmes font du porte \u00e0 porte \u00e0 Ribaute et dans les communes proches pour rassembler davantage d\u2019\u00e9l\u00e9ments pour l\u2019enqu\u00eate, a constat\u00e9 un photographe de l\u2019AFP.<\/p>\n<p><strong>11h02: Le point sur ce que l&rsquo;on sait<\/strong><\/p>\n<p>Les pompiers, qui ont r\u00e9ussi \u00e0 fixer jeudi soir l\u2019incendie g\u00e9ant qui a caus\u00e9 la mort d\u2019une personne dans l\u2019Aude, peuvent compter vendredi sur une m\u00e9t\u00e9o favorable pour poursuivre leur combat contre les flammes afin de les \u00e9teindre totalement dans quelques jours.<\/p>\n<p>\u00ab\u00a0L\u2019\u00e9volution de la m\u00e9t\u00e9o nous est favorable\u00a0\u00bb, a d\u00e9clar\u00e9 vendredi matin \u00e0 la presse le sous-pr\u00e9fet de Narbonne, R\u00e9mi Recio, soulignant \u00ab\u00a0un affaiblissement du vent\u00a0\u00bb et une humidit\u00e9 qui remonte, favorisant le travail des pompiers.<\/p>\n<p>\u00ab\u00a0Le crachin qui tombe faiblement ce matin est aussi le bienvenu pour (&#8230;) progresser du feu fix\u00e9 vers le feu ma\u00eetris\u00e9\u00a0\u00bb, en s\u2019attaquant aux reprises et aux \u00ab\u00a0points chauds\u00a0\u00bb, a-t-il encore pr\u00e9cis\u00e9 devant le poste de commandement de Saint-Laurent-de-la-Cabrerisse, \u00e0 une trentaine de kilom\u00e8tres de Narbonne.<\/p>\n<p>Cependant, \u00ab\u00a0le ciel bas\u00a0\u00bb, qui rend plus facile le travail des pompiers au sol, est \u00ab\u00a0d\u00e9favorable pour les moyens a\u00e9riens\u00a0\u00bb, a d\u00e9clar\u00e9 de son c\u00f4t\u00e9 le colonel Christophe Magny, \u00e0 la t\u00eate des op\u00e9rations.<\/p>\n<p>Par la suite, samedi, la m\u00e9t\u00e9o pourrait \u00eatre moins favorable: \u00ab\u00a0Le d\u00e9partement de l\u2019Aude sera plac\u00e9 en vigilance orange \u00e0 la canicule du fait de temp\u00e9ratures \u00e9lev\u00e9es\u00a0\u00bb, note la pr\u00e9fecture dans un communiqu\u00e9.<\/p>\n<p>Cet incendie, le plus important depuis au moins 50 ans sur le pourtour m\u00e9diterran\u00e9en fran\u00e7ais, a parcouru 17.000 hectares de v\u00e9g\u00e9tation en un peu plus de 48 heures.<\/p>\n<p>\u00ab\u00a0La mobilisation des sapeurs pompiers restera intense sur le terrain dans les jours \u00e0 venir\u00a0\u00bb, selon la pr\u00e9fecture qui a interdit l\u2019acc\u00e8s aux massifs forestiers audois jusqu\u2019\u00e0 dimanche inclus.<\/p>\n<p>Pour elle, \u00ab\u00a0les axes ferm\u00e9s \u00e0 la circulation restent pour l\u2019essentiel non reconnus et donc potentiellement encore dangereux, notamment du fait de la pr\u00e9sence de c\u00e2bles \u00e9lectriques sur les routes\u00a0\u00bb.<\/p>\n<p>Le pr\u00e9fet de l\u2019Aude, Christian Pouget, avait pr\u00e9cis\u00e9 jeudi que quelque 2.000 personnes \u00e9vacu\u00e9es n\u2019avaient pas encore pu rentrer chez elles.<\/p>\n<p>Jeudi, plusieurs centaines d\u2019entre elles ont encore \u00e9t\u00e9 accueillies dans les salles polyvalentes mises \u00e0 disposition par les communes.<\/p>\n<p>\u00ab\u00a0Des retours se font au cas par cas, mais il est trop t\u00f4t pour envisager une r\u00e9int\u00e9gration compl\u00e8te des habitants\u00a0\u00bb, a indiqu\u00e9 la pr\u00e9fecture vendredi matin.<\/p>\n<p><strong>07h00: Apr\u00e8s un peu plus de deux jours de lutte contre les flammes, les services de secours sont parvenus \u00e0 fixer, hier soir dans l&rsquo;Aude, le pire incendie depuis 50 ans sur le pourtour m\u00e9diterran\u00e9en fran\u00e7ais.<\/strong> Quelque 17 000 hectares de v\u00e9g\u00e9tation ont \u00e9t\u00e9 touch\u00e9s durant ce laps de temps. \u00ab\u00a0Le feu est fix\u00e9\u00a0\u00bb, a d\u00e9clar\u00e9 \u00e0 l&rsquo;AFP Lucie Roesch, secr\u00e9taire g\u00e9n\u00e9rale de la pr\u00e9fecture de l&rsquo;Aude. C&rsquo;est le r\u00e9sultat de \u00ab\u00a0la lutte men\u00e9e depuis le d\u00e9but\u00a0\u00bb, se sont f\u00e9licit\u00e9s les pompiers du d\u00e9partement. \u00ab\u00a0C&rsquo;\u00e9tait un travail classique mais d&rsquo;une ampleur extraordinaire\u00a0\u00bb, ont-ils pr\u00e9cis\u00e9 \u00e0 l&rsquo;AFP.<\/p>\n<p>Parti mardi apr\u00e8s-midi de la commune de Ribaute, \u00e0 une quarantaine de kilom\u00e8tres de Narbonne et de Carcassonne, l&rsquo;incendie a parcouru 17 000 hectares de pin\u00e8de et de garrigue, dont 13 000 br\u00fbl\u00e9s, selon la s\u00e9curit\u00e9 civile.<\/p>\n<p>\u00ab\u00a0La journ\u00e9e a \u00e9t\u00e9 tr\u00e8s largement consacr\u00e9e \u00e0 traiter les foyers qui \u00e9taient encore actifs\u00a0\u00bb, ont indiqu\u00e9 auparavant les pompiers de l&rsquo;Aude. Leur patron, le colonel Christophe Magny, \u00e0 la t\u00eate des op\u00e9rations, avait annonc\u00e9 que \u00ab\u00a0l&rsquo;objectif est de pouvoir fixer\u00a0\u00bb le feu au plus tard en fin de journ\u00e9e.<\/p>\n<p>De son c\u00f4t\u00e9, le pr\u00e9fet de l&rsquo;Aude, Christian Pouget, a expliqu\u00e9 que l&rsquo;incendie ne serait pas \u00ab\u00a0d\u00e9clar\u00e9 \u00e9teint avant plusieurs jours\u00a0\u00bb, ajoutan : \u00ab\u00a0Il y a encore beaucoup de travail.\u00a0\u00bb Jeudi matin, 2 000 foyers \u00e9taient encore priv\u00e9s d&rsquo;\u00e9lectricit\u00e9, a fait savoir Enedis \u00e0 l&rsquo;AFP, indiquant que \u00ab\u00a0la priorit\u00e9 imm\u00e9diate [&#8230;] est d&rsquo;assurer la continuit\u00e9 des services essentiels\u00a0\u00bb, comme l&rsquo;acc\u00e8s \u00e0 l&rsquo;eau ou aux r\u00e9seaux de t\u00e9l\u00e9communications.<\/p>\n<p>\u00ab\u00a0Il faut d&rsquo;abord s\u00e9curiser le r\u00e9seau \u00e9lectrique, dont des poteaux ont br\u00fbl\u00e9\u00a0\u00bb, a expliqu\u00e9 le pr\u00e9fet. Au troisi\u00e8me jour de combat contre le feu, plus de 2 000 pompiers et 500 engins sont rest\u00e9s mobilis\u00e9s jeudi, appuy\u00e9s d&rsquo;un dispositif a\u00e9rien important.<\/p>\n","protected":false},"excerpt":{"rendered":"13h51: Le point sur la situation Dans un paysage couleur cendre, les pompiers, qui ont fix\u00e9 l\u2019incendie g\u00e9ant&hellip;\n","protected":false},"author":2,"featured_media":305317,"comment_status":"","ping_status":"","sticky":false,"template":"","format":"standard","meta":{"footnotes":""},"categories":[1356],"tags":[4086,58,59,1011,27,1310,1311,252,1364],"class_list":{"0":"post-305316","1":"post","2":"type-post","3":"status-publish","4":"format-standard","5":"has-post-thumbnail","7":"category-television","8":"tag-aude","9":"tag-divertissement","10":"tag-entertainment","11":"tag-fr","12":"tag-france","13":"tag-incendie","14":"tag-pompiers","15":"tag-television","16":"tag-tv"},"share_on_mastodon":{"url":"https:\/\/pubeurope.com\/@fr\/114993734846532479","error":""},"_links":{"self":[{"href":"https:\/\/www.europesays.com\/fr\/wp-json\/wp\/v2\/posts\/305316","targetHints":{"allow":["GET"]}}],"collection":[{"href":"https:\/\/www.europesays.com\/fr\/wp-json\/wp\/v2\/posts"}],"about":[{"href":"https:\/\/www.europesays.com\/fr\/wp-json\/wp\/v2\/types\/post"}],"author":[{"embeddable":true,"href":"https:\/\/www.europesays.com\/fr\/wp-json\/wp\/v2\/users\/2"}],"replies":[{"embeddable":true,"href":"https:\/\/www.europesays.com\/fr\/wp-json\/wp\/v2\/comments?post=305316"}],"version-history":[{"count":0,"href":"https:\/\/www.europesays.com\/fr\/wp-json\/wp\/v2\/posts\/305316\/revisions"}],"wp:featuredmedia":[{"embeddable":true,"href":"https:\/\/www.europesays.com\/fr\/wp-json\/wp\/v2\/media\/305317"}],"wp:attachment":[{"href":"https:\/\/www.europesays.com\/fr\/wp-json\/wp\/v2\/media?parent=305316"}],"wp:term":[{"taxonomy":"category","embeddable":true,"href":"https:\/\/www.europesays.com\/fr\/wp-json\/wp\/v2\/categories?post=305316"},{"taxonomy":"post_tag","embeddable":true,"href":"https:\/\/www.europesays.com\/fr\/wp-json\/wp\/v2\/tags?post=305316"}],"curies":[{"name":"wp","href":"https:\/\/api.w.org\/{rel}","templated":true}]}}