{"id":305318,"date":"2025-08-08T14:58:11","date_gmt":"2025-08-08T14:58:11","guid":{"rendered":"https:\/\/www.europesays.com\/fr\/305318\/"},"modified":"2025-08-08T14:58:11","modified_gmt":"2025-08-08T14:58:11","slug":"kelly-clarkson-en-deuil-le-pere-de-ses-enfants-age-seulement-de-48-ans-est-decede","status":"publish","type":"post","link":"https:\/\/www.europesays.com\/fr\/305318\/","title":{"rendered":"Kelly Clarkson en deuil\u00a0: le p\u00e8re de ses enfants, \u00e2g\u00e9 seulement de 48 ans, est d\u00e9c\u00e9d\u00e9"},"content":{"rendered":"<p class=\"ap-StoryElement ap-StoryElement--mb ap-StoryText\">\u00ab\u00a0C&rsquo;est avec une immense tristesse que nous annon\u00e7ons le <b>d\u00e9c\u00e8s de<\/b> <b>Brandon Blackstock<\/b>\u00ab\u00a0. C&rsquo;est par ces mots qu&rsquo;un porte-parole de la famille du producteur am\u00e9ricain a r\u00e9v\u00e9l\u00e9 \u00e0 Page Six le d\u00e9c\u00e8s de l&rsquo;ex-mari de <b>Kelly Clarkson<\/b>. L&rsquo;homme de 48 ans \u00ab\u00a0a courageusement lutt\u00e9 contre le cancer pendant plus de trois ans et s&rsquo;est \u00e9teint paisiblement, entour\u00e9 de sa famille\u00a0\u00bb.<\/p>\n<p class=\"ap-StoryElement ap-StoryElement--mb ap-StoryText\">P\u00e8re de <b>quatre enfants<\/b>, Brandon Blackstock laisse de nombreuses personnes dans le deuil, lui qui s&rsquo;est battu avec acharnement contre un <b>cancer de la peau<\/b>. Apr\u00e8s avoir eu deux premiers enfants d&rsquo;une premi\u00e8re union, il avait accueilli deux autres bambins avec la star de la musique : River Rose n\u00e9e en 2014 et Remington n\u00e9 en 2016. Les deux tourtereaux s&rsquo;\u00e9taient mari\u00e9s avant de divorcer en 2022.<\/p>\n","protected":false},"excerpt":{"rendered":"\u00ab\u00a0C&rsquo;est avec une immense tristesse que nous annon\u00e7ons le d\u00e9c\u00e8s de Brandon Blackstock\u00ab\u00a0. C&rsquo;est par ces mots qu&rsquo;un&hellip;\n","protected":false},"author":2,"featured_media":305319,"comment_status":"","ping_status":"","sticky":false,"template":"","format":"standard","meta":{"footnotes":""},"categories":[1355],"tags":[972,58,59,1011,27,1361,873,973,252],"class_list":{"0":"post-305318","1":"post","2":"type-post","3":"status-publish","4":"format-standard","5":"has-post-thumbnail","7":"category-musique","8":"tag-celebrite","9":"tag-divertissement","10":"tag-entertainment","11":"tag-fr","12":"tag-france","13":"tag-music","14":"tag-musique","15":"tag-people","16":"tag-television"},"share_on_mastodon":{"url":"https:\/\/pubeurope.com\/@fr\/114993738836261059","error":""},"_links":{"self":[{"href":"https:\/\/www.europesays.com\/fr\/wp-json\/wp\/v2\/posts\/305318","targetHints":{"allow":["GET"]}}],"collection":[{"href":"https:\/\/www.europesays.com\/fr\/wp-json\/wp\/v2\/posts"}],"about":[{"href":"https:\/\/www.europesays.com\/fr\/wp-json\/wp\/v2\/types\/post"}],"author":[{"embeddable":true,"href":"https:\/\/www.europesays.com\/fr\/wp-json\/wp\/v2\/users\/2"}],"replies":[{"embeddable":true,"href":"https:\/\/www.europesays.com\/fr\/wp-json\/wp\/v2\/comments?post=305318"}],"version-history":[{"count":0,"href":"https:\/\/www.europesays.com\/fr\/wp-json\/wp\/v2\/posts\/305318\/revisions"}],"wp:featuredmedia":[{"embeddable":true,"href":"https:\/\/www.europesays.com\/fr\/wp-json\/wp\/v2\/media\/305319"}],"wp:attachment":[{"href":"https:\/\/www.europesays.com\/fr\/wp-json\/wp\/v2\/media?parent=305318"}],"wp:term":[{"taxonomy":"category","embeddable":true,"href":"https:\/\/www.europesays.com\/fr\/wp-json\/wp\/v2\/categories?post=305318"},{"taxonomy":"post_tag","embeddable":true,"href":"https:\/\/www.europesays.com\/fr\/wp-json\/wp\/v2\/tags?post=305318"}],"curies":[{"name":"wp","href":"https:\/\/api.w.org\/{rel}","templated":true}]}}