{"id":305320,"date":"2025-08-08T14:59:21","date_gmt":"2025-08-08T14:59:21","guid":{"rendered":"https:\/\/www.europesays.com\/fr\/305320\/"},"modified":"2025-08-08T14:59:21","modified_gmt":"2025-08-08T14:59:21","slug":"le-film-le-plus-polemique-des-annees-2000-va-avoir-deux-suites-que-personne-nattendait","status":"publish","type":"post","link":"https:\/\/www.europesays.com\/fr\/305320\/","title":{"rendered":"Le film le plus pol\u00e9mique des ann\u00e9es 2000 va avoir deux suites que personne n\u2019attendait"},"content":{"rendered":"<p>L&rsquo;un des films le plus pol\u00e9mique des ann\u00e9es 2000 revient prochainement sur grand \u00e9cran avec une suite en deux parties. Les dates de sorties au cin\u00e9ma n&rsquo;ont d&rsquo;ailleurs pas \u00e9t\u00e9 choisies par hasard, ce qui pourrait bien faire du bruit \u00e0 ce moment-l\u00e0&#8230; De son c\u00f4t\u00e9, le r\u00e9alisateur a d\u00e9crit cette suite comme un \u00ab\u00a0trip sous acide\u00a0\u00bb.<\/p>\n<p>C&rsquo;est en 2004 que <a href=\"https:\/\/www.programme-tv.net\/news\/cinema\/200132-jim-caviezel-retrouve-mel-gibson-pour-la-suite-de-la-passion-du-christ\/\" data-api-deeplink=\"teleloisirs:\/\/news\/200132\" target=\"_blank\" rel=\"noopener\">Jim Caviezel a interpr\u00e9t\u00e9 J\u00e9sus de Nazareth <\/a>dans le film de Mel Gibson, La Passion du Christ. <a href=\"https:\/\/www.programme-tv.net\/news\/people\/93800-brad-pitt-clashe-mel-gibson-et-compare-sa-passion-du-christ-a-de-la-propagande-scientologue\/\" data-api-deeplink=\"teleloisirs:\/\/news\/93800\" target=\"_blank\" rel=\"noopener\">Un film qui avait fait pol\u00e9mique au moment de sa sortie<\/a>, et pour cause : certains sp\u00e9cialistes du christianisme y voyaient de nombreuses impr\u00e9cisions historiques tournant parfois au ridicule. Le long-m\u00e9trage, parfois consid\u00e9r\u00e9 comme un appel \u00e0 la haine, est \u00e9galement tax\u00e9 d&rsquo;antis\u00e9mitisme par certaines organisations juives. Tourn\u00e9 en latin et en aram\u00e9en, La Passion du Christ montrait par ailleurs dans les moindres d\u00e9tails les tortures inflig\u00e9es \u00e0 J\u00e9sus ce qui, \u00e0 sa sortie, semblait pour beaucoup de la violence superflue. Avant m\u00eame le d\u00e9but du tournage, le sc\u00e9nario est d&rsquo;ailleurs l\u2019objet de vives critiques. En effet, aucun studio ne souhaite investir dans ce projet en raison du potentiel pol\u00e9mique. Le r\u00e9alisateur y consacrera alors 30 millions de sa fortune personnelle. Sur le plateau du Grand Journal en 2010, <a href=\"https:\/\/www.programme-tv.net\/news\/cinema\/354724-ces-propos-scandaleux-et-antisemites-de-mel-gibson-apres-son-arrestation-en-etat-divresse-qui-ont-signe-son-divorce-et-son-retrait-dhollywood\/\" data-api-deeplink=\"teleloisirs:\/\/news\/354724\" target=\"_blank\" rel=\"noopener\">Mel Gibson, qui a par la suite tenu des propos antis\u00e9mites<\/a>, avouait \u00eatre \u00ab\u00a0surpris par les pol\u00e9miques\u00a0\u00bb. Malgr\u00e9 tout, le succ\u00e8s du film \u00e0 travers le monde est ind\u00e9niable&#8230; En France, La Passion du Christ r\u00e9unit 1.7 million de spectateurs. Avec un budget de 30 millions de dollars, il a engendr\u00e9 610 millions de dollars de recettes mondiales. Le film a enfin \u00e9t\u00e9 nomm\u00e9 aux Oscars dans les cat\u00e9gories meilleur maquillage, meilleure photographie et meilleure musique originale.<\/p>\n<p>                        Une suite de La Passion du Christ en deux parties pr\u00e9vue \u00e0 des dates qui n&rsquo;ont pas \u00e9t\u00e9 choisies au hasard<\/p>\n<p><a href=\"https:\/\/www.programme-tv.net\/news\/cinema\/93139-mel-gibson-veut-ressusciter-jesus-dans-une-suite-de-la-passion-du-christ\/\" data-api-deeplink=\"teleloisirs:\/\/news\/93139\" target=\"_blank\" rel=\"noopener\">Plus de vingt ans apr\u00e8s le succ\u00e8s de son film, Mel Gibson a d\u00e9cid\u00e9 de r\u00e9it\u00e9rer.<\/a> D&rsquo;apr\u00e8s les informations de <a href=\"https:\/\/variety.com\/2025\/film\/news\/mel-gibson-passion-of-the-christ-sequel-two-movies-release-dates-1236479105\/\" target=\"_blank\" rel=\"noopener\">Variety<\/a>, une suite de La Passion du Christ en deux parties doit voir le jour et serait intitul\u00e9e La R\u00e9surrection du Christ. Les dates de sortie n&rsquo;ont d&rsquo;ailleurs pas \u00e9t\u00e9 choisies au hasard. La premi\u00e8re est pr\u00e9vue pour le 26 mars 2027, soit le jour du Vendredi saint. Quant \u00e0 la deuxi\u00e8me partie, elle est pr\u00e9vue pour le 6 mai 2027, qui n&rsquo;est autre que le jour de l&rsquo;Ascension. Deux dates tr\u00e8s importantes pour la communaut\u00e9 catholique. Avec Randall Wallace, Mel Gibson a ainsi \u00e9crit deux versions de cette suite. \u00ab\u00a0J&rsquo;ai deux scripts, l&rsquo;un est tr\u00e8s structur\u00e9 et tr\u00e8s solide, plus proche de ce \u00e0 quoi on s&rsquo;attend. Et l&rsquo;autre est comme un trip sous acide parce que vous allez dans d&rsquo;autres royaumes. Je veux dire que vous \u00eates en enfer. C&rsquo;est comme si vous regardiez les anges tomber. C&rsquo;est compl\u00e8tement fou\u00a0\u00bb, a ainsi d\u00e9clar\u00e9 l&rsquo;acteur et r\u00e9alisateur.<\/p>\n<p>            Pour Jim Caviezel, cette suite sera \u00ab\u00a0le plus grand film de l&rsquo;Histoire\u00a0\u00bb<\/p>\n<p>Alors qu&rsquo;il \u00e9tait en pleine promotion de Sound of Freedom &#8211; autre film tr\u00e8s controvers\u00e9 &#8211; en 2023, Jim Caviezel a fait quelques confidences sur la suite de La Passion du Christ et il affirme que \u00e7a sera \u00ab\u00a0le plus grand film de l&rsquo;Histoire\u00a0\u00bb. Il a ensuite ajout\u00e9 : \u00ab\u00a0Mel [Gibson] m&rsquo;a fait voir toutes les sc\u00e8nes et \u00e7a m&rsquo;a beaucoup \u00e9mu. Ce sera l&rsquo;une des meilleures choses que vous ayez jamais vues.\u00a0\u00bb<\/p>\n<p>Article \u00e9crit avec la collaboration de 6m\u00e9dias.<\/p>\n","protected":false},"excerpt":{"rendered":"L&rsquo;un des films le plus pol\u00e9mique des ann\u00e9es 2000 revient prochainement sur grand \u00e9cran avec une suite en&hellip;\n","protected":false},"author":2,"featured_media":305321,"comment_status":"","ping_status":"","sticky":false,"template":"","format":"standard","meta":{"footnotes":""},"categories":[1354],"tags":[244,58,59,2081,1346,1011,27,44523,44522,44281,1360,36266,4581,5104,4582,44524],"class_list":{"0":"post-305320","1":"post","2":"type-post","3":"status-publish","4":"format-standard","5":"has-post-thumbnail","7":"category-films","8":"tag-commentaire","9":"tag-divertissement","10":"tag-entertainment","11":"tag-film","12":"tag-films","13":"tag-fr","14":"tag-france","15":"tag-guid_6174662833001","16":"tag-jim-caviezel","17":"tag-mel-gibson","18":"tag-movies","19":"tag-sorties-cinu00e9ma","20":"tag-story","21":"tag-suite","22":"tag-tel","23":"tag-uuid_f91e0832-2e51-4ff6-b650-a9f3b5e4010c"},"share_on_mastodon":{"url":"https:\/\/pubeurope.com\/@fr\/114993742801867349","error":""},"_links":{"self":[{"href":"https:\/\/www.europesays.com\/fr\/wp-json\/wp\/v2\/posts\/305320","targetHints":{"allow":["GET"]}}],"collection":[{"href":"https:\/\/www.europesays.com\/fr\/wp-json\/wp\/v2\/posts"}],"about":[{"href":"https:\/\/www.europesays.com\/fr\/wp-json\/wp\/v2\/types\/post"}],"author":[{"embeddable":true,"href":"https:\/\/www.europesays.com\/fr\/wp-json\/wp\/v2\/users\/2"}],"replies":[{"embeddable":true,"href":"https:\/\/www.europesays.com\/fr\/wp-json\/wp\/v2\/comments?post=305320"}],"version-history":[{"count":0,"href":"https:\/\/www.europesays.com\/fr\/wp-json\/wp\/v2\/posts\/305320\/revisions"}],"wp:featuredmedia":[{"embeddable":true,"href":"https:\/\/www.europesays.com\/fr\/wp-json\/wp\/v2\/media\/305321"}],"wp:attachment":[{"href":"https:\/\/www.europesays.com\/fr\/wp-json\/wp\/v2\/media?parent=305320"}],"wp:term":[{"taxonomy":"category","embeddable":true,"href":"https:\/\/www.europesays.com\/fr\/wp-json\/wp\/v2\/categories?post=305320"},{"taxonomy":"post_tag","embeddable":true,"href":"https:\/\/www.europesays.com\/fr\/wp-json\/wp\/v2\/tags?post=305320"}],"curies":[{"name":"wp","href":"https:\/\/api.w.org\/{rel}","templated":true}]}}