{"id":305324,"date":"2025-08-08T15:01:10","date_gmt":"2025-08-08T15:01:10","guid":{"rendered":"https:\/\/www.europesays.com\/fr\/305324\/"},"modified":"2025-08-08T15:01:10","modified_gmt":"2025-08-08T15:01:10","slug":"mercato-psg-accord-trouve-avec-bournemouth-pour-le-transfert-dillya-zabarnyi","status":"publish","type":"post","link":"https:\/\/www.europesays.com\/fr\/305324\/","title":{"rendered":"Mercato\u00a0PSG\u00a0: accord trouv\u00e9 avec Bournemouth pour le transfert d\u2019Illya Zabarnyi"},"content":{"rendered":"<p class=\"paragraph text_align_left lp-f-body-02\">La fin du feuilleton est proche. En passe d\u2019officialiser la signature en provenance de Lille de son nouveau gardien Lucas Chevalier, le Paris Saint-Germain est \u00e9galement sur le point de finaliser un autre dossier. <a href=\"https:\/\/www.leparisien.fr\/sports\/football\/psg\/mercato-psg-apres-lucas-chevalier-paris-veut-conclure-le-dossier-zabarnyi-07-08-2025-JFXM4DEKM5FAFGH75RZH5FLYWA.php\" target=\"_blank\" rel=\"noreferrer nofollow noopener\">Comme indiqu\u00e9 jeudi dans les colonnes du Parisien,<\/a> le d\u00e9fenseur central de Bournemouth Illya Zabarnyi devrait prochainement rejoindre l\u2019effectif de Luis Enrique pour un contrat de cinq ans.<\/p>\n<p class=\"paragraph text_align_left lp-f-body-02\">Selon des informations du journaliste anglais Ben Jacobs que nous pouvons confirmer, le club de la capitale a enfin trouv\u00e9 un accord de principe avec les Cherries pour l\u2019international ukrainien (47 s\u00e9lections).<\/p>\n<p class=\"paragraph text_align_left lp-f-body-02\">Le joueur de 22 ans va pouvoir s\u2019envoler rapidement pour <a href=\"https:\/\/www.leparisien.fr\/sports\/football\/psg\/\" target=\"_blank\" rel=\"noreferrer nofollow noopener\">Paris<\/a>, une fois les derniers d\u00e9tails finalis\u00e9s entre les deux clubs, ce qui ne serait qu\u2019une question d\u2019heures. Le montant du transfert avoisine les 66 millions d\u2019euros, bonus compris.<\/p>\n<p class=\"paragraph text_align_left lp-f-body-02\">Le mercato du PSG est vraiment lanc\u00e9 depuis deux jours. Apr\u00e8s plusieurs semaines de discussion, les transferts de Lucas Chevalier et Illya Zabarnyi se concr\u00e9tisent, sans toutefois que leur prix initial n\u2019ait vraiment baiss\u00e9. Pour ses deux nouvelles recrues, Paris va d\u00e9bourser plus de 100 M\u20ac.<\/p>\n<p class=\"paragraph text_align_left lp-f-body-02\">Identifi\u00e9 depuis plusieurs semaines comme le d\u00e9fenseur central qu\u2019il faut pour renforcer l\u2019\u00e9quipe et soulager Marquinhos axe droit, l\u2019international ukrainien de 22 ans (47 s\u00e9lections) s\u2019\u00e9tait mis d\u2019accord depuis longtemps avec le PSG qu\u2019il voulait absolument rejoindre. <\/p>\n<p class=\"paragraph text_align_left lp-f-body-02\">Les n\u00e9gociations entre les deux clubs ont pris du temps malgr\u00e9 des positions relativement proches d\u00e8s le d\u00e9but sur la base d\u2019un transfert sup\u00e9rieur \u00e0 60 millions d\u2019euros.<\/p>\n","protected":false},"excerpt":{"rendered":"La fin du feuilleton est proche. En passe d\u2019officialiser la signature en provenance de Lille de son nouveau&hellip;\n","protected":false},"author":2,"featured_media":305325,"comment_status":"","ping_status":"","sticky":false,"template":"","format":"standard","meta":{"footnotes":""},"categories":[9],"tags":[63,1011,27,93,60],"class_list":{"0":"post-305324","1":"post","2":"type-post","3":"status-publish","4":"format-standard","5":"has-post-thumbnail","7":"category-sports","8":"tag-football","9":"tag-fr","10":"tag-france","11":"tag-psg","12":"tag-sports"},"share_on_mastodon":{"url":"https:\/\/pubeurope.com\/@fr\/114993750817961151","error":""},"_links":{"self":[{"href":"https:\/\/www.europesays.com\/fr\/wp-json\/wp\/v2\/posts\/305324","targetHints":{"allow":["GET"]}}],"collection":[{"href":"https:\/\/www.europesays.com\/fr\/wp-json\/wp\/v2\/posts"}],"about":[{"href":"https:\/\/www.europesays.com\/fr\/wp-json\/wp\/v2\/types\/post"}],"author":[{"embeddable":true,"href":"https:\/\/www.europesays.com\/fr\/wp-json\/wp\/v2\/users\/2"}],"replies":[{"embeddable":true,"href":"https:\/\/www.europesays.com\/fr\/wp-json\/wp\/v2\/comments?post=305324"}],"version-history":[{"count":0,"href":"https:\/\/www.europesays.com\/fr\/wp-json\/wp\/v2\/posts\/305324\/revisions"}],"wp:featuredmedia":[{"embeddable":true,"href":"https:\/\/www.europesays.com\/fr\/wp-json\/wp\/v2\/media\/305325"}],"wp:attachment":[{"href":"https:\/\/www.europesays.com\/fr\/wp-json\/wp\/v2\/media?parent=305324"}],"wp:term":[{"taxonomy":"category","embeddable":true,"href":"https:\/\/www.europesays.com\/fr\/wp-json\/wp\/v2\/categories?post=305324"},{"taxonomy":"post_tag","embeddable":true,"href":"https:\/\/www.europesays.com\/fr\/wp-json\/wp\/v2\/tags?post=305324"}],"curies":[{"name":"wp","href":"https:\/\/api.w.org\/{rel}","templated":true}]}}