{"id":305326,"date":"2025-08-08T15:02:09","date_gmt":"2025-08-08T15:02:09","guid":{"rendered":"https:\/\/www.europesays.com\/fr\/305326\/"},"modified":"2025-08-08T15:02:09","modified_gmt":"2025-08-08T15:02:09","slug":"quest-devenue-lemblematique-ford-gran-torino-rouge-et-blanche-de-la-serie","status":"publish","type":"post","link":"https:\/\/www.europesays.com\/fr\/305326\/","title":{"rendered":"qu\u2019est devenue l\u2019embl\u00e9matique Ford Gran Torino rouge et blanche de la s\u00e9rie ?"},"content":{"rendered":"<p>Cinquante ans apr\u00e8s le lancement de la s\u00e9rie polici\u00e8re aux \u00c9tats-Unis, quelques rares exemplaires de la voiture des com\u00e9diens Paul Michael Glaser et David Soul existent encore. Nous les avons retrouv\u00e9s.<\/p>\n<p class=\"fig-paragraph\">Dans les ann\u00e9es 70 et 80,\u00a0<a href=\"https:\/\/tvmag.lefigaro.fr\/programme-tv\/programme\/starsky-et-hutch-f2133999188\" target=\"_blank\" rel=\"noopener\" data-gtm-custom-categorie=\"navigation\" data-gtm-custom-action=\"crossclick\" data-gtm-custom-label=\"Contextuel\" data-gtm-event=\"customEventSPE\"><strong>Starsky et Hutch<\/strong> <\/a>\u00a0faisait partie des s\u00e9ries en vogue \u00e0 la t\u00e9l\u00e9vision. Diffus\u00e9es entre 1975 et 1979 aux \u00c9tats-Unis, sur ABC, les aventures des deux flics de la ville fictive de Bay City en Californie ont passionn\u00e9 des millions de t\u00e9l\u00e9spectateurs \u00e0 travers le monde. D\u00e8s juin 1978, TF1 avait \u00e9coul\u00e9 les 94 \u00e9pisodes les dimanches en d\u00e9but d\u2019apr\u00e8s-midi. Outre les com\u00e9diens <strong>Paul Michael Glaser<\/strong> (Starsky) et <strong>David Soul<\/strong> (Hutch), l\u2019autre star du programme \u00e9tait la voiture rouge \u00e0 bande blanche utilis\u00e9e par les deux h\u00e9ros\u00a0: une <strong>Ford Gran Torino 1976<\/strong> customis\u00e9e par\u00a0<a href=\"https:\/\/www.lefigaro.fr\/cinema\/2015\/11\/07\/03002-20151107ARTFIG00057-le-createur-de-la-batmobile-george-barris-est-mort.php\" target=\"_blank\" data-fig-type=\"Article\" rel=\"noopener\" data-gtm-custom-categorie=\"navigation\" data-gtm-custom-action=\"crossclick\" data-gtm-custom-label=\"Contextuel\" data-gtm-event=\"customEventSPE\" data-fig-domain=\"LEFIGARO\">George Barris<\/a>\u00a0devenue culte et embl\u00e9matique de la s\u00e9rie.<\/p>\n<p class=\"fig-paragraph\">D\u00e8s le premier \u00e9pisode, l\u2019automobile est un th\u00e8me central des \u00e9changes entre Starsky et Hutch. \u00ab Alors, on prend quelle voiture\u00a0?\u00a0\u00bb, demande le premier. \u00ab La mienne ou je rentre \u00e0 pied\u00a0\u00bb, lui r\u00e9pond le second. \u00ab C\u2019est une voiture sport\u00a0! Tu la trouves bien la tienne avec une couleur pareille\u00a0? On dirait une voiture de vieille dame\u00a0\u00bb, le chambre Starsky. L\u2019un et l\u2019autre patrouillent ensemble dans leur propre quatre roues mais ont des go\u00fbts diam\u00e9tralement oppos\u00e9s. Si Starsky appr\u00e9cie la singularit\u00e9 de son puissant v\u00e9hicule rouge flamboyant, Hutch pr\u00e9f\u00e8re la discr\u00e9tion de sa vieille Ford Galaxie 500 de 1973 \u00e0 la carrosserie beige terne et imparfaite.<\/p>\n<p class=\"fig-body-link\">\n            \u00c0 lire aussi<br \/>\n        <a class=\"fig-body-link__link\" href=\"http:\/\/tvmag.lefigaro.fr\/programme-tv\/series\/columbo-nous-avons-retrouve-la-legendaire-peugeot-403-de-peter-falk-et-elle-est-a-vendre-20230623\" target=\"_blank\" data-fig-type=\"Article\" rel=\"noopener\" data-gtm-custom-categorie=\"navigation\" data-gtm-custom-action=\"crossclick\" data-gtm-custom-label=\"Contextuel\" data-gtm-event=\"customEventSPE\" data-fig-domain=\"TVMAG\">Columbo : nous avons retrouv\u00e9 la l\u00e9gendaire Peugeot 403 de Peter Falk et elle est \u00e0 vendre\u00a0!<br \/>\n    <\/a>\n<\/p>\n<p>                                    <a class=\"fig-a11y-skip a11y-hidden\" href=\"#fig-a11y-skip-main-inarticle\"><br \/>\n        Passer la publicit\u00e9<br \/>\n    <\/a><\/p>\n<p>Trois Ford Gran Torino de Starsky et Hutch encore existantes\u00a0?<\/p>\n<p class=\"fig-paragraph\">Le nombre exact de Ford Gran Torino 1976 utilis\u00e9es pour l\u2019ensemble des tournages de la s\u00e9rie oscille de deux \u00e0 dix selon les sources. Pr\u00e8s de 50 ans plus tard, retrouver les v\u00e9hicules \u00e9tant v\u00e9ritablement pass\u00e9s entre les mains de Paul Michael Glaser et\u00a0<a href=\"http:\/\/tvmag.lefigaro.fr\/programme-tv\/people\/david-soul-starsky-hutch-est-decede-a-80-ans-20240105\" target=\"_blank\" data-fig-type=\"Article\" rel=\"noopener\" data-gtm-custom-categorie=\"navigation\" data-gtm-custom-action=\"crossclick\" data-gtm-custom-label=\"Contextuel\" data-gtm-event=\"customEventSPE\" data-fig-domain=\"TVMAG\">David Soul<\/a>\u00a0s\u2019av\u00e8re difficile. Entre les mod\u00e8les transform\u00e9s \u00e0 l\u2019identique par des passionn\u00e9s de Starsky et Hutch et le millier de r\u00e9pliques produit par le constructeur comme une \u00e9dition sp\u00e9ciale, l\u2019identification n\u00e9cessite un long travail d\u2019observation. Lors du tournage de\u00a0<a href=\"https:\/\/tvmag.lefigaro.fr\/programme-tv\/le-film-a-voir-ce-soir-starsky-hutch_ceb4b39e-bdc7-11e9-a854-65fc7b7e535e\" target=\"_blank\" data-fig-type=\"Article\" rel=\"noopener\" data-gtm-custom-categorie=\"navigation\" data-gtm-custom-action=\"crossclick\" data-gtm-custom-label=\"Contextuel\" data-gtm-event=\"customEventSPE\" data-fig-domain=\"TVMAG\">l\u2019adaptation cin\u00e9matographique de la s\u00e9rie en 2004<\/a>, aucun des exemplaires originaux encore existant n\u2019avait \u00e9t\u00e9 utilis\u00e9.<\/p>\n<p class=\"fig-paragraph\">Entre mars 2022 et f\u00e9vrier 2023, l\u2019un d\u2019entre eux a \u00e9t\u00e9 expos\u00e9 au mus\u00e9e automobile Petersen \u00e0 Los Angeles dans le cadre de l\u2019exposition \u00ab Hollywood Dream Machines\u00a0\u00bb. \u00ab Cette voiture est l\u2019une des trois Gran Torino encore existantes utilis\u00e9es dans la s\u00e9rie entre 1975 et 1979, assuraient les exposants dans leur descriptif. Connu sous le nom de \u201cVoiture num\u00e9ro 1\u201d, ce v\u00e9hicule a \u00e9t\u00e9 command\u00e9 par Spelling Goldberg Productions via le programme de pr\u00eat de voitures Studio-TV de Ford Motor Company. Une cam\u00e9ra lat\u00e9rale d\u2019origine, utilis\u00e9e pour filmer les acteurs Paul Michael Glaser et David Soul des saisons 2 \u00e0 4, y est toujours accroch\u00e9e. Des autographes des acteurs et d\u2019autres membres de la distribution et de l\u2019\u00e9quipe figurent sur les appuie-t\u00eate et d\u2019autres \u00e9l\u00e9ments de la voiture.\u00a0\u00bb<\/p>\n<p class=\"fig-body-link\">\n            \u00c0 lire aussi<br \/>\n        <a class=\"fig-body-link__link\" href=\"http:\/\/tvmag.lefigaro.fr\/programme-tv\/series\/qu-est-devenue-la-legendaire-voiture-de-david-hasselhoff-dans-k2000-nous-l-avons-retrouvee-20230925\" target=\"_blank\" data-fig-type=\"Article\" rel=\"noopener\" data-gtm-custom-categorie=\"navigation\" data-gtm-custom-action=\"crossclick\" data-gtm-custom-label=\"Contextuel\" data-gtm-event=\"customEventSPE\" data-fig-domain=\"TVMAG\">Qu\u2019est devenue la l\u00e9gendaire voiture de David Hasselhoff dans K2000 ? Nous l\u2019avons retrouv\u00e9e\u00a0!<br \/>\n    <\/a>\n<\/p>\n<p>Entre 30.000 et 95.000 euros pour la voiture de Starsky et Hutch<\/p>\n<p class=\"fig-paragraph\">En mai 2021 \u00e0 Pittsburgh, un des mod\u00e8les de la s\u00e9rie avait \u00e9t\u00e9 vendu par l\u2019entreprise\u00a0<a href=\"https:\/\/maxmotive.com\/vehicle\/1976-ford-gran-torino-u0303\/\" target=\"_blank\" rel=\"sponsored noopener\" data-gtm-custom-categorie=\"navigation\" data-gtm-custom-action=\"crossclick\" data-gtm-custom-label=\"Contextuel\" data-gtm-event=\"customEventSPE\">Maxmotive<\/a>\u00a0avec un prix de r\u00e9serve fix\u00e9 \u00e0 109.300 dollars. Le Ford Gran Torino 1976 \u00e9tait accompagn\u00e9 d\u2019un certificat d\u2019authenticit\u00e9 de Spelling Goldberg, producteurs de la s\u00e9rie, tandis que les pare-soleil \u00e9taient d\u00e9dicac\u00e9s par Paul Michael Glaser et David Soul. \u00ab Nous avions achet\u00e9 cette voiture pour notre collection et mon fr\u00e8re a finalement d\u00e9cid\u00e9 de la revendre\u00a0\u00bb, nous a expliqu\u00e9 Bob Maxwell. Le 23 mai 2024 \u00e0 Northlake, au Texas, ce m\u00eame exemplaire a chang\u00e9 de propri\u00e9taire apr\u00e8s une vente aux ench\u00e8res conclue par\u00a0<a href=\"https:\/\/bringatrailer.com\/listing\/1976-ford-gran-torino-6\/\" target=\"_blank\" rel=\"sponsored noopener\" data-gtm-custom-categorie=\"navigation\" data-gtm-custom-action=\"crossclick\" data-gtm-custom-label=\"Contextuel\" data-gtm-event=\"customEventSPE\">une offre de 50.900 dollars<\/a>.<\/p>\n<p class=\"fig-paragraph\">En France, en d\u00e9cembre 2010, un passionn\u00e9 de\u00a0<a href=\"https:\/\/tvmag.lefigaro.fr\/programme-tv\/quatre-choses-a-savoir-sur-starsky-et-hutch-la-serie-culte-de-retour-sur-paramount-channel_3ef12014-7457-11ec-893c-114475b2cb06\" target=\"_blank\" data-fig-type=\"Article\" rel=\"noopener\" data-gtm-custom-categorie=\"navigation\" data-gtm-custom-action=\"crossclick\" data-gtm-custom-label=\"Contextuel\" data-gtm-event=\"customEventSPE\" data-fig-domain=\"TVMAG\">Starsky et Hutch<\/a> \u00a0a acquis un des mod\u00e8les ayant servi aux tournages pour 7000 euros. Un montant auquel il a ajout\u00e9 10.000 euros de frais de r\u00e9parations. \u00ab La voiture \u00e9tait en tr\u00e8s mauvais \u00e9tat et ne roulait pas. Le vendeur ne savait pas trop ce qu\u2019il allait en faire. Je l\u2019ai litt\u00e9ralement harcel\u00e9\u00a0\u00bb,\u00a0<a href=\"https:\/\/tvmag.lefigaro.fr\/programme-tv\/article\/television\/63991\/la-voiture-de-starsky-et-hutch-dans-l-ain.html\" target=\"_blank\" data-fig-type=\"Article\" rel=\"noopener\" data-gtm-custom-categorie=\"navigation\" data-gtm-custom-action=\"crossclick\" data-gtm-custom-label=\"Contextuel\" data-gtm-event=\"customEventSPE\" data-fig-domain=\"TVMAG\">avait racont\u00e9 Jean-Louis Chazet-Chavy \u00e0 nos confr\u00e8res du Progr\u00e8s<\/a> . La voiture, d\u00e9dicac\u00e9e par les deux com\u00e9diens am\u00e9ricains, appartenait \u00e0 un collectionneur du nord de la France qui l\u2019avait fait venir de Los Angeles. Apr\u00e8s sa remise en \u00e9tat, elle a \u00e9t\u00e9 estim\u00e9e par un expert \u00e0 30.000 euros.<\/p>\n","protected":false},"excerpt":{"rendered":"Cinquante ans apr\u00e8s le lancement de la s\u00e9rie polici\u00e8re aux \u00c9tats-Unis, quelques rares exemplaires de la voiture des&hellip;\n","protected":false},"author":2,"featured_media":305327,"comment_status":"","ping_status":"","sticky":false,"template":"","format":"standard","meta":{"footnotes":""},"categories":[8],"tags":[58,59,20722,1011,27,521,4752],"class_list":{"0":"post-305326","1":"post","2":"type-post","3":"status-publish","4":"format-standard","5":"has-post-thumbnail","7":"category-divertissement","8":"tag-divertissement","9":"tag-entertainment","10":"tag-ford","11":"tag-fr","12":"tag-france","13":"tag-serie","14":"tag-voiture"},"share_on_mastodon":{"url":"https:\/\/pubeurope.com\/@fr\/114993754638194862","error":""},"_links":{"self":[{"href":"https:\/\/www.europesays.com\/fr\/wp-json\/wp\/v2\/posts\/305326","targetHints":{"allow":["GET"]}}],"collection":[{"href":"https:\/\/www.europesays.com\/fr\/wp-json\/wp\/v2\/posts"}],"about":[{"href":"https:\/\/www.europesays.com\/fr\/wp-json\/wp\/v2\/types\/post"}],"author":[{"embeddable":true,"href":"https:\/\/www.europesays.com\/fr\/wp-json\/wp\/v2\/users\/2"}],"replies":[{"embeddable":true,"href":"https:\/\/www.europesays.com\/fr\/wp-json\/wp\/v2\/comments?post=305326"}],"version-history":[{"count":0,"href":"https:\/\/www.europesays.com\/fr\/wp-json\/wp\/v2\/posts\/305326\/revisions"}],"wp:featuredmedia":[{"embeddable":true,"href":"https:\/\/www.europesays.com\/fr\/wp-json\/wp\/v2\/media\/305327"}],"wp:attachment":[{"href":"https:\/\/www.europesays.com\/fr\/wp-json\/wp\/v2\/media?parent=305326"}],"wp:term":[{"taxonomy":"category","embeddable":true,"href":"https:\/\/www.europesays.com\/fr\/wp-json\/wp\/v2\/categories?post=305326"},{"taxonomy":"post_tag","embeddable":true,"href":"https:\/\/www.europesays.com\/fr\/wp-json\/wp\/v2\/tags?post=305326"}],"curies":[{"name":"wp","href":"https:\/\/api.w.org\/{rel}","templated":true}]}}