{"id":305332,"date":"2025-08-08T15:05:10","date_gmt":"2025-08-08T15:05:10","guid":{"rendered":"https:\/\/www.europesays.com\/fr\/305332\/"},"modified":"2025-08-08T15:05:10","modified_gmt":"2025-08-08T15:05:10","slug":"le-plan-de-benjamin-netanyahu-pour-controler-gaza-provoque-lindignation-mondiale","status":"publish","type":"post","link":"https:\/\/www.europesays.com\/fr\/305332\/","title":{"rendered":"le plan de Benjamin Netanyahu pour \u00ab\u00a0contr\u00f4ler\u00a0\u00bb Gaza provoque l\u2019indignation mondiale"},"content":{"rendered":"<p>        <img decoding=\"async\" loading=\"lazy\" src=\"https:\/\/www.europesays.com\/fr\/wp-content\/uploads\/2025\/08\/fa42098_upload-1-7itdat7241nx-afp-20250729-ar-250727isrpmnetanyahu403-v1-highres-israelspmbenjaminne.jpeg\"  width=\"728\" height=\"409\" alt=\"Le Premier ministre Benjamin Netanyahu a r\u00e9v\u00e9l\u00e9 son plan pour prendre le contr\u00f4le de Gaza.\"\/>  <\/p>\n<p>YOMIURI SHIMBUN \/ The Yomiuri Shimbun via AFP<\/p>\n<p>Le Premier ministre Benjamin Netanyahu a r\u00e9v\u00e9l\u00e9 son plan pour prendre le contr\u00f4le de Gaza.<\/p>\n<p class=\"asset asset-text\">INTERNATIONAL &#8211; \u00ab\u00a0Davantage de destructions et de souffrance\u00a0\u00bb. Alors que le cabinet de s\u00e9curit\u00e9 isra\u00e9lien a approuv\u00e9 dans la nuit de jeudi \u00e0 vendredi un <a href=\"https:\/\/www.huffingtonpost.fr\/international\/article\/pour-gaza-netanyahu-detaille-son-plan-controverse-prendre-le-controle-mais-pas-gouverner_253371.html\" target=\"_blank\" rel=\"noopener\">plan pr\u00e9sent\u00e9 par Benyamin Netanyahu<\/a> visant \u00e0 prendre le contr\u00f4le de <a href=\"https:\/\/www.huffingtonpost.fr\/international\/article\/conquerir-gaza-ce-que-l-on-sait-du-nouveau-plan-d-israel-approuve-pour-l-enclave-palestinienne_249612.html\" target=\"_blank\" rel=\"noopener\">la ville de Gaza<\/a>, plusieurs voix s\u2019\u00e9l\u00e8vent sur la sc\u00e8ne internationale et au sein du territoire palestinien pour d\u00e9noncer ce nouveau cap franchi par l\u2019\u00c9tat h\u00e9breu.<\/p>\n<p class=\"asset asset-text\">En premier lieu, le Hamas voit en ce plan un \u00ab\u00a0nouveau crime de guerre\u00a0\u00bb d\u2019Isra\u00ebl, \u00ab\u00a0une aventure criminelle qui lui co\u00fbtera cher\u00a0\u00bb et aboutira au \u00ab\u00a0sacrifice des otages\u00a0\u00bb enlev\u00e9s lors de l\u2019attaque du 7\u00a0octobre\u00a02023.<\/p>\n<p class=\"asset asset-text\">\u00ab\u00a0Le gouvernement isra\u00e9lien doit revenir sur sa d\u00e9cision de prolonger son op\u00e9ration militaire \u00e0 Gaza\u00a0\u00bb, a r\u00e9agi dans la journ\u00e9e la pr\u00e9sidente de la Commission europ\u00e9enne Ursula von der Leyen sur X. \u00ab\u00a0Un cessez-le-feu est n\u00e9cessaire imm\u00e9diatement\u00a0\u00bb, a-t-elle affirm\u00e9.<\/p>\n<p class=\"asset asset-text\">L\u2019ONU condamne \u00e9galement les projets de l\u2019ex\u00e9cutif isra\u00e9lien. Ce plan \u00ab\u00a0doit \u00eatre imm\u00e9diatement stopp\u00e9\u00a0\u00bb, a d\u00e9clar\u00e9 le Haut-Commissaire des Nations unies aux droits de l\u2019homme Volker T\u00fcrk dans un communiqu\u00e9. Il \u00ab\u00a0va \u00e0 l\u2019encontre de la d\u00e9cision de la Cour internationale de justice selon laquelle Isra\u00ebl doit mettre fin \u00e0 son occupation d\u00e8s que possible, de la r\u00e9alisation de la solution \u00e0 deux \u00c9tats convenue et du droit des Palestiniens \u00e0 l\u2019autod\u00e9termination\u00a0\u00bb, a ajout\u00e9 Volker T\u00fcrk.<\/p>\n<p class=\"asset asset-text\">Le chancelier allemand Friedrich Merz a quant \u00e0 lui annonc\u00e9 la suspension des exportations d\u2019armes qu\u2019Isra\u00ebl pourrait utiliser \u00e0 Gaza. Il devient \u00ab\u00a0de plus en plus difficile de comprendre\u00a0\u00bb en quoi le plan militaire isra\u00e9lien permettrait d\u2019atteindre ses objectifs dans la bande de Gaza et, \u00ab\u00a0dans ces circonstances, le gouvernement allemand n\u2019autorise pas, jusqu\u2019\u00e0 nouvel ordre, les exportations d\u2019\u00e9quipements militaires susceptibles d\u2019\u00eatre utilis\u00e9s dans la bande de Gaza\u00a0\u00bb, a d\u00e9clar\u00e9 le chancelier, dans un communiqu\u00e9.<\/p>\n<p>    \u00ab\u00a0Une erreur\u00a0\u00bb    <\/p>\n<p class=\"asset asset-text\">\u00ab\u00a0La d\u00e9cision du gouvernement isra\u00e9lien d\u2019intensifier son offensive \u00e0 Gaza est une erreur et nous l\u2019exhortons \u00e0 (la) reconsid\u00e9rer imm\u00e9diatement\u00a0\u00bb, a lui estim\u00e9 le Premier ministre britannique Keir Starmer dans un communiqu\u00e9. \u00ab\u00a0Cette action ne contribuera en rien \u00e0 mettre fin au conflit ni \u00e0 obtenir la lib\u00e9ration des otages. Elle ne fera qu\u2019engendrer davantage de massacres\u00a0\u00bb, a-t-il conclu.<\/p>\n<p class=\"asset asset-text\">\u00ab\u00a0Nous condamnons fermement la d\u00e9cision du gouvernement isra\u00e9lien d\u2019intensifier l\u2019occupation militaire de Gaza\u00a0\u00bb, a d\u00e9clar\u00e9 le ministre espagnol des Affaires \u00e9trang\u00e8res, Manuel Albares, estimant que ce plan \u00ab\u00a0ne provoquerait que davantage de destructions et de souffrance\u00a0\u00bb. \u00ab\u00a0Un cessez-le-feu permanent, l\u2019entr\u00e9e massive et imm\u00e9diate d\u2019aide humanitaire et la lib\u00e9ration de tous les otages sont urgents. La paix d\u00e9finitive dans la r\u00e9gion ne sera atteinte qu\u2019en \u00e9tablissant la solution de deux \u00c9tats, qui inclut un \u00c9tat de Palestine r\u00e9aliste et viable\u00a0\u00bb, a-t-il ajout\u00e9 sur X.<\/p>\n<p class=\"asset asset-text\">La Turquie a \u00ab\u00a0appel\u00e9 la communaut\u00e9 internationale \u00e0 assumer ses responsabilit\u00e9s en vue d\u2019emp\u00eacher la mise en \u0153uvre\u00a0\u00bb du plan isra\u00e9lien. Celui-ci \u00ab\u00a0vise \u00e0 d\u00e9placer de force les Palestiniens de leur propre terre en rendant Gaza inhabitable\u00a0\u00bb, a estim\u00e9 le minist\u00e8re turc des Affaires \u00e9trang\u00e8res dans un communiqu\u00e9.<\/p>\n<p class=\"asset asset-text\">P\u00e9kin a \u00e9galement exprim\u00e9 sa \u00ab\u00a0grave inqui\u00e9tude\u00a0\u00bb, exhortant Isra\u00ebl \u00e0 \u00ab\u00a0cesser imm\u00e9diatement ses actions dangereuses\u00a0\u00bb. \u00ab\u00a0Gaza appartient au peuple palestinien et fait partie int\u00e9grante du territoire palestinien\u00a0\u00bb, a d\u00e9clar\u00e9 un porte-parole du minist\u00e8re chinois des Affaires \u00e9trang\u00e8res dans une r\u00e9ponse \u00e9crite \u00e0 l\u2019AFP.<\/p>\n","protected":false},"excerpt":{"rendered":"YOMIURI SHIMBUN \/ The Yomiuri Shimbun via AFP Le Premier ministre Benjamin Netanyahu a r\u00e9v\u00e9l\u00e9 son plan pour&hellip;\n","protected":false},"author":2,"featured_media":305333,"comment_status":"","ping_status":"","sticky":false,"template":"","format":"standard","meta":{"footnotes":""},"categories":[5],"tags":[11,3259,1011,27,665,14,664,12,28],"class_list":{"0":"post-305332","1":"post","2":"type-post","3":"status-publish","4":"format-standard","5":"has-post-thumbnail","7":"category-international","8":"tag-actualites","9":"tag-conflit-israelo-palestinien","10":"tag-fr","11":"tag-france","12":"tag-gaza","13":"tag-international","14":"tag-israel","15":"tag-news","16":"tag-world"},"share_on_mastodon":{"url":"https:\/\/pubeurope.com\/@fr\/114993766323668664","error":""},"_links":{"self":[{"href":"https:\/\/www.europesays.com\/fr\/wp-json\/wp\/v2\/posts\/305332","targetHints":{"allow":["GET"]}}],"collection":[{"href":"https:\/\/www.europesays.com\/fr\/wp-json\/wp\/v2\/posts"}],"about":[{"href":"https:\/\/www.europesays.com\/fr\/wp-json\/wp\/v2\/types\/post"}],"author":[{"embeddable":true,"href":"https:\/\/www.europesays.com\/fr\/wp-json\/wp\/v2\/users\/2"}],"replies":[{"embeddable":true,"href":"https:\/\/www.europesays.com\/fr\/wp-json\/wp\/v2\/comments?post=305332"}],"version-history":[{"count":0,"href":"https:\/\/www.europesays.com\/fr\/wp-json\/wp\/v2\/posts\/305332\/revisions"}],"wp:featuredmedia":[{"embeddable":true,"href":"https:\/\/www.europesays.com\/fr\/wp-json\/wp\/v2\/media\/305333"}],"wp:attachment":[{"href":"https:\/\/www.europesays.com\/fr\/wp-json\/wp\/v2\/media?parent=305332"}],"wp:term":[{"taxonomy":"category","embeddable":true,"href":"https:\/\/www.europesays.com\/fr\/wp-json\/wp\/v2\/categories?post=305332"},{"taxonomy":"post_tag","embeddable":true,"href":"https:\/\/www.europesays.com\/fr\/wp-json\/wp\/v2\/tags?post=305332"}],"curies":[{"name":"wp","href":"https:\/\/api.w.org\/{rel}","templated":true}]}}