{"id":305338,"date":"2025-08-08T15:08:12","date_gmt":"2025-08-08T15:08:12","guid":{"rendered":"https:\/\/www.europesays.com\/fr\/305338\/"},"modified":"2025-08-08T15:08:12","modified_gmt":"2025-08-08T15:08:12","slug":"loire-lecho-de-la-talau-premier-journal-realise-par-les-detenus-du-centre-penitentiaire-de-saint-etienne","status":"publish","type":"post","link":"https:\/\/www.europesays.com\/fr\/305338\/","title":{"rendered":"Loire. L\u2019\u00c9cho de la Talau, premier journal r\u00e9alis\u00e9 par les d\u00e9tenus du centre p\u00e9nitentiaire de Saint-\u00c9tienne"},"content":{"rendered":"<p class=\"insetTitle\">\u00ab\u00a0Faire entrer la culture en prison est essentiel pour la r\u00e9insertion\u00a0\u00bb<\/p>\n<p>Le projet est n\u00e9 au hasard d\u2019une rencontre entre une coordonnatrice culturelle du SPIP de la Loire et les responsables de l\u2019association Atoutmonde, dont l\u2019objet est <a href=\"https:\/\/www.leprogres.fr\/culture-loisirs\/2024\/09\/06\/pourquoi-un-chapiteau-de-cirque-sera-installe-devant-la-mediatheque-fin-septembre\" target=\"_blank\" rel=\"nofollow noopener\">l\u2019acc\u00e8s \u00e0 la culture pour tous<\/a>. Proposer des ateliers m\u00e9diatiques int\u00e9resse la structure qui poss\u00e8de un studio radio.<\/p>\n<p>Trois propositions sont soumises \u00e0 la Drac, qui finance, avec le SPIP, dans le cadre du dispositif Culture et justice. Le journal carc\u00e9ral est retenu.<\/p>\n<p>No\u00e9mie Petroff, directrice p\u00e9nitentiaire d\u2019insertion et de probation qui a port\u00e9 le projet avec Atoutmonde, rappelle qu\u2019\u00ab\u00a0il est n\u00e9cessaire que la culture puisse entrer en d\u00e9tention. Les questions de journalisme et d\u2019informations questionnent beaucoup. \u00c0 l\u2019heure des fake news, il est important de savoir comment travaille un journaliste. Cette activit\u00e9, c\u2019est valorisant, cela permet de cr\u00e9er du lien et de produire quelque chose, c\u2019est tr\u00e8s int\u00e9ressant en termes de r\u00e9insertion.\u00a0\u00bb<\/p>\n<p>Pour Atoutmonde, l\u2019exp\u00e9rience \u00e9tait une premi\u00e8re en milieu ferm\u00e9. \u00ab\u00a0Quand on voit l\u2019importance que ce projet a pris pour les participants, cela nous donne envie d\u2019aller de nouveau frapper \u00e0 la porte, il y a une attente pour la suite\u00a0\u00bb, r\u00e9agit Mustapha Kerroua, directeur de l\u2019association, apr\u00e8s avoir \u00e9chang\u00e9 avec les d\u00e9tenus \u00e0 l\u2019heure du bilan.<\/p>\n<p>Repr\u00e9sentant l\u2019administration p\u00e9nitentiaire, la cheffe de la d\u00e9tention a salu\u00e9 l\u2019initiative d\u2019un \u00ab\u00a0journal de solutions qui propose des astuces, dans un esprit positif\u00a0\u00bb.<\/p>\n","protected":false},"excerpt":{"rendered":"\u00ab\u00a0Faire entrer la culture en prison est essentiel pour la r\u00e9insertion\u00a0\u00bb Le projet est n\u00e9 au hasard d\u2019une&hellip;\n","protected":false},"author":2,"featured_media":305339,"comment_status":"","ping_status":"","sticky":false,"template":"","format":"standard","meta":{"footnotes":""},"categories":[9653],"tags":[1111,11,2430,7539,1777,674,274,107,1011,27,3367,12,25,4001,7538,104,2205],"class_list":{"0":"post-305338","1":"post","2":"type-post","3":"status-publish","4":"format-standard","5":"has-post-thumbnail","7":"category-saint-etienne","8":"tag-actu","9":"tag-actualites","10":"tag-auvergne-rhone-alpes","11":"tag-edition-loire-sud","12":"tag-eu","13":"tag-europe","14":"tag-faits-divers-justice","15":"tag-fil-info","16":"tag-fr","17":"tag-france","18":"tag-loire","19":"tag-news","20":"tag-republique-francaise","21":"tag-saint-etienne","22":"tag-saint-etienne-ville","23":"tag-societe","24":"tag-television-medias"},"share_on_mastodon":{"url":"https:\/\/pubeurope.com\/@fr\/114993778070362780","error":""},"_links":{"self":[{"href":"https:\/\/www.europesays.com\/fr\/wp-json\/wp\/v2\/posts\/305338","targetHints":{"allow":["GET"]}}],"collection":[{"href":"https:\/\/www.europesays.com\/fr\/wp-json\/wp\/v2\/posts"}],"about":[{"href":"https:\/\/www.europesays.com\/fr\/wp-json\/wp\/v2\/types\/post"}],"author":[{"embeddable":true,"href":"https:\/\/www.europesays.com\/fr\/wp-json\/wp\/v2\/users\/2"}],"replies":[{"embeddable":true,"href":"https:\/\/www.europesays.com\/fr\/wp-json\/wp\/v2\/comments?post=305338"}],"version-history":[{"count":0,"href":"https:\/\/www.europesays.com\/fr\/wp-json\/wp\/v2\/posts\/305338\/revisions"}],"wp:featuredmedia":[{"embeddable":true,"href":"https:\/\/www.europesays.com\/fr\/wp-json\/wp\/v2\/media\/305339"}],"wp:attachment":[{"href":"https:\/\/www.europesays.com\/fr\/wp-json\/wp\/v2\/media?parent=305338"}],"wp:term":[{"taxonomy":"category","embeddable":true,"href":"https:\/\/www.europesays.com\/fr\/wp-json\/wp\/v2\/categories?post=305338"},{"taxonomy":"post_tag","embeddable":true,"href":"https:\/\/www.europesays.com\/fr\/wp-json\/wp\/v2\/tags?post=305338"}],"curies":[{"name":"wp","href":"https:\/\/api.w.org\/{rel}","templated":true}]}}