{"id":30534,"date":"2025-04-17T02:09:07","date_gmt":"2025-04-17T02:09:07","guid":{"rendered":"https:\/\/www.europesays.com\/fr\/30534\/"},"modified":"2025-04-17T02:09:07","modified_gmt":"2025-04-17T02:09:07","slug":"cest-quoi-ce-mistral-noir-qui-menace-le-ciel-des-bouches-du-rhone","status":"publish","type":"post","link":"https:\/\/www.europesays.com\/fr\/30534\/","title":{"rendered":"C&rsquo;est quoi ce \u00ab\u00a0mistral noir\u00a0\u00bb qui menace le ciel des Bouches-du-Rh\u00f4ne\u00a0?"},"content":{"rendered":"<p>            Par<br \/>\n        <strong><br \/>\n            <a href=\"https:\/\/actu.fr\/auteur\/fabien-binacchi\" title=\"Consulter tous les articles de Fabien Binacchi\" target=\"_blank\" rel=\"noopener\">Fabien Binacchi<\/a><br \/>\n        <\/strong><\/p>\n<p>        Publi\u00e9 le<\/p>\n<p>            16 avr. 2025 \u00e0 15h14        <\/p>\n<p>C\u2019\u00e9tait annonc\u00e9\u2009: la nuit de mardi \u00e0 ce mercredi 16\u00a0avril a \u00e9t\u00e9 bel et bien pluvieuse \u00e0 <a href=\"https:\/\/actu.fr\/marseille\/\" target=\"_blank\" rel=\"noopener\">Marseille<\/a> et dans le d\u00e9partement des <a href=\"https:\/\/actu.fr\/provence-alpes-cote-d-azur\/bouches-du-rhone_13\" target=\"_blank\" rel=\"noopener\">Bouches-du-Rh\u00f4ne<\/a>. Et ce n\u2019est pas fini. \u00c7a devrait m\u00eame<strong> encore empirer jeudi<\/strong> \u00e0 cause du \u00ab\u2009mistral noir\u2009\u00bb annonc\u00e9 pour la journ\u00e9e. K\u00e9sako\u2009?<\/p>\n<p class=\" wall-content\">On vous explique.<\/p>\n<p>Un anti-mistral<\/p>\n<p class=\" wall-content\">Si la cit\u00e9 phoc\u00e9enne est connue pour son \u00e9quipe de foot, sa bouillabaisse et JUL, entre autres fiert\u00e9s, elle l\u2019est aussi pour son <strong>mistral<\/strong>. Ent\u00eatant, parfois rageant, il a au moins le m\u00e9rite de <strong>\u00ab\u2009d\u00e9gager le ciel et d\u2019ass\u00e9cher l\u2019air\u2009\u00bb<\/strong>, rappelle le m\u00e9t\u00e9orologue Paul Marquis.<\/p>\n<p class=\" wall-content\">Tout le contraire de <strong>son cousin au nom myst\u00e9rieux<\/strong>, que l\u2019on pourrait croire tout droit sorti d\u2019un univers de super-h\u00e9ros \u00e0 la sauce marseillaise\u2009: le \u00ab\u2009mistral noir\u2009\u00bb.<\/p>\n<p class=\" wall-content\">Attendu ce jeudi dans la cit\u00e9 phoc\u00e9enne et sur les Bouches-du-Rh\u00f4ne, il va encore un peu plomber la m\u00e9t\u00e9o actuelle, d\u00e9j\u00e0 pas folichonne. Et c\u2019est le moins que l\u2019on puisse dire.<\/p>\n<p>Vid\u00e9os : en ce moment sur ActuDe l\u2019air froid et humide<\/p>\n<p class=\" wall-content\">\u00c0 l\u2019inverse du mistral, donc, c\u2019est un vent <strong>\u00ab\u2009qui souffle assez bas en altitude et qui ne d\u00e9gage pas le ciel\u2009\u00bb<\/strong>, pr\u00e9cise encore Paul Marquis, fondateur de <a href=\"https:\/\/www.facebook.com\/lameteodu13\" target=\"_blank\" rel=\"noopener\">La M\u00e9t\u00e9o du 13.<\/a><\/p>\n<blockquote class=\"ac-article-quote wall-content\">\n<p>Il ram\u00e8ne avec lui un air froid et r\u00e9guli\u00e8rement humide.<\/p>\n<p>    <strong>Paul Marquis<\/strong>\n            <\/p><\/blockquote>\n<p class=\" wall-content\">En hiver, <strong>il peut m\u00eame apporter de la neige.<\/strong> Au printemps, il s\u2019accompagne d\u2019un temps frais et parfois pluvieux. C\u2019est ce que confirment les pr\u00e9visions de M\u00e9t\u00e9o-France.<\/p>\n<p>Pas plus de 14\u00b0C jeudi<\/p>\n<p class=\" wall-content\">Bingo pour ce jeudi\u2009: des averses sont pr\u00e9vues dans la matin\u00e9e \u00e0 Marseille et dans le d\u00e9partement et, surtout, les maximales ne d\u00e9passeront pas les 14\u00b0C.<\/p>\n<p>    <a href=\"https:\/\/www.facebook.com\/plugins\/post.php?href=https%3A%2F%2Fwww.facebook.com%2Flameteodu13%2Fposts%2Fpfbid0S9HNjUnHVrgPpQ1aHffeCb5GiopJMoUmjP4KATMBnqGHswkmy7d6HghNtoMLsDUtl&amp;show_text=true&amp;width=350\" title=\"Ouvrie le lien\" target=\"_blank\" rel=\"noopener\">Cliquez ici pour visualiser le contenu<\/a><\/p>\n<p class=\" wall-content\"><strong>\u00ab\u2009C\u2019est un vent tr\u00e8s turbulent et d\u00e9sagr\u00e9able\u2009\u00bb<\/strong>, note enfin le m\u00e9t\u00e9orologue. \u00c0 l\u2019image, finalement, de la m\u00e9t\u00e9o qui prive les Phoc\u00e9ens de soleil ces derni\u00e8res semaines.<\/p>\n<p class=\" wall-content\">Suivez toute l\u2019actualit\u00e9 de vos villes et m\u00e9dias favoris en vous inscrivant \u00e0 <a href=\"https:\/\/moncompte.actu.fr\" title=\"D\u00e9couvez Mon Actu\" rel=\"nofollow noopener\" data-trk=\"{&quot;cta&quot;:{&quot;action&quot;:&quot;https:\\\/\\\/moncompte.actu.fr&quot;,&quot;category&quot;:&quot;mon compte&quot;,&quot;from&quot;:&quot;article footer&quot;,&quot;name&quot;:&quot;Mon actu&quot;,&quot;type&quot;:&quot;cta&quot;}}\" target=\"_blank\">Mon Actu<\/a>.<\/p>\n","protected":false},"excerpt":{"rendered":"Par Fabien Binacchi Publi\u00e9 le 16 avr. 2025 \u00e0 15h14 C\u2019\u00e9tait annonc\u00e9\u2009: la nuit de mardi \u00e0 ce&hellip;\n","protected":false},"author":2,"featured_media":18033,"comment_status":"","ping_status":"","sticky":false,"template":"","format":"standard","meta":{"footnotes":""},"categories":[2814],"tags":[1111,11,1777,674,1011,27,3059,884,2487,2357,10509,12,882,25],"class_list":{"0":"post-30534","1":"post","2":"type-post","3":"status-publish","4":"format-standard","5":"has-post-thumbnail","7":"category-marseille","8":"tag-actu","9":"tag-actualites","10":"tag-eu","11":"tag-europe","12":"tag-fr","13":"tag-france","14":"tag-intemperies","15":"tag-marseille","16":"tag-meteo","17":"tag-meteo-france","18":"tag-mistral-vent","19":"tag-news","20":"tag-provence-alpes-cote-dazur","21":"tag-republique-francaise"},"share_on_mastodon":{"url":"https:\/\/pubeurope.com\/@fr\/114350873866584772","error":""},"_links":{"self":[{"href":"https:\/\/www.europesays.com\/fr\/wp-json\/wp\/v2\/posts\/30534","targetHints":{"allow":["GET"]}}],"collection":[{"href":"https:\/\/www.europesays.com\/fr\/wp-json\/wp\/v2\/posts"}],"about":[{"href":"https:\/\/www.europesays.com\/fr\/wp-json\/wp\/v2\/types\/post"}],"author":[{"embeddable":true,"href":"https:\/\/www.europesays.com\/fr\/wp-json\/wp\/v2\/users\/2"}],"replies":[{"embeddable":true,"href":"https:\/\/www.europesays.com\/fr\/wp-json\/wp\/v2\/comments?post=30534"}],"version-history":[{"count":0,"href":"https:\/\/www.europesays.com\/fr\/wp-json\/wp\/v2\/posts\/30534\/revisions"}],"wp:featuredmedia":[{"embeddable":true,"href":"https:\/\/www.europesays.com\/fr\/wp-json\/wp\/v2\/media\/18033"}],"wp:attachment":[{"href":"https:\/\/www.europesays.com\/fr\/wp-json\/wp\/v2\/media?parent=30534"}],"wp:term":[{"taxonomy":"category","embeddable":true,"href":"https:\/\/www.europesays.com\/fr\/wp-json\/wp\/v2\/categories?post=30534"},{"taxonomy":"post_tag","embeddable":true,"href":"https:\/\/www.europesays.com\/fr\/wp-json\/wp\/v2\/tags?post=30534"}],"curies":[{"name":"wp","href":"https:\/\/api.w.org\/{rel}","templated":true}]}}