{"id":305344,"date":"2025-08-08T15:11:15","date_gmt":"2025-08-08T15:11:15","guid":{"rendered":"https:\/\/www.europesays.com\/fr\/305344\/"},"modified":"2025-08-08T15:11:15","modified_gmt":"2025-08-08T15:11:15","slug":"nancy-jean-paul-noah-proche-conseiller-dandre-rossinot-et-figure-de-la-vie-locale-est-decede-brutalement","status":"publish","type":"post","link":"https:\/\/www.europesays.com\/fr\/305344\/","title":{"rendered":"Nancy. Jean-Paul Noah, proche conseiller d&rsquo;Andr\u00e9 Rossinot et figure de la vie locale,\u00a0est\u00a0d\u00e9c\u00e9d\u00e9\u00a0brutalement"},"content":{"rendered":"<p>            Par<br \/>\n        <strong><br \/>\n            <a href=\"https:\/\/actu.fr\/auteur\/pierre-emile-bouchy-actu-fr\" title=\"Consulter tous les articles de Paul-Emile Bouchy\" target=\"_blank\" rel=\"noopener\">Paul-Emile Bouchy<\/a><br \/>\n        <\/strong><\/p>\n<p>        Publi\u00e9 le<\/p>\n<p>            8 ao\u00fbt 2025 \u00e0 16h55        <\/p>\n<p>Ce vendredi 8\u00a0ao\u00fbt, <strong>Jean-Paul Noah est d\u00e9c\u00e9d\u00e9 brutalement \u00e0 l\u2019\u00e2ge de 56\u00a0ans<\/strong>. Ancien directeur de cabinet d\u2019Andr\u00e9 Rossinot lorsqu\u2019il \u00e9tait pr\u00e9sident de la M\u00e9tropole du <a href=\"https:\/\/actu.fr\/tag\/grand-nancy\" target=\"_blank\" rel=\"noopener\">Grand Nancy<\/a>, il \u00e9tait une v\u00e9ritable <strong>figure de la vie locale nanc\u00e9ienne<\/strong>.<\/p>\n<p>Un homme int\u00e8gre qui est tomb\u00e9 amoureux de Nancy et de sa culture<\/p>\n<p class=\" wall-content\">N\u00e9 en 1969 \u00e0 Yaound\u00e9 (Cameroun), Jean-Paul Noah est venu en France pour suivre ses \u00e9tudes dans le domaine culturel. <strong>En juin\u00a02002, il arrive \u00e0 Nancy<\/strong> et va faire partie int\u00e9grante de la mission \u00ab\u2009Nancy 2005, le temps des Lumi\u00e8res\u2009\u00bb et de la pi\u00e9tonnisation de la <a href=\"https:\/\/actu.fr\/tag\/place-stanislas\" target=\"_blank\" rel=\"noopener\">place Stanislas<\/a>.<\/p>\n<p class=\" wall-content\"><strong>Membre du cabinet d\u2019Andr\u00e9 Rossinot<\/strong>, il en devient ensuite le directeur lorsqu\u2019il pr\u00e9side la M\u00e9tropole du Grand Nancy jusqu\u2019en 2020.<\/p>\n<p class=\" wall-content\">Jean-Paul Noah s\u2019est aussi <strong>investi dans le monde associatif<\/strong> comme pr\u00e9sident de l\u2019association Musique Ancienne de Nancy et membre actif du CAAAN (Coordination d\u2019acteurs et d\u2019associations africaines de Nancy).<\/p>\n<p>Les personnalit\u00e9s locales lui rendent hommage<\/p>\n<p class=\" wall-content\">Depuis l\u2019annonce de sa disparition, plusieurs \u00e9lus et personnalit\u00e9s locales ont publi\u00e9 un message pour rendre hommage \u00e0 Jean-Paul Noah\u2009:<\/p>\n<p>    <a href=\"https:\/\/www.facebook.com\/plugins\/post.php?href=https%3A%2F%2Fwww.facebook.com%2Fmathieuklein.nancy%2Fposts%2Fpfbid02VnLg7QqZp4fFkPPyFUHk54yswYTbRxhE7wzK2JiyMqpZcftJddateLr6vrbpPjmXl&amp;show_text=true&amp;width=350\" title=\"Ouvrie le lien\" target=\"_blank\" rel=\"noopener\">Cliquez ici pour visualiser le contenu<\/a><\/p>\n<p>    <a href=\"https:\/\/www.facebook.com\/plugins\/post.php?href=https%3A%2F%2Fwww.facebook.com%2Flaurent.henart%2Fposts%2Fpfbid02TdjNLAgiYT1xTouoYfE4jGkwBqdJ2xUp7sNM8zopQdGyobw33RisFn8FJm4GCC32l&amp;show_text=true&amp;width=350\" title=\"Ouvrie le lien\" target=\"_blank\" rel=\"noopener\">Cliquez ici pour visualiser le contenu<\/a><\/p>\n<p class=\" wall-content\">\n<p>    <a href=\"https:\/\/www.facebook.com\/plugins\/post.php?href=https%3A%2F%2Fwww.facebook.com%2Fs.hablot%2Fposts%2Fpfbid0rT2mF7i32bDsvAaFSYrv4zW5UZ2VfxEqxuU7UpWJkP8cikSwKWcbjEGKb6nx2iYAl&amp;show_text=true&amp;width=350\" title=\"Ouvrie le lien\" target=\"_blank\" rel=\"noopener\">Cliquez ici pour visualiser le contenu<\/a><\/p>\n<p>    <a href=\"https:\/\/www.facebook.com\/plugins\/post.php?href=https%3A%2F%2Fwww.facebook.com%2Festelle.mercier.56%2Fposts%2Fpfbid02f5wtYnyztUABu3DuoRYgs1Q8K9Vvdg7WpMgqb7LpbCGyMqnrvXLyy4Dww9DjkNegl&amp;show_text=true&amp;width=350\" title=\"Ouvrie le lien\" target=\"_blank\" rel=\"noopener\">Cliquez ici pour visualiser le contenu<\/a><\/p>\n<p class=\" wall-content\">La Ville de Nancy et la M\u00e9tropole du Grand Nancy ont annonc\u00e9 s\u2019associer \u00e0 l\u2019hommage qui lui sera rendu.<\/p>\n<p class=\" wall-content\">Suivez toute l\u2019actualit\u00e9 de vos villes et m\u00e9dias favoris en vous inscrivant \u00e0 <a href=\"https:\/\/moncompte.actu.fr\" title=\"D\u00e9couvez Mon Actu\" rel=\"nofollow noopener\" data-trk=\"{&quot;cta&quot;:{&quot;action&quot;:&quot;https:\\\/\\\/moncompte.actu.fr&quot;,&quot;category&quot;:&quot;mon compte&quot;,&quot;from&quot;:&quot;article footer&quot;,&quot;name&quot;:&quot;Mon actu&quot;,&quot;type&quot;:&quot;cta&quot;}}\" target=\"_blank\">Mon Actu<\/a>.<\/p>\n","protected":false},"excerpt":{"rendered":"Par Paul-Emile Bouchy Publi\u00e9 le 8 ao\u00fbt 2025 \u00e0 16h55 Ce vendredi 8\u00a0ao\u00fbt, Jean-Paul Noah est d\u00e9c\u00e9d\u00e9 brutalement&hellip;\n","protected":false},"author":2,"featured_media":305345,"comment_status":"","ping_status":"","sticky":false,"template":"","format":"standard","meta":{"footnotes":""},"categories":[9635],"tags":[1111,11,1777,674,1011,27,775,1702,1391,12,25,104],"class_list":{"0":"post-305344","1":"post","2":"type-post","3":"status-publish","4":"format-standard","5":"has-post-thumbnail","7":"category-nancy","8":"tag-actu","9":"tag-actualites","10":"tag-eu","11":"tag-europe","12":"tag-fr","13":"tag-france","14":"tag-grand-est","15":"tag-nancy","16":"tag-necrologie","17":"tag-news","18":"tag-republique-francaise","19":"tag-societe"},"share_on_mastodon":{"url":"https:\/\/pubeurope.com\/@fr\/114993789865122199","error":""},"_links":{"self":[{"href":"https:\/\/www.europesays.com\/fr\/wp-json\/wp\/v2\/posts\/305344","targetHints":{"allow":["GET"]}}],"collection":[{"href":"https:\/\/www.europesays.com\/fr\/wp-json\/wp\/v2\/posts"}],"about":[{"href":"https:\/\/www.europesays.com\/fr\/wp-json\/wp\/v2\/types\/post"}],"author":[{"embeddable":true,"href":"https:\/\/www.europesays.com\/fr\/wp-json\/wp\/v2\/users\/2"}],"replies":[{"embeddable":true,"href":"https:\/\/www.europesays.com\/fr\/wp-json\/wp\/v2\/comments?post=305344"}],"version-history":[{"count":0,"href":"https:\/\/www.europesays.com\/fr\/wp-json\/wp\/v2\/posts\/305344\/revisions"}],"wp:featuredmedia":[{"embeddable":true,"href":"https:\/\/www.europesays.com\/fr\/wp-json\/wp\/v2\/media\/305345"}],"wp:attachment":[{"href":"https:\/\/www.europesays.com\/fr\/wp-json\/wp\/v2\/media?parent=305344"}],"wp:term":[{"taxonomy":"category","embeddable":true,"href":"https:\/\/www.europesays.com\/fr\/wp-json\/wp\/v2\/categories?post=305344"},{"taxonomy":"post_tag","embeddable":true,"href":"https:\/\/www.europesays.com\/fr\/wp-json\/wp\/v2\/tags?post=305344"}],"curies":[{"name":"wp","href":"https:\/\/api.w.org\/{rel}","templated":true}]}}