{"id":305346,"date":"2025-08-08T15:13:42","date_gmt":"2025-08-08T15:13:42","guid":{"rendered":"https:\/\/www.europesays.com\/fr\/305346\/"},"modified":"2025-08-08T15:13:42","modified_gmt":"2025-08-08T15:13:42","slug":"cirque-revolte-ou-tentatives-de-lechec-2","status":"publish","type":"post","link":"https:\/\/www.europesays.com\/fr\/305346\/","title":{"rendered":"Cirque &#8211; R\u00e9volte ou tentatives de l&rsquo;\u00e9chec"},"content":{"rendered":"<p>Un seul mot d\u2019ordre : se surpasser ! Dans chacune de leurs cr\u00e9ations, les Filles du Renard P\u00e2le portent un message fort, profond\u00e9ment engag\u00e9. \u00ab\u00a0R\u00e9volte ou tentatives de l\u2019\u00e9chec\u00a0\u00bb est leur r\u00e9ponse face \u00e0 la violence du monde. Comme pour r\u00e9sister, elles ex\u00e9cutent des figures impressionnantes tout en gr\u00e2ce et puissance.\u00a0<\/p>\n<p>\u00c9poustouflant ! Accompagn\u00e9es de deux chanteuses-musiciennes, les circassiennes allient leurs forces. Au sol comme dans les airs, elles affrontent l\u2019adversit\u00e9 dans une sublime mise en sc\u00e8ne tout en clair-obscur. Au rythme des chants r\u00e9volutionnaires, elles encha\u00eenent les tentatives, s\u2019obstinent, prennent tous les risques. Plein d\u2019espoir, leur groupe uni ne c\u00e8de jamais, et de leur ballet sauvage, il \u00e9merveille le public.\u00a0<\/p>\n<p>\u00c9criture et mise en sc\u00e8ne Johanne Humblet Avec Johanne Humblet (funambule), Violaine Garros (danseuse a\u00e9rienne), Marica Marinoni ou Noa Aubry (acrobate roue giratoire), Annelies Jonkers ou Elisa Chretien et Fanny Aquaron (musiciennes) Production Les filles du renard p\u00e2le. Repr\u00e9sentation inclusive le 11\/02\/25 \u00e0 19h.<\/p>\n","protected":false},"excerpt":{"rendered":"Un seul mot d\u2019ordre : se surpasser ! Dans chacune de leurs cr\u00e9ations, les Filles du Renard P\u00e2le&hellip;\n","protected":false},"author":2,"featured_media":305347,"comment_status":"","ping_status":"","sticky":false,"template":"","format":"standard","meta":{"footnotes":""},"categories":[9619],"tags":[1111,11,1777,674,1011,27,12,882,25,2310],"class_list":{"0":"post-305346","1":"post","2":"type-post","3":"status-publish","4":"format-standard","5":"has-post-thumbnail","7":"category-toulon","8":"tag-actu","9":"tag-actualites","10":"tag-eu","11":"tag-europe","12":"tag-fr","13":"tag-france","14":"tag-news","15":"tag-provence-alpes-cote-dazur","16":"tag-republique-francaise","17":"tag-toulon"},"share_on_mastodon":{"url":"https:\/\/pubeurope.com\/@fr\/114993797800414089","error":""},"_links":{"self":[{"href":"https:\/\/www.europesays.com\/fr\/wp-json\/wp\/v2\/posts\/305346","targetHints":{"allow":["GET"]}}],"collection":[{"href":"https:\/\/www.europesays.com\/fr\/wp-json\/wp\/v2\/posts"}],"about":[{"href":"https:\/\/www.europesays.com\/fr\/wp-json\/wp\/v2\/types\/post"}],"author":[{"embeddable":true,"href":"https:\/\/www.europesays.com\/fr\/wp-json\/wp\/v2\/users\/2"}],"replies":[{"embeddable":true,"href":"https:\/\/www.europesays.com\/fr\/wp-json\/wp\/v2\/comments?post=305346"}],"version-history":[{"count":0,"href":"https:\/\/www.europesays.com\/fr\/wp-json\/wp\/v2\/posts\/305346\/revisions"}],"wp:featuredmedia":[{"embeddable":true,"href":"https:\/\/www.europesays.com\/fr\/wp-json\/wp\/v2\/media\/305347"}],"wp:attachment":[{"href":"https:\/\/www.europesays.com\/fr\/wp-json\/wp\/v2\/media?parent=305346"}],"wp:term":[{"taxonomy":"category","embeddable":true,"href":"https:\/\/www.europesays.com\/fr\/wp-json\/wp\/v2\/categories?post=305346"},{"taxonomy":"post_tag","embeddable":true,"href":"https:\/\/www.europesays.com\/fr\/wp-json\/wp\/v2\/tags?post=305346"}],"curies":[{"name":"wp","href":"https:\/\/api.w.org\/{rel}","templated":true}]}}