{"id":305348,"date":"2025-08-08T15:14:10","date_gmt":"2025-08-08T15:14:10","guid":{"rendered":"https:\/\/www.europesays.com\/fr\/305348\/"},"modified":"2025-08-08T15:14:10","modified_gmt":"2025-08-08T15:14:10","slug":"pourquoi-lacteur-jean-claude-vandamme-a-t-il-ete-hospitalise-en-clinique","status":"publish","type":"post","link":"https:\/\/www.europesays.com\/fr\/305348\/","title":{"rendered":"pourquoi l&rsquo;acteur Jean-Claude Vandamme a t-il \u00e9t\u00e9 hospitalis\u00e9 en clinique\u00a0?"},"content":{"rendered":"<p>            Par<br \/>\n        <strong><br \/>\n            <a href=\"https:\/\/actu.fr\/auteur\/jm-aubert\" title=\"Consulter tous les articles de Jean-Marc Aubert\" rel=\"nofollow noopener\" target=\"_blank\">Jean-Marc Aubert<\/a><br \/>\n        <\/strong><\/p>\n<p>        Publi\u00e9 le<\/p>\n<p>            8 ao\u00fbt 2025 \u00e0 16h21        <\/p>\n<p>Le c\u00e9l\u00e8bre acteur <strong>Jean-Claude Vandamme<\/strong> a \u00e9t\u00e9 hospitalis\u00e9 pendant huit jours dans une clinique situ\u00e9e dans la <strong>M\u00e9tropole de Montpellier<\/strong>.<\/p>\n<p class=\" wall-content\">\u00c2g\u00e9 de 64 ans, il\u00a0est un <strong>acteur<\/strong> -il a jou\u00e9 dans de nombreux films- r\u00e9alisateur et producteur de cin\u00e9ma belge, pratiquant aussi les <strong>arts martiaux<\/strong>.\u00a0Souvent d\u00e9sign\u00e9 par ses initiales JCVD, il est \u00e9galement surnomm\u00e9 \u00ab\u00a0The Muscles from Brussels\u00a0\u00bb (\u00ab\u00a0Les Muscles de Bruxelles\u00a0\u00bb) aux \u00c9tats-Unis.\u00a0Apr\u00e8s s\u2019\u00eatre exerc\u00e9 intensivement aux arts martiaux d\u00e8s l\u2019\u00e2ge de 10 ans, il conna\u00eet le succ\u00e8s national en Belgique comme lutteur et culturiste, remportant le titre de \u00ab\u00a0Mister Belgium\u00a0\u00bb en 1978.<\/p>\n<p class=\" wall-content\">Il a subi une d\u00e9licate op\u00e9ration chirurgicale du dos, dans le service d\u2019un professeur de m\u00e9decine de renom international.\u00a0<\/p>\n<p class=\" wall-content\">Il a \u00e9t\u00e9 admis dans cet \u00e9tablissement qui fait partie d\u2019un groupe de sant\u00e9 ayant pignon sur rue, le lundi 28 juillet 2025 et l\u2019a quitt\u00e9 ce mardi 5 ao\u00fbt. Lors de son s\u00e9jour entour\u00e9 du plus grand secret, il avait r\u00e9serv\u00e9 d\u2019autres chambres mitoyennes de la sienne, dans une aile de la clinique pour accueillir \u00e0 son chevet des membres de sa famille et ses gardes du corps. Hormis le personnel soignant, il fallait montrer patte blanche pour p\u00e9n\u00e9trer dans un couloir, o\u00f9 il \u00e9tait hospitalis\u00e9.<\/p>\n<p>Vid\u00e9os : en ce moment sur Actu<\/p>\n<p class=\" wall-content\">C\u2019est le deuxi\u00e8me people \u00e0 \u00eatre admis en quelques mois dans un \u00e9tablissement hospitalier du d\u00e9partement, sans tapage m\u00e9diatique, apr\u00e8s un acteur tr\u00e8s connu qui joue dans de nombreux films, ainsi que dans des s\u00e9ries t\u00e9l\u00e9vis\u00e9es tourn\u00e9es dans l\u2019H\u00e9rault : alors qu\u2019il se trouvait dans un restaurant de Montpellier, en compagnie de sa femme, cet acteur a \u00ab\u00a0p\u00e9t\u00e9 les plombs\u00a0\u00bb, lorsqu\u2019un client l\u2019ayant reconnu s\u2019est approch\u00e9 pour faire un selfie. Bousculant l\u2019int\u00e9ress\u00e9, il a ensuite en partie saccag\u00e9 le mobilier du restaurant.<\/p>\n<p class=\" wall-content\">Interpell\u00e9 par la police nationale, il a ensuite \u00e9t\u00e9 amen\u00e9 au <strong>CHU de Montpellier<\/strong> par une ambulance priv\u00e9e pour \u00eatre examin\u00e9 par un m\u00e9decin, mais pour \u00e9viter d\u2019\u00eatre reconnu par des patients qui attendaient leur tour dans le service des urgences \u00e0 l\u2019h\u00f4pital Lapeyronie, il a \u00e9t\u00e9 amen\u00e9 discr\u00e8tement par l\u2019unit\u00e9 psychiatrique, avant de quitter plus tard le CHU.<\/p>\n<p class=\" wall-content\">Suivez toute l\u2019actualit\u00e9 de vos villes et m\u00e9dias favoris en vous inscrivant \u00e0 <a href=\"https:\/\/moncompte.actu.fr\" title=\"D\u00e9couvez Mon Actu\" rel=\"nofollow noopener\" data-trk=\"{&quot;cta&quot;:{&quot;action&quot;:&quot;https:\\\/\\\/moncompte.actu.fr&quot;,&quot;category&quot;:&quot;mon compte&quot;,&quot;from&quot;:&quot;article footer&quot;,&quot;name&quot;:&quot;Mon actu&quot;,&quot;type&quot;:&quot;cta&quot;}}\" target=\"_blank\">Mon Actu<\/a>.<\/p>\n","protected":false},"excerpt":{"rendered":"Par Jean-Marc Aubert Publi\u00e9 le 8 ao\u00fbt 2025 \u00e0 16h21 Le c\u00e9l\u00e8bre acteur Jean-Claude Vandamme a \u00e9t\u00e9 hospitalis\u00e9&hellip;\n","protected":false},"author":2,"featured_media":305349,"comment_status":"","ping_status":"","sticky":false,"template":"","format":"standard","meta":{"footnotes":""},"categories":[9599],"tags":[1111,11,650,1777,674,1011,27,2208,12,2680,25],"class_list":{"0":"post-305348","1":"post","2":"type-post","3":"status-publish","4":"format-standard","5":"has-post-thumbnail","7":"category-montpellier","8":"tag-actu","9":"tag-actualites","10":"tag-cinema","11":"tag-eu","12":"tag-europe","13":"tag-fr","14":"tag-france","15":"tag-montpellier","16":"tag-news","17":"tag-occitanie","18":"tag-republique-francaise"},"share_on_mastodon":{"url":"https:\/\/pubeurope.com\/@fr\/114993801748378379","error":""},"_links":{"self":[{"href":"https:\/\/www.europesays.com\/fr\/wp-json\/wp\/v2\/posts\/305348","targetHints":{"allow":["GET"]}}],"collection":[{"href":"https:\/\/www.europesays.com\/fr\/wp-json\/wp\/v2\/posts"}],"about":[{"href":"https:\/\/www.europesays.com\/fr\/wp-json\/wp\/v2\/types\/post"}],"author":[{"embeddable":true,"href":"https:\/\/www.europesays.com\/fr\/wp-json\/wp\/v2\/users\/2"}],"replies":[{"embeddable":true,"href":"https:\/\/www.europesays.com\/fr\/wp-json\/wp\/v2\/comments?post=305348"}],"version-history":[{"count":0,"href":"https:\/\/www.europesays.com\/fr\/wp-json\/wp\/v2\/posts\/305348\/revisions"}],"wp:featuredmedia":[{"embeddable":true,"href":"https:\/\/www.europesays.com\/fr\/wp-json\/wp\/v2\/media\/305349"}],"wp:attachment":[{"href":"https:\/\/www.europesays.com\/fr\/wp-json\/wp\/v2\/media?parent=305348"}],"wp:term":[{"taxonomy":"category","embeddable":true,"href":"https:\/\/www.europesays.com\/fr\/wp-json\/wp\/v2\/categories?post=305348"},{"taxonomy":"post_tag","embeddable":true,"href":"https:\/\/www.europesays.com\/fr\/wp-json\/wp\/v2\/tags?post=305348"}],"curies":[{"name":"wp","href":"https:\/\/api.w.org\/{rel}","templated":true}]}}