{"id":305359,"date":"2025-08-08T15:24:20","date_gmt":"2025-08-08T15:24:20","guid":{"rendered":"https:\/\/www.europesays.com\/fr\/305359\/"},"modified":"2025-08-08T15:24:20","modified_gmt":"2025-08-08T15:24:20","slug":"le-tribunal-suspend-la-decision-du-prefet","status":"publish","type":"post","link":"https:\/\/www.europesays.com\/fr\/305359\/","title":{"rendered":"le tribunal suspend la d\u00e9cision du pr\u00e9fet"},"content":{"rendered":"<p>La juge des r\u00e9f\u00e9r\u00e9s du tribunal administratif de Strasbourg a, par une ordonnance de ce vendredi 8 ao\u00fbt, suspendu la d\u00e9cision de fermeture administrative de l&rsquo;\u00e9tablissement La R\u00e9serve 1862, situ\u00e9 rue des Tonneliers \u00e0 Strasbourg.<\/p>\n<p>Le tribunal administratif avait \u00e9t\u00e9 saisi par la soci\u00e9t\u00e9 J2B exploitant cette discoth\u00e8que. Le pr\u00e9fet du Bas-Rhin, Jacques Witkowski, avait pris cette d\u00e9cision, \u00e0 compter du 23 juillet dernier, <a href=\"https:\/\/www.dna.fr\/faits-divers-justice\/2025\/07\/28\/la-prefecture-fait-fermer-la-discotheque-la-reserve-pour-cinq-mois\" target=\"_blank\" rel=\"nofollow noopener\">pour une dur\u00e9e de cinq mois<\/a>. Une d\u00e9cision motiv\u00e9e par le constat fait par les forces de l&rsquo;ordre de nombreux faits r\u00e9pr\u00e9hensibles entre f\u00e9vrier et avril dernier (bagarres, alcoolisation excessive de clients, nuisances diverses).<\/p>\n<p>La juge des r\u00e9f\u00e9r\u00e9s a retenu que \u00ab\u00a0l&rsquo;urgence\u00a0\u00bb \u00e9tait \u00e9tablie car, en pronon\u00e7ant la fermeture pour une dur\u00e9e exc\u00e9dant deux mois, le pr\u00e9fet du Bas-Rhin a \u00ab\u00a0port\u00e9 une atteinte grave et manifestement ill\u00e9gale \u00e0 la libert\u00e9 d&rsquo;entreprendre et \u00e0 la libert\u00e9 du commerce et de l&rsquo;industrie qui constituent des libert\u00e9s fondamentales\u00a0\u00bb.<\/p>\n","protected":false},"excerpt":{"rendered":"La juge des r\u00e9f\u00e9r\u00e9s du tribunal administratif de Strasbourg a, par une ordonnance de ce vendredi 8 ao\u00fbt,&hellip;\n","protected":false},"author":2,"featured_media":305360,"comment_status":"","ping_status":"","sticky":false,"template":"","format":"standard","meta":{"footnotes":""},"categories":[2820],"tags":[1111,11,1687,2880,1777,674,274,107,1011,27,775,12,25,104,640],"class_list":{"0":"post-305359","1":"post","2":"type-post","3":"status-publish","4":"format-standard","5":"has-post-thumbnail","7":"category-strasbourg","8":"tag-actu","9":"tag-actualites","10":"tag-culture-loisirs","11":"tag-edition-strasbourg","12":"tag-eu","13":"tag-europe","14":"tag-faits-divers-justice","15":"tag-fil-info","16":"tag-fr","17":"tag-france","18":"tag-grand-est","19":"tag-news","20":"tag-republique-francaise","21":"tag-societe","22":"tag-strasbourg"},"share_on_mastodon":{"url":"https:\/\/pubeurope.com\/@fr\/114993840976991455","error":""},"_links":{"self":[{"href":"https:\/\/www.europesays.com\/fr\/wp-json\/wp\/v2\/posts\/305359","targetHints":{"allow":["GET"]}}],"collection":[{"href":"https:\/\/www.europesays.com\/fr\/wp-json\/wp\/v2\/posts"}],"about":[{"href":"https:\/\/www.europesays.com\/fr\/wp-json\/wp\/v2\/types\/post"}],"author":[{"embeddable":true,"href":"https:\/\/www.europesays.com\/fr\/wp-json\/wp\/v2\/users\/2"}],"replies":[{"embeddable":true,"href":"https:\/\/www.europesays.com\/fr\/wp-json\/wp\/v2\/comments?post=305359"}],"version-history":[{"count":0,"href":"https:\/\/www.europesays.com\/fr\/wp-json\/wp\/v2\/posts\/305359\/revisions"}],"wp:featuredmedia":[{"embeddable":true,"href":"https:\/\/www.europesays.com\/fr\/wp-json\/wp\/v2\/media\/305360"}],"wp:attachment":[{"href":"https:\/\/www.europesays.com\/fr\/wp-json\/wp\/v2\/media?parent=305359"}],"wp:term":[{"taxonomy":"category","embeddable":true,"href":"https:\/\/www.europesays.com\/fr\/wp-json\/wp\/v2\/categories?post=305359"},{"taxonomy":"post_tag","embeddable":true,"href":"https:\/\/www.europesays.com\/fr\/wp-json\/wp\/v2\/tags?post=305359"}],"curies":[{"name":"wp","href":"https:\/\/api.w.org\/{rel}","templated":true}]}}