{"id":305361,"date":"2025-08-08T15:25:11","date_gmt":"2025-08-08T15:25:11","guid":{"rendered":"https:\/\/www.europesays.com\/fr\/305361\/"},"modified":"2025-08-08T15:25:11","modified_gmt":"2025-08-08T15:25:11","slug":"explorez-la-beaute-sous-marine-de-villefranche-sur-mer-avec-la-randonnee-palmee-raconte-moi-la-mer","status":"publish","type":"post","link":"https:\/\/www.europesays.com\/fr\/305361\/","title":{"rendered":"Explorez la beaut\u00e9 sous-marine de Villefranche-sur-Mer avec la randonn\u00e9e palm\u00e9e \u00ab\u00a0Raconte-moi la mer\u00a0\u00bb"},"content":{"rendered":"<p data-start=\"0\" data-end=\"215\">Palmes aux pieds, masque et tuba bien accroch\u00e9s? Embarquement imm\u00e9diat. La randonn\u00e9e palm\u00e9e Raconte-moi la mer propose de partir \u00e0 la d\u00e9couverte de la faune et de la flore marines de la rade de Villefranche-sur-Mer.<\/p>\n<p data-start=\"217\" data-end=\"493\">Propos\u00e9e par Ecomersion pour 35 euros, l\u2019activit\u00e9 dure environ 2h30, soit 45 \u00e0 60 minutes dans l\u2019eau, en groupe de six personnes. De juin \u00e0 septembre, des sorties sont organis\u00e9es tous les jours \u00e0 8h30. Et en ao\u00fbt, un autre rendez-vous est programm\u00e9 en soir\u00e9e (d\u00e9part \u00e0 17h30).<\/p>\n<p data-start=\"495\" data-end=\"699\">Pas besoin de bateau ni de bouteille de plong\u00e9e: tout le mat\u00e9riel est pr\u00eat\u00e9 sur place et le d\u00e9part de l\u2019exp\u00e9dition s\u2019effectue \u00e0 pied puis \u00e0 la nage depuis le bord de mer (lieu exact communiqu\u00e9 la veille).<\/p>\n<p data-start=\"701\" data-end=\"744\">D\u00e9couverte d\u2019un riche \u00e9cosyst\u00e8me \u00e0 prot\u00e9ger<\/p>\n<p data-start=\"746\" data-end=\"956\">Poulpes, an\u00e9mones, \u00e9toiles de mer, herbiers de posidonie\u2026 Sans aller dans les tr\u00e9fonds sous-marins, ce joyeux barbotage invite \u00e0 d\u00e9couvrir les merveilles du littoral et comprendre les comportements des animaux.<\/p>\n<p data-start=\"958\" data-end=\"1471\">\u00ab\u00a0La mer n\u2019est pas qu\u2019un d\u00e9cor: elle est vivante, vibrante, pleine d\u2019histoires. C\u2019est cette \u00e9motion que je souhaite transmettre\u00a0\u00bb, partage Virginie Perrot, guide \u00e0 l\u2019initiative de la balade. Au rythme des vagues, elle apprend aux participants \u00e0 nager sans ab\u00eemer ou d\u00e9ranger la faune et la flore et sensibilise aux bonnes pratiques \u00e9coresponsables. L\u2019occasion pour petits et grands d\u2019en apprendre plus sur les secrets de la vie marine, entre l\u00e9gendes, anecdotes et observations, dans le respect des \u00e9cosyst\u00e8mes.<\/p>\n<p data-start=\"1473\" data-end=\"1536\"><br data-start=\"1497\" data-end=\"1500\"\/>&#13;<br \/>\nR\u00e9s.: <a href=\"http:\/\/Billetweb.fr\/randonnee-palmee\" target=\"_blank\" rel=\"noopener\">Billetweb.fr\/randonnee-palmee<\/a><\/p>\n","protected":false},"excerpt":{"rendered":"Palmes aux pieds, masque et tuba bien accroch\u00e9s? Embarquement imm\u00e9diat. La randonn\u00e9e palm\u00e9e Raconte-moi la mer propose de&hellip;\n","protected":false},"author":2,"featured_media":305362,"comment_status":"","ping_status":"","sticky":false,"template":"","format":"standard","meta":{"footnotes":""},"categories":[2819],"tags":[1111,11,1777,674,1011,27,1393,12,2401,882,25],"class_list":{"0":"post-305361","1":"post","2":"type-post","3":"status-publish","4":"format-standard","5":"has-post-thumbnail","7":"category-nice","8":"tag-actu","9":"tag-actualites","10":"tag-eu","11":"tag-europe","12":"tag-fr","13":"tag-france","14":"tag-loisirs","15":"tag-news","16":"tag-nice","17":"tag-provence-alpes-cote-dazur","18":"tag-republique-francaise"},"share_on_mastodon":{"url":"https:\/\/pubeurope.com\/@fr\/114993844976506559","error":""},"_links":{"self":[{"href":"https:\/\/www.europesays.com\/fr\/wp-json\/wp\/v2\/posts\/305361","targetHints":{"allow":["GET"]}}],"collection":[{"href":"https:\/\/www.europesays.com\/fr\/wp-json\/wp\/v2\/posts"}],"about":[{"href":"https:\/\/www.europesays.com\/fr\/wp-json\/wp\/v2\/types\/post"}],"author":[{"embeddable":true,"href":"https:\/\/www.europesays.com\/fr\/wp-json\/wp\/v2\/users\/2"}],"replies":[{"embeddable":true,"href":"https:\/\/www.europesays.com\/fr\/wp-json\/wp\/v2\/comments?post=305361"}],"version-history":[{"count":0,"href":"https:\/\/www.europesays.com\/fr\/wp-json\/wp\/v2\/posts\/305361\/revisions"}],"wp:featuredmedia":[{"embeddable":true,"href":"https:\/\/www.europesays.com\/fr\/wp-json\/wp\/v2\/media\/305362"}],"wp:attachment":[{"href":"https:\/\/www.europesays.com\/fr\/wp-json\/wp\/v2\/media?parent=305361"}],"wp:term":[{"taxonomy":"category","embeddable":true,"href":"https:\/\/www.europesays.com\/fr\/wp-json\/wp\/v2\/categories?post=305361"},{"taxonomy":"post_tag","embeddable":true,"href":"https:\/\/www.europesays.com\/fr\/wp-json\/wp\/v2\/tags?post=305361"}],"curies":[{"name":"wp","href":"https:\/\/api.w.org\/{rel}","templated":true}]}}