{"id":305365,"date":"2025-08-08T15:27:19","date_gmt":"2025-08-08T15:27:19","guid":{"rendered":"https:\/\/www.europesays.com\/fr\/305365\/"},"modified":"2025-08-08T15:27:19","modified_gmt":"2025-08-08T15:27:19","slug":"la-location-longue-duree-avec-but-saint-herblain-centre-ccial-atlantis","status":"publish","type":"post","link":"https:\/\/www.europesays.com\/fr\/305365\/","title":{"rendered":"La location longue dur\u00e9e avec BUT Saint-Herblain, Centre Ccial Atlantis"},"content":{"rendered":"<p>Depuis le 1er mars 2025, Nicolas Seigle dirige le magasin BUT Saint-Herblain, Centre Ccial Atlantis. Il ambitionne d\u2019offrir un nouveau souffle au magasin de meuble embl\u00e9matique. A commencer par un nouveau service de location longue dur\u00e9e (LDD) de meubles et multim\u00e9dia, avec des tarifs accessibles d\u00e8s 12\u20ac\/mois.<\/p>\n<p>BUT Saint-Herblain, Centre Ccial Atlantis, propose une solution id\u00e9ale pour ceux qui souhaitent <strong>s&rsquo;\u00e9quiper sans se ruiner : la location longue dur\u00e9e<\/strong>. Cette formule vous permet de louer vos meubles et appareils \u00e9lectrom\u00e9nagers tout en profitant d&rsquo;un service complet. Les options de livraison et de montage sont \u00e0 votre disposition et une garantie est incluse pendant toute la dur\u00e9e de la location. En optant pour cette solution, votre <strong>budget est all\u00e9g\u00e9 et vous b\u00e9n\u00e9ficiez de la possibilit\u00e9 de renouveler votre mobilier<\/strong>, assurant ainsi que votre int\u00e9rieur reste toujours adapt\u00e9 \u00e0 vos go\u00fbts et besoins.<\/p>\n<p><img loading=\"lazy\" decoding=\"async\" src=\"https:\/\/www.europesays.com\/fr\/wp-content\/uploads\/2025\/08\/P35391340D6916363G.jpg\" alt=\"\" width=\"640\" height=\"462\"\/><\/p>\n<p class=\"elmt-legende\">Location longue dur\u00e9e de literie, canap\u00e9, \u00e9lectrom\u00e9nager, ensemble table et chaises chez BUT Saint-Herblain Centre CCial Atlantis \u00a9 BUT<\/p>\n<p>Que ce soit pour un canap\u00e9 d\u00e8s 16\u20ac\/mois, une literie d\u00e8s 13\u20ac\/mois avec 100 nuits d\u2019essai ou des appareils \u00e9lectrom\u00e9nagers d\u00e8s 12\u20ac\/mois, BUT offre une garantie qui couvre l&rsquo;int\u00e9gralit\u00e9 de la p\u00e9riode de location. Avec plusieurs dur\u00e9es de contrat au choix, de 36 \u00e0 72 mois, vous adaptez votre engagement \u00e0 vos besoins. La flexibilit\u00e9 de cette offre permet \u00e9galement de changer d&rsquo;\u00e9quipement d\u00e8s 24 mois, sous r\u00e9engagement, pour rester en phase avec vos envies ou de racheter les meubles \u00e0 l\u2019issue du contrat. Pour d\u00e9buter l&rsquo;aventure, rendez-vous en magasin pour choisir vos produits et profiter d&rsquo;une installation directement \u00e0 votre domicile. Une solution id\u00e9ale pour les \u00e9tudiants, les jeunes actifs, les s\u00e9niors ou encore les familles !<\/p>\n<p>Infos pratiques :<\/p>\n<p>\u00a0<\/p>\n<\/p>\n<p>\u00a0<\/p>\n","protected":false},"excerpt":{"rendered":"Depuis le 1er mars 2025, Nicolas Seigle dirige le magasin BUT Saint-Herblain, Centre Ccial Atlantis. Il ambitionne d\u2019offrir&hellip;\n","protected":false},"author":2,"featured_media":305366,"comment_status":"","ping_status":"","sticky":false,"template":"","format":"standard","meta":{"footnotes":""},"categories":[2818],"tags":[1111,11,21074,42263,44526,3335,2000,1777,674,1011,27,10284,34453,766,12,2636,25,4286],"class_list":{"0":"post-305365","1":"post","2":"type-post","3":"status-publish","4":"format-standard","5":"has-post-thumbnail","7":"category-nantes","8":"tag-actu","9":"tag-actualites","10":"tag-atlantis","11":"tag-but","12":"tag-ccial","13":"tag-centre","14":"tag-duree","15":"tag-eu","16":"tag-europe","17":"tag-fr","18":"tag-france","19":"tag-location","20":"tag-longue","21":"tag-nantes","22":"tag-news","23":"tag-pays-de-la-loire","24":"tag-republique-francaise","25":"tag-saint-herblain"},"share_on_mastodon":{"url":"https:\/\/pubeurope.com\/@fr\/114993852884386867","error":""},"_links":{"self":[{"href":"https:\/\/www.europesays.com\/fr\/wp-json\/wp\/v2\/posts\/305365","targetHints":{"allow":["GET"]}}],"collection":[{"href":"https:\/\/www.europesays.com\/fr\/wp-json\/wp\/v2\/posts"}],"about":[{"href":"https:\/\/www.europesays.com\/fr\/wp-json\/wp\/v2\/types\/post"}],"author":[{"embeddable":true,"href":"https:\/\/www.europesays.com\/fr\/wp-json\/wp\/v2\/users\/2"}],"replies":[{"embeddable":true,"href":"https:\/\/www.europesays.com\/fr\/wp-json\/wp\/v2\/comments?post=305365"}],"version-history":[{"count":0,"href":"https:\/\/www.europesays.com\/fr\/wp-json\/wp\/v2\/posts\/305365\/revisions"}],"wp:featuredmedia":[{"embeddable":true,"href":"https:\/\/www.europesays.com\/fr\/wp-json\/wp\/v2\/media\/305366"}],"wp:attachment":[{"href":"https:\/\/www.europesays.com\/fr\/wp-json\/wp\/v2\/media?parent=305365"}],"wp:term":[{"taxonomy":"category","embeddable":true,"href":"https:\/\/www.europesays.com\/fr\/wp-json\/wp\/v2\/categories?post=305365"},{"taxonomy":"post_tag","embeddable":true,"href":"https:\/\/www.europesays.com\/fr\/wp-json\/wp\/v2\/tags?post=305365"}],"curies":[{"name":"wp","href":"https:\/\/api.w.org\/{rel}","templated":true}]}}