{"id":30537,"date":"2025-04-17T02:11:17","date_gmt":"2025-04-17T02:11:17","guid":{"rendered":"https:\/\/www.europesays.com\/fr\/30537\/"},"modified":"2025-04-17T02:11:17","modified_gmt":"2025-04-17T02:11:17","slug":"a-lyon-une-securite-sociale-de-lalimentation-encore-fragile","status":"publish","type":"post","link":"https:\/\/www.europesays.com\/fr\/30537\/","title":{"rendered":"\u00c0 Lyon, une S\u00e9curit\u00e9 sociale de l&rsquo;alimentation encore fragile"},"content":{"rendered":"<p class=\"wp-block-post-excerpt__excerpt\">Lanc\u00e9e en septembre 2024, la S\u00e9curit\u00e9 sociale de l\u2019alimentation est toujours en exp\u00e9rimentation \u00e0 Lyon. Six mois plus tard, b\u00e9n\u00e9ficiaires, acteurs et financeurs du projet en tirent un bilan positif, m\u00eame si les bases financi\u00e8res du projet sont encore fragiles. <\/p>\n<p class=\"font-sans\">\n\t\t\tCet article est en acc\u00e8s libre. Pour soutenir Rue89 Lyon,<br \/>\n\t\t\t<a class=\"underline\" href=\"https:\/\/www.rue89lyon.fr\/abonnement\/\" rel=\"nofollow noopener\" target=\"_blank\">abonnez-vous<\/a>.\n\t\t<\/p>\n<p>M\u00e9line Pulliat<\/p>\n<p>Publi\u00e9 le 16 avril 2025\u00a0\u00a0\u00b7\u00a0\u00a0<\/p>\n<p>Imprim\u00e9 le 17 avril 2025 \u00e0 03h27\u00a0\u00a0\u00b7\u00a0\u00a0<\/p>\n<p>\t\t\t\t\t4\u00a0minutes\n<\/p>\n<p>\u00ab Je suis fi\u00e8re de participer \u00e0 ce projet. \u00c7a redonne un sentiment de dignit\u00e9, mais cela permet aussi d\u2019avoir notre mot \u00e0 dire dans ce qu\u2019on met dans notre assiette \u00bb, s\u2019enthousiasme Neyma. Comme elle, une trentaine de foyers font partie du comit\u00e9 Calim8 qui organise le projet de caisse solidaire de l\u2019alimentation, en exp\u00e9rimentation depuis six mois dans le 8\u1d49 arrondissement de Lyon.<\/p>\n<p>Ce mercredi 16 avril, le r\u00e9seau d\u2019association Territoires \u00e0 vivreS, l\u2019\u00c9tat, la Ville et la M\u00e9tropole de Lyon, se sont r\u00e9unis au centre social Gis\u00e8le Halimi (Lyon 8e), pour tirer un premier bilan. De l\u2019avis de tous ici, il est positif et prometteur. <\/p>\n<p><img loading=\"lazy\" decoding=\"async\" width=\"792\" height=\"528\" src=\"https:\/\/www.europesays.com\/fr\/wp-content\/uploads\/2025\/04\/IMG_1472-792x528.jpg\" alt=\"bilan s\u00e9curit\u00e9 sociale alimentation\" class=\"wp-image-233258\"  \/> Dans le 8\u00e8me arrondissement de Lyon, l\u2019exp\u00e9rimentation d\u2019une s\u00e9curit\u00e9 sociale de l\u2019alimentation se poursuit.Photo\u00a0: MP\/Rue89Lyon<\/p>\n<p>Lanc\u00e9e en septembre 2024, cette S\u00e9curit\u00e9 sociale de l\u2019alimentation profitait au d\u00e9part \u00e0 une trentaine de foyers. Le fonctionnement est assez simple. Les foyers d\u00e9finissent eux-m\u00eames, et \u00e0 hauteur de leurs moyens, une somme \u00e0 cotiser. Ils re\u00e7oivent ensuite un montant \u00e0 d\u00e9penser, plus ou moins \u00e9lev\u00e9 selon les revenus et la taille du foyer, dans certains commerces et producteurs conventionn\u00e9s. <\/p>\n<p>Six mois plus tard, une centaine de foyers sont d\u00e9sormais b\u00e9n\u00e9ficiaires. Dix-huit lieux de production et d\u2019approvisionnement sont conventionn\u00e9s, soit deux fois plus qu\u2019en septembre.<\/p>\n<p>\u00c0 lire sur Rue89Lyon<\/p>\n<p><a href=\"https:\/\/www.rue89lyon.fr\/2023\/11\/29\/contre-inflation-tarification-sociale-alimentaire-testee-lyon\/\" target=\"_blank\" rel=\"noreferrer noopener nofollow\">Contre l\u2019inflation, une tarification sociale alimentaire test\u00e9e \u00e0 Lyon<\/a><\/p>\n<p><a href=\"https:\/\/www.rue89lyon.fr\/2024\/11\/18\/bien-nourrir-base-vie-epanouie-securite-sociale-alimentation-lyon-8e\/\" target=\"_blank\" rel=\"noreferrer noopener nofollow\">\u00ab\u00a0Bien se nourrir c\u2019est la base d\u2019une vie \u00e9panouie\u00a0\u00bb : une s\u00e9curit\u00e9 sociale de l\u2019alimentation en test \u00e0 Lyon<\/a><\/p>\n<p>\t\tLa S\u00e9curit\u00e9 sociale de l\u2019alimentation : \u00ab\u00a0un d\u00e9but de r\u00e9ponse \u00e0 la pr\u00e9carit\u00e9 alimentaire\u00a0\u00bb \u00e0 Lyon<\/p>\n<p>Face \u00e0 l\u2019augmentation de la pr\u00e9carit\u00e9, notamment alimentaire, l\u2019enjeu de cette caisse est de proposer \u00ab\u00a0un autre mod\u00e8le\u00a0\u00bb pour permettre un meilleur acc\u00e8s \u00e0 des produits de qualit\u00e9. 64% des b\u00e9n\u00e9ficiaires actuels d\u00e9clarent vivre en dessous du seuil de pauvret\u00e9, soit 1\u00a0216 euros par mois.<\/p>\n<p>Difficile de se procurer des aliments bio et de qualit\u00e9 dans ces conditions financi\u00e8res. Avec cette s\u00e9cu\u2019 de l\u2019alimentation, l\u2019objectif est de proposer un \u00ab d\u00e9but de r\u00e9ponse \u00e0 la pr\u00e9carit\u00e9 alimentaire, mais aussi \u00e0 la crise agricole qui gronde depuis deux ans dans les campagnes \u00bb, expose J\u00e9r\u00e9my Camus (EELV), vice-pr\u00e9sident de la M\u00e9tropole de Lyon \u00e0 la Politique agricole et alimentation.<\/p>\n<p>\u00c0 lire sur Rue89Lyon<\/p>\n<p><a href=\"https:\/\/www.rue89lyon.fr\/2024\/02\/04\/en-podcast-crise-des-agriculteurs-alimentation-quelles-consequences-a-lyon\/\" target=\"_blank\" rel=\"noreferrer noopener nofollow\">Crise des agriculteurs, alimentation, quelles cons\u00e9quences \u00e0 Lyon?<br \/><\/a><a href=\"https:\/\/www.rue89lyon.fr\/2024\/01\/28\/systemes-alimentaires-crise\/\" target=\"_blank\" rel=\"noreferrer noopener nofollow\">Crise alimentaire : l\u2019importance de restaurer la dignit\u00e9 des agriculteurs<\/a><\/p>\n<p><a href=\"https:\/\/www.rue89lyon.fr\/2025\/04\/07\/etais-ombre-moi-meme-sud-lyon-calvaire-maraichere-bio\/\" target=\"_blank\" rel=\"noreferrer noopener nofollow\">\u00ab\u00a0Je n\u2019\u00e9tais plus que l\u2019ombre de moi-m\u00eame\u00a0\u00bb\u00a0: le calvaire d\u2019une mara\u00eech\u00e8re bio au sud de Lyon<\/a><\/p>\n<p>Car l\u2019objectif est aussi de permettre une meilleure r\u00e9mun\u00e9ration des producteurs locaux et bio, qui font bien souvent face aux m\u00eames probl\u00e9matiques de pr\u00e9carit\u00e9. Mary Colombel, de la micro ferme des \u00c9tats-Unis, un des lieux conventionn\u00e9s de l\u2019exp\u00e9rimentation, r\u00e9sume : \u00ab Notre revenu est aussi bas que certains b\u00e9n\u00e9ficiaires, autour de 1000 euros par mois. \u00c7a nous tenait \u00e0 c\u0153ur de proposer nos l\u00e9gumes aux habitants de ce quartier, mais on ne peut pas baisser nos prix, il faut qu\u2019on se paye dignement \u00bb.<\/p>\n<p>Ravie de participer \u00e0 l\u2019exp\u00e9rimentation, elle aimerait qu\u2019elle continue de se d\u00e9velopper. Pour cela, il faut en assurer les financements.<\/p>\n<p>\t\tUne S\u00e9curit\u00e9 sociale de l\u2019alimentation dans un contexte budg\u00e9taire serr\u00e9<\/p>\n<p>Au lancement de la S\u00e9curit\u00e9 sociale de l\u2019alimentation, Territoires \u00e0 vivreS a re\u00e7u pr\u00e8s de 300 000 euros de financement de la M\u00e9tropole de Lyon et 180 000 euros du fonds \u00ab\u00a0Mieux manger pour tous\u00a0\u00bb de l\u2019\u00c9tat.\u00a0Aujourd\u2019hui, le mod\u00e8le \u00e9conomique reste \u00e0 consolider.<\/p>\n<p>Le contexte budg\u00e9taire national n\u2019offre pas de perspectives rassurantes. Le budget 2025 impose une di\u00e8te de 2,2 milliards d\u2019euros d\u2019\u00e9conomies aux collectivit\u00e9s territoriales. <a href=\"https:\/\/www.lemonde.fr\/politique\/article\/2025\/02\/07\/les-collectivites-locales-en-difficulte-financiere-mettent-leurs-depenses-sur-le-gril_6535356_823448.html\" target=\"_blank\" rel=\"noreferrer noopener nofollow\">Face \u00e0 cette baisse de recettes, les montants des subventions et investissements sont tir\u00e9s vers le bas<\/a>.<\/p>\n<p>\u00ab Le budget national freine toutes les politiques sociales, se d\u00e9sole J\u00e9r\u00e9my Camus, il est important de trouver des solutions pour faire face \u00e0 \u00e7a \u00bb. Si la M\u00e9tropole de Lyon aura moins de subventions \u00e0 d\u00e9bloquer pour nourrir le projet, l\u2019\u00e9lu assure que cela sera compens\u00e9 par des partenaires priv\u00e9s.<\/p>\n<p>Parmi ces derniers, le <a href=\"https:\/\/lapoulerousse.org\/\" target=\"_blank\" rel=\"noreferrer noopener nofollow\">fonds de dotation Poule rousse<\/a> et la banque des territoires vont se greffer \u00e0 l\u2019exp\u00e9rimentation. La banque des territoires versera ainsi 50 000 euros sur deux ans. <\/p>\n<p>La Ville de Lyon va \u00e9galement mettre la main \u00e0 la poche et Gauthier Chapuis (EELV), adjoint \u00e0 la ville de Lyon en charge de l\u2019alimentation, \u00e9tait pr\u00e9sent pour annoncer le versement d\u2019une subvention de 30 000 euros. De quoi poursuivre encore un peu l\u2019exp\u00e9rimentation : de nouveaux foyers vont la rejoindre dans les prochaines semaines.<\/p>\n<p><img loading=\"lazy\" decoding=\"async\" width=\"792\" height=\"526\" src=\"https:\/\/www.europesays.com\/fr\/wp-content\/uploads\/2025\/04\/Visuel-neutre-Campagne-abonnement-1-1.png\" alt=\"\u00a9 Montage Ana\u00efs Lanvario \/ Rue89Lyon\" class=\"wp-image-230661\"  \/><\/p>\n<p class=\"has-white-color has-text-color has-link-color wp-elements-e41c826c6a53c9cc713832dccf3110c7\"> Enqu\u00eater sur l\u2019extr\u00eame droite, mettre notre nez dans les affaires de patrons peu scrupuleux, \u00eatre une vigie des pouvoirs politiques\u2026 <strong>Depuis 14 ans, nous assurons toutes ces missions d\u2019utilit\u00e9 publique pour la vie locale. Mais nos finances sont fragiles.<\/strong> <\/p>\n<p class=\"has-white-color has-text-color has-link-color wp-elements-372ad598ac967dc61132fa9198a9d3a1\">Nous avons atteint notre premier objectif de 30 000 euros : nous serons toujours l\u00e0 en 2026 ! Pour nous renforcer et pr\u00e9parer de nouveaux formats pour couvrir les \u00e9lection municipales <strong>nous visons un deuxi\u00e8me pallier : 40 000 euros au 16 avril !<\/strong><\/p>\n<p class=\"has-white-color has-text-color has-link-color wp-elements-0d0629e8efdccf5cfac57c743eaec38b\"><strong>En 2025, nous faisons face \u00e0 trois menaces : <\/strong><\/p>\n<ul class=\"wp-block-list has-white-color has-text-color has-link-color wp-elements-51a1991be09e99775b31c49f96dd317b\">\n<li class=\" align-start flex list-none mb-2\"><strong>Un proc\u00e8s-b\u00e2illon<\/strong> : nous allons passer au tribunal face \u00e0 Jean-Michel Aulas, ex-patron de l\u2019OL qui nous attaque en diffamation. <\/li>\n<li class=\" align-start flex list-none mb-2\"><strong>Des r\u00e9seaux sociaux hostiles<\/strong> : Facebook, X, mais aussi Google, ces plateformes invisibilisent de plus en plus les m\u00e9dias ind\u00e9pendants en ligne. <\/li>\n<li class=\" align-start flex list-none mb-2\"><strong>La mont\u00e9e de l\u2019extr\u00eame droite<\/strong> : notre travail d\u2019enqu\u00eate sur le sujet nous expose et demande des moyens. Face \u00e0 Vincent Bollor\u00e9 ou Pierre-Edouard St\u00e9rin qui rach\u00e8tent des m\u00e9dias pour pousser leur id\u00e9ologie mortif\u00e8re, <strong>notre m\u00e9dia ind\u00e9pendant est un espace de r\u00e9sistance<\/strong>. <\/li>\n<\/ul>\n<p class=\"has-white-color has-text-color has-link-color wp-elements-0c297cb078030ca438dcec08c0d34096\">Pour toutes ces raisons, nous avons besoin de votre soutien : <strong>abonnez-vous ou faites un don \u00e0 Rue89Lyon  !<\/strong><\/p>\n","protected":false},"excerpt":{"rendered":"Lanc\u00e9e en septembre 2024, la S\u00e9curit\u00e9 sociale de l\u2019alimentation est toujours en exp\u00e9rimentation \u00e0 Lyon. Six mois plus&hellip;\n","protected":false},"author":2,"featured_media":30538,"comment_status":"","ping_status":"","sticky":false,"template":"","format":"standard","meta":{"footnotes":""},"categories":[1889],"tags":[1111,11,327,258,2430,1777,674,1011,27,2428,10510,12,25],"class_list":{"0":"post-30537","1":"post","2":"type-post","3":"status-publish","4":"format-standard","5":"has-post-thumbnail","7":"category-lyon","8":"tag-actu","9":"tag-actualites","10":"tag-agriculture","11":"tag-alimentation","12":"tag-auvergne-rhone-alpes","13":"tag-eu","14":"tag-europe","15":"tag-fr","16":"tag-france","17":"tag-lyon","18":"tag-metropole-de-lyon","19":"tag-news","20":"tag-republique-francaise"},"share_on_mastodon":{"url":"https:\/\/pubeurope.com\/@fr\/114350881802808339","error":""},"_links":{"self":[{"href":"https:\/\/www.europesays.com\/fr\/wp-json\/wp\/v2\/posts\/30537","targetHints":{"allow":["GET"]}}],"collection":[{"href":"https:\/\/www.europesays.com\/fr\/wp-json\/wp\/v2\/posts"}],"about":[{"href":"https:\/\/www.europesays.com\/fr\/wp-json\/wp\/v2\/types\/post"}],"author":[{"embeddable":true,"href":"https:\/\/www.europesays.com\/fr\/wp-json\/wp\/v2\/users\/2"}],"replies":[{"embeddable":true,"href":"https:\/\/www.europesays.com\/fr\/wp-json\/wp\/v2\/comments?post=30537"}],"version-history":[{"count":0,"href":"https:\/\/www.europesays.com\/fr\/wp-json\/wp\/v2\/posts\/30537\/revisions"}],"wp:featuredmedia":[{"embeddable":true,"href":"https:\/\/www.europesays.com\/fr\/wp-json\/wp\/v2\/media\/30538"}],"wp:attachment":[{"href":"https:\/\/www.europesays.com\/fr\/wp-json\/wp\/v2\/media?parent=30537"}],"wp:term":[{"taxonomy":"category","embeddable":true,"href":"https:\/\/www.europesays.com\/fr\/wp-json\/wp\/v2\/categories?post=30537"},{"taxonomy":"post_tag","embeddable":true,"href":"https:\/\/www.europesays.com\/fr\/wp-json\/wp\/v2\/tags?post=30537"}],"curies":[{"name":"wp","href":"https:\/\/api.w.org\/{rel}","templated":true}]}}