{"id":305373,"date":"2025-08-08T15:31:10","date_gmt":"2025-08-08T15:31:10","guid":{"rendered":"https:\/\/www.europesays.com\/fr\/305373\/"},"modified":"2025-08-08T15:31:10","modified_gmt":"2025-08-08T15:31:10","slug":"la-justice-suspend-un-vote-des-elus-pour-la-paix-en-palestine-que-sest-il-passe-a-toulouse","status":"publish","type":"post","link":"https:\/\/www.europesays.com\/fr\/305373\/","title":{"rendered":"La justice suspend un vote des \u00e9lus pour \u00ab\u00a0la paix en Palestine\u00a0\u00bb, que s&rsquo;est-il pass\u00e9 \u00e0 Toulouse\u00a0?"},"content":{"rendered":"<p>            Par<br \/>\n        <strong><br \/>\n            <a href=\"https:\/\/actu.fr\/auteur\/enzo-legros\" title=\"Consulter tous les articles de Enzo Legros\" target=\"_blank\" rel=\"noopener\">Enzo Legros<\/a><br \/>\n        <\/strong><\/p>\n<p>        Publi\u00e9 le<\/p>\n<p>            8 ao\u00fbt 2025 \u00e0 17h02        <\/p>\n<p>Au Conseil d\u00e9partemental de <a href=\"https:\/\/actu.fr\/occitanie\/haute-garonne_31\" target=\"_blank\" rel=\"noopener\">la Haute-Garonne<\/a>, comme dans toutes les collectivit\u00e9s locales, les \u00e9lus discutent parfois de sujets qui d\u00e9passent les fronti\u00e8res de leur territoire. Au mois de juin\u00a02025, le sujet tr\u00e8s sensible de la guerre opposant Isra\u00ebl et le Hamas en Palestine, s\u2019est invit\u00e9 au programme d\u2019une session publique de la collectivit\u00e9. Trois groupes politiques ont soumis \u00e0 d\u00e9lib\u00e9ration <strong>\u00ab\u2009un v\u0153u\u2009\u00bb pour \u00ab\u2009la paix en Palestine\u2009\u00bb<\/strong>, destin\u00e9 aux services de l\u2019\u00c9tat et au pr\u00e9sident<a href=\"https:\/\/actu.fr\/tag\/emmanuel-macron\" target=\"_blank\" rel=\"noopener\"> Emmanuel Macron<\/a> lui-m\u00eame. Si cette d\u00e9marche \u2014 qui rev\u00eat surtout de la <strong>symbolique politique<\/strong> \u2014 a \u00e9t\u00e9 suivie par l\u2019assembl\u00e9e, sa validit\u00e9 a \u00e9t\u00e9 de courte dur\u00e9e. Quelques semaines apr\u00e8s, la justice vient de suspendre le v\u0153u. On vous explique.<\/p>\n<p>Un vote hors sujet, selon la justice<\/p>\n<p class=\" wall-content\">Le 30\u00a0juillet 2025, le tribunal administratif de Toulouse a coup\u00e9 l\u2019herbe sous le pied des \u00e9lus, en d\u00e9cidant <strong>de suspendre le v\u0153u<\/strong> en question. Tout a commenc\u00e9 lorsque <strong>le pr\u00e9fet<\/strong> de la Haute-Garonne, <strong><a href=\"https:\/\/actu.fr\/occitanie\/toulouse_31555\/qui-est-pierre-andre-durand-le-nouveau-prefet-d-occitanie-et-de-la-haute-garonne_56980527.html\" target=\"_blank\" rel=\"noopener\">Pierre-Andr\u00e9 Durand<\/a>,<\/strong> a saisi la justice pour demander ce qu\u2019il a donc finalement obtenu\u2009: <strong>l\u2019annulation des requ\u00eates<\/strong> envoy\u00e9es au pr\u00e9sident de la R\u00e9publique.<\/p>\n<p class=\" wall-content\">Il a notamment argu\u00e9 au juge des r\u00e9f\u00e9r\u00e9s que \u00ab\u2009l\u2019objet de la d\u00e9lib\u00e9ration attaqu\u00e9e ne pr\u00e9sente <strong>pas un int\u00e9r\u00eat d\u00e9partemental\u2009\u00bb,<\/strong> et que le sujet trait\u00e9 dans le v\u0153u ne fait pas partie des <strong>comp\u00e9tences<\/strong> de la collectivit\u00e9.<\/p>\n<p>La Haute-Garonne souhaite \u00ab\u2009un cessez-le-feu imm\u00e9diat\u2009\u00bb<\/p>\n<p class=\" wall-content\">Mais que contenait cette demande adress\u00e9e \u00e0 Emmanuel Macron\u2009? Dans le document soumis au vote du Conseil fin juin, qu\u2019<a href=\"https:\/\/actu.fr\/toulouse\/\" target=\"_blank\" rel=\"noopener\">Actu Toulouse<\/a> a pu consulter, la majorit\u00e9 d\u00e9partementale r\u00e9clame trois d\u00e9cisions du chef de l\u2019\u00c9tat. Elle souhaite notamment que le pr\u00e9sident de la R\u00e9publique <strong>\u00ab\u2009r\u00e9it\u00e8re son exigence de cessez-le-feu imm\u00e9diat\u2009\u00bb<\/strong>.<\/p>\n<p class=\" wall-content\">\n<p class=\" wall-content\">Elle voudrait \u00e9galement que la France <strong>suspende tous ses accords<\/strong> de coop\u00e9ration <strong>avec Isra\u00ebl<\/strong>, et \u00ab\u2009qu\u2019elle reconnaisse enfin l\u2019\u00c9tat de Palestine\u2009\u00bb (ce que <a href=\"https:\/\/actu.fr\/monde\/la-paix-est-possible-emmanuel-macron-va-reconnaitre-l-etat-de-palestine-en-septembre_62955609.html\" target=\"_blank\" rel=\"noopener\">le pr\u00e9sident de la R\u00e9publique a, depuis, annonc\u00e9 vouloir faire<\/a> d\u2019ici septembre, NDLR).<\/p>\n<p>Vid\u00e9os : en ce moment sur Actu<\/p>\n<p class=\" wall-content\">Pour l\u2019heure, le v\u0153u des \u00e9lus locaux est <strong>temporairement mis en suspens<\/strong>. En effet, apr\u00e8s avoir requis sur la forme la suspension du texte vot\u00e9, la justice devra statuer une seconde fois sur le fond. Concr\u00e8tement, il s\u2019agira de savoir si le Conseil est l\u00e9gitime ou non \u00e0 se mobiliser sur ce sujet.<\/p>\n<p>\u00ab\u2009Ces valeurs n\u2019ont pas de fronti\u00e8res\u2009\u00bb, r\u00e9agit le pr\u00e9sident du D\u00e9partement<\/p>\n<p class=\" wall-content\">Interrog\u00e9 par Actu Toulouse ce vendredi 8\u00a0ao\u00fbt, le pr\u00e9sident (PS) du Conseil d\u00e9partemental <strong>S\u00e9bastien Vincini<\/strong> r\u00e9agit \u00e0 cette d\u00e9cision de justice\u2009:<\/p>\n<blockquote class=\"ac-article-quote wall-content\">\n<p>La situation humanitaire dramatique \u00e0 Gaza est n\u00e9e d\u2019un des conflits les plus importants de notre \u00e9poque. Nous ne pouvons pas rester silencieux face \u00e0 cette trag\u00e9die. Nous sommes des \u00e9lus d\u00e9partementaux, nous sommes des \u00e9lus de la R\u00e9publique fran\u00e7aise, et nous portons des valeurs de solidarit\u00e9, d\u2019humanisme et de fraternit\u00e9. Ces valeurs n\u2019ont pas de fronti\u00e8res.<\/p>\n<p>    <strong>S\u00e9bastien Vincini<\/strong><br \/>\n        Pr\u00e9sident du Conseil d\u00e9partemental de la Haute-Garonne    <\/p><\/blockquote>\n<p>Trois groupes de gauche \u00e0 l\u2019unisson<\/p>\n<p class=\" wall-content\">Les mois pr\u00e9c\u00e9dents, le D\u00e9partement de la Haute-Garonne <strong>s\u2019\u00e9tait d\u00e9j\u00e0 positionn\u00e9<\/strong> sur cette m\u00eame guerre, et en particulier sur la situation dans la bande de Gaza. \u00ab\u2009Nous avons condamn\u00e9 et <strong>condamnons toujours fermement l\u2019attaque terroriste<\/strong> du 7\u00a0octobre 2023, qui a co\u00fbt\u00e9 la vie \u00e0 des civils innocents et marqu\u00e9 un tournant tragique\u2009\u00bb, assurent encore dans leur v\u0153u les groupes Socialiste, radical, progressiste et citoyen\u2009; G\u00e9n\u00e9rations, socialisme et \u00e9cologie\u2009; et Communiste, r\u00e9publicain et citoyen. \u00ab\u2009Mais rien ne peut justifier <strong>le g\u00e9nocide en cours<\/strong> dans la bande de Gaza\u2009\u00bb.<\/p>\n<p class=\" wall-content\">Le 30\u00a0mai 2024, les lumi\u00e8res de l\u2019H\u00f4tel du D\u00e9partement avaient \u00e9t\u00e9 \u00e9teintes, pour une \u00ab\u2009d\u00e9cision symbolique\u2009\u00bb\u2009: comm\u00e9morer les victimes du bombardement \u00e0 Rafah, une ville situ\u00e9e <a href=\"https:\/\/actu.fr\/tag\/gaza\" target=\"_blank\" rel=\"noopener\">dans la bande de Gaza<\/a>.<\/p>\n<p class=\" wall-content\">Suivez toute l\u2019actualit\u00e9 de vos villes et m\u00e9dias favoris en vous inscrivant \u00e0 <a href=\"https:\/\/moncompte.actu.fr\" title=\"D\u00e9couvez Mon Actu\" rel=\"nofollow noopener\" data-trk=\"{&quot;cta&quot;:{&quot;action&quot;:&quot;https:\\\/\\\/moncompte.actu.fr&quot;,&quot;category&quot;:&quot;mon compte&quot;,&quot;from&quot;:&quot;article footer&quot;,&quot;name&quot;:&quot;Mon actu&quot;,&quot;type&quot;:&quot;cta&quot;}}\" target=\"_blank\">Mon Actu<\/a>.<\/p>\n<ul class=\"ac-article-tag wall-content\">\n<li><a href=\"https:\/\/actu.fr\/tag\/gaza\" data-trk=\"{&quot;cta&quot;:{&quot;action&quot;:&quot;Gaza&quot;,&quot;category&quot;:&quot;tag&quot;,&quot;from&quot;:&quot;article footer&quot;,&quot;name&quot;:&quot;Gaza&quot;,&quot;type&quot;:&quot;cta&quot;}}\" target=\"_blank\" rel=\"noopener\">#Gaza<\/a><\/li>\n<li><a href=\"https:\/\/actu.fr\/tag\/guerre-israel-hamas\" data-trk=\"{&quot;cta&quot;:{&quot;action&quot;:&quot;Guerre Isra\\u00ebl-Hamas&quot;,&quot;category&quot;:&quot;tag&quot;,&quot;from&quot;:&quot;article footer&quot;,&quot;name&quot;:&quot;Guerre Isra\\u00ebl-Hamas&quot;,&quot;type&quot;:&quot;cta&quot;}}\" target=\"_blank\" rel=\"noopener\">#Guerre Isra\u00ebl-Hamas<\/a><\/li>\n<\/ul>\n","protected":false},"excerpt":{"rendered":"Par Enzo Legros Publi\u00e9 le 8 ao\u00fbt 2025 \u00e0 17h02 Au Conseil d\u00e9partemental de la Haute-Garonne, comme dans&hellip;\n","protected":false},"author":2,"featured_media":305374,"comment_status":"","ping_status":"","sticky":false,"template":"","format":"standard","meta":{"footnotes":""},"categories":[2816],"tags":[1111,11,1777,674,1011,27,665,5643,12,2680,316,25,2312],"class_list":{"0":"post-305373","1":"post","2":"type-post","3":"status-publish","4":"format-standard","5":"has-post-thumbnail","7":"category-toulouse","8":"tag-actu","9":"tag-actualites","10":"tag-eu","11":"tag-europe","12":"tag-fr","13":"tag-france","14":"tag-gaza","15":"tag-guerre-israel-hamas","16":"tag-news","17":"tag-occitanie","18":"tag-politique","19":"tag-republique-francaise","20":"tag-toulouse"},"share_on_mastodon":{"url":"https:\/\/pubeurope.com\/@fr\/114993868569678579","error":""},"_links":{"self":[{"href":"https:\/\/www.europesays.com\/fr\/wp-json\/wp\/v2\/posts\/305373","targetHints":{"allow":["GET"]}}],"collection":[{"href":"https:\/\/www.europesays.com\/fr\/wp-json\/wp\/v2\/posts"}],"about":[{"href":"https:\/\/www.europesays.com\/fr\/wp-json\/wp\/v2\/types\/post"}],"author":[{"embeddable":true,"href":"https:\/\/www.europesays.com\/fr\/wp-json\/wp\/v2\/users\/2"}],"replies":[{"embeddable":true,"href":"https:\/\/www.europesays.com\/fr\/wp-json\/wp\/v2\/comments?post=305373"}],"version-history":[{"count":0,"href":"https:\/\/www.europesays.com\/fr\/wp-json\/wp\/v2\/posts\/305373\/revisions"}],"wp:featuredmedia":[{"embeddable":true,"href":"https:\/\/www.europesays.com\/fr\/wp-json\/wp\/v2\/media\/305374"}],"wp:attachment":[{"href":"https:\/\/www.europesays.com\/fr\/wp-json\/wp\/v2\/media?parent=305373"}],"wp:term":[{"taxonomy":"category","embeddable":true,"href":"https:\/\/www.europesays.com\/fr\/wp-json\/wp\/v2\/categories?post=305373"},{"taxonomy":"post_tag","embeddable":true,"href":"https:\/\/www.europesays.com\/fr\/wp-json\/wp\/v2\/tags?post=305373"}],"curies":[{"name":"wp","href":"https:\/\/api.w.org\/{rel}","templated":true}]}}