{"id":305375,"date":"2025-08-08T15:32:19","date_gmt":"2025-08-08T15:32:19","guid":{"rendered":"https:\/\/www.europesays.com\/fr\/305375\/"},"modified":"2025-08-08T15:32:19","modified_gmt":"2025-08-08T15:32:19","slug":"quand-le-maire-de-toulouse-appelle-a-mettre-fin-a-limpunite","status":"publish","type":"post","link":"https:\/\/www.europesays.com\/fr\/305375\/","title":{"rendered":"quand le maire de Toulouse appelle \u00e0 \u00ab\u00a0mettre fin \u00e0 l&rsquo;impunit\u00e9\u00a0\u00bb"},"content":{"rendered":"<p>            Par<br \/>\n        <strong><br \/>\n            <a href=\"https:\/\/actu.fr\/auteur\/guillaume-laurens\" title=\"Consulter tous les articles de Guillaume Laurens\" target=\"_blank\" rel=\"noopener\">Guillaume Laurens<\/a><br \/>\n        <\/strong><\/p>\n<p>        Publi\u00e9 le<\/p>\n<p>            8 ao\u00fbt 2025 \u00e0 16h02        <\/p>\n<p>Alors que les installations de <strong>gens du voyage<\/strong> se multiplient en ce mois d\u2019ao\u00fbt\u00a02025 autour de la Ville rose, comme ailleurs en France, suscitant tensions et incidents sur le territoire, le maire (divers droite) de <a href=\"https:\/\/actu.fr\/toulouse\/\" target=\"_blank\" rel=\"noopener\"><strong>Toulouse<\/strong> <\/a>a r\u00e9agi \u00e0 la situation, appelant \u00e0 \u00ab\u2009mettre fin \u00e0 <strong>l\u2019impunit\u00e9<\/strong> dont certains groupes semblent b\u00e9n\u00e9ficier\u2009\u00bb.<\/p>\n<p>\u00ab\u2009De l\u2019humanit\u00e9, mais surtout de la fermet\u00e9\u2009\u00bb, dit Jean-Luc Moudenc<\/p>\n<p class=\" wall-content\">\u00ab\u2009Cet \u00e9t\u00e9 encore, de nombreux coll\u00e8gues maires expriment leur <strong>exasp\u00e9ration<\/strong> face aux <strong>d\u00e9bordements<\/strong> li\u00e9s aux installations illicites de groupes issus de la communaut\u00e9 des \u2018Citoyens Fran\u00e7ais Itin\u00e9rants\u2019 (commun\u00e9ment appel\u00e9s \u2018gens du voyage\u2019, NDLR), allant parfois jusqu\u2019\u00e0 <strong>la d\u00e9mission\u2009\u00bb,<\/strong> \u00e9crit <a href=\"https:\/\/actu.fr\/tag\/jean-luc-moudenc\" target=\"_blank\" rel=\"noopener\"><strong>Jean-Luc Moudenc<\/strong><\/a>, faisant allusion \u00e0 la d\u00e9cision du maire d\u2019<strong>Ossun<\/strong>, dans les Hautes-Pyr\u00e9n\u00e9es, qui n\u2019en pouvait plus des installations ill\u00e9gales r\u00e9p\u00e9t\u00e9es dans sa commune.<\/p>\n<p class=\" wall-content\">\u00ab\u2009Ce sujet, aussi sensible soit-il, appelle \u00e0 la fois \u00e0 de <strong>l\u2019humanit\u00e9<\/strong>, mais surtout \u00e0 de la <strong>fermet\u00e9\u2009\u00bb<\/strong>, estime le locataire du Capitole.<\/p>\n<p>\u00ab\u2009Col\u00e8re partag\u00e9e\u2009\u00bb avec les maires de tous bords<\/p>\n<p class=\" wall-content\">Jean-Luc Moudenc rappelle ensuite \u00eatre <strong>d\u00e9j\u00e0 mont\u00e9 au cr\u00e9neau<\/strong>, apr\u00e8s <a href=\"https:\/\/actu.fr\/occitanie\/toulouse_31555\/toulouse-occupes-tout-l-ete-par-les-gens-du-voyage-les-locaux-de-ce-club-devastes-et-pilles_61590984.html\" target=\"_blank\" rel=\"noopener\">des incidents survenus en 2024 au <strong>cynodrome<\/strong><\/a>, o\u00f9 la mairie de Toulouse en avait eu pour plus de 400\u2009000\u00a0euros de remise en \u00e9tat, apr\u00e8s de multiples d\u00e9gradations.<\/p>\n<blockquote class=\"ac-article-quote wall-content\">\n<p>Il y a presque un an, aux c\u00f4t\u00e9s de plusieurs coll\u00e8gues maires de la M\u00e9tropole, de toutes sensibilit\u00e9s politiques, j\u2019avais exprim\u00e9 une col\u00e8re partag\u00e9e, tout en proposant des mesures concr\u00e8tes pour faire \u00e9voluer le cadre l\u00e9gal.<\/p>\n<p>    <strong>Jean-Luc Moudenc<\/strong><br \/>\n        Maire de Toulouse, pr\u00e9sident de Toulouse M\u00e9tropole    <\/p><\/blockquote>\n<p>Vid\u00e9os : en ce moment sur Actu<\/p>\n<p class=\" wall-content\">\u00ab\u2009L\u2019objectif\u2009\u00bb, soutient l\u2019\u00e9dile, \u00ab\u2009est de doter les maires <strong>d\u2019outils r\u00e9ellement efficaces<\/strong> pour enrayer ce ph\u00e9nom\u00e8ne\u2009\u00bb.<\/p>\n<p>Proc\u00e9dure \u00ab\u2009laxiste\u2009\u00bb avec les gens du voyage et \u00ab\u2009contraignante\u2009\u00bb pour les \u00e9lus<\/p>\n<p class=\" wall-content\">\u00ab\u2009Il ne s\u2019agit pas de stigmatiser une population, ni de remettre en cause le <strong>droit l\u00e9gitime \u00e0 une vie nomade\u2009\u00bb,<\/strong> pond\u00e8re Jean-Luc Moudenc, \u00ab\u2009mais il est imp\u00e9ratif de <strong>mettre fin \u00e0 l\u2019impunit\u00e9<\/strong> dont certains groupes semblent b\u00e9n\u00e9ficier, s\u2019arrogeant tous les droits, y compris celui de <strong>d\u00e9t\u00e9riorer le bien commun<\/strong> \u2013 le tout, souvent, aux frais du contribuable\u2009\u00bb.<\/p>\n<blockquote class=\"ac-article-quote wall-content\">\n<p>Cette impunit\u00e9 d\u00e9coule principalement d\u2019une l\u00e9gislation \u00e0 la fois trop laxiste pour sanctionner ces comportements et trop contraignante pour les \u00e9lus lorsqu\u2019il s\u2019agit d\u2019engager des proc\u00e9dures d\u2019expulsion.<\/p>\n<p>    <strong>Jean-Luc Moudenc<\/strong>\n            <\/p><\/blockquote>\n<p class=\" wall-content\">\n<p>Une r\u00e9forme \u00ab\u2009au point mort\u2009\u00bb, regrette le maire<\/p>\n<p class=\" wall-content\">\u00ab\u2009Aujourd\u2019hui\u2009\u00bb, regrette enfin Jean-Luc Moudenc, \u00ab\u2009la <strong>r\u00e9forme <\/strong>attendue par les maires est<strong> au point mort<\/strong>, malgr\u00e9 l\u2019annonce par le gouvernement d\u2019un projet de texte d\u2019ici la rentr\u00e9e\u2009\u00bb. Puis, il demande \u00e0 l\u2019\u00c9tat<strong> \u00ab\u2009d\u2019acc\u00e9l\u00e9rer<\/strong> sur ce dossier\u2009\u00bb.<\/p>\n<blockquote class=\"ac-article-quote wall-content\">\n<p>La mobilisation des \u00e9lus de Toulouse M\u00e9tropole reste, malheureusement, d\u2019actualit\u00e9. En leur nom, et en soutien \u00e0 mes coll\u00e8gues d\u00e9munis face \u00e0 ces situations, je demande au gouvernement d\u2019acc\u00e9l\u00e9rer le calendrier sur ce dossier.<\/p>\n<p>    <strong>Jean-Luc Moudenc<\/strong>\n            <\/p><\/blockquote>\n<p class=\" wall-content\">Consid\u00e9rant que \u00ab\u2009les rapports, commissions et t\u00e9moignages ont \u00e9t\u00e9 nombreux\u2009\u00bb sur cette probl\u00e9matique, le maire de la future 3e ville de France conclut\u2009: \u00ab\u2009Il est temps que <strong>les moyens juridiques n\u00e9cessaires<\/strong> soient enfin inscrits dans la loi\u2009\u00bb. Rappelons que ces derniers jours, les gens du voyage ont fait irruption ill\u00e9galement sur plusieurs sites du d\u00e9partement\u2009: <a href=\"https:\/\/actu.fr\/occitanie\/muret_31395\/gens-du-voyage-c-est-une-petite-ville-cet-enorme-camp-de-700-caravanes-va-etre-expulse-pres-de-toulouse_63004284.html\" target=\"_blank\" rel=\"noopener\">\u00e0 Muret, o\u00f9 un groupe d\u2019\u00e9vang\u00e9liste de quelque 700 caravanes a \u00e9t\u00e9 somm\u00e9 par l\u2019\u00c9tat<\/a> de plier bagage sous 48\u00a0heures, mais aussi \u00e0 Villeneuve-Tolosane, o\u00f9 <a href=\"https:\/\/actu.fr\/occitanie\/villeneuve-tolosane_31588\/ca-ne-s-arretera-jamais-depuis-74-jours-les-gens-du-voyage-occupent-des-terrains-pres-de-toulouse_63010729.html\" target=\"_blank\" rel=\"noopener\">environ 200 autres caravanes ont \u00e9lu domicile depuis 75\u00a0jours d\u00e9j\u00e0<\/a> sur des terrains priv\u00e9s.<\/p>\n<p class=\" wall-content\">Suivez toute l\u2019actualit\u00e9 de vos villes et m\u00e9dias favoris en vous inscrivant \u00e0 <a href=\"https:\/\/moncompte.actu.fr\" title=\"D\u00e9couvez Mon Actu\" rel=\"nofollow noopener\" data-trk=\"{&quot;cta&quot;:{&quot;action&quot;:&quot;https:\\\/\\\/moncompte.actu.fr&quot;,&quot;category&quot;:&quot;mon compte&quot;,&quot;from&quot;:&quot;article footer&quot;,&quot;name&quot;:&quot;Mon actu&quot;,&quot;type&quot;:&quot;cta&quot;}}\" target=\"_blank\">Mon Actu<\/a>.<\/p>\n","protected":false},"excerpt":{"rendered":"Par Guillaume Laurens Publi\u00e9 le 8 ao\u00fbt 2025 \u00e0 16h02 Alors que les installations de gens du voyage&hellip;\n","protected":false},"author":2,"featured_media":305376,"comment_status":"","ping_status":"","sticky":false,"template":"","format":"standard","meta":{"footnotes":""},"categories":[2816],"tags":[1111,11,1777,674,1011,27,2857,12,2680,316,25,2312],"class_list":{"0":"post-305375","1":"post","2":"type-post","3":"status-publish","4":"format-standard","5":"has-post-thumbnail","7":"category-toulouse","8":"tag-actu","9":"tag-actualites","10":"tag-eu","11":"tag-europe","12":"tag-fr","13":"tag-france","14":"tag-jean-luc-moudenc","15":"tag-news","16":"tag-occitanie","17":"tag-politique","18":"tag-republique-francaise","19":"tag-toulouse"},"share_on_mastodon":{"url":"https:\/\/pubeurope.com\/@fr\/114993872424816472","error":""},"_links":{"self":[{"href":"https:\/\/www.europesays.com\/fr\/wp-json\/wp\/v2\/posts\/305375","targetHints":{"allow":["GET"]}}],"collection":[{"href":"https:\/\/www.europesays.com\/fr\/wp-json\/wp\/v2\/posts"}],"about":[{"href":"https:\/\/www.europesays.com\/fr\/wp-json\/wp\/v2\/types\/post"}],"author":[{"embeddable":true,"href":"https:\/\/www.europesays.com\/fr\/wp-json\/wp\/v2\/users\/2"}],"replies":[{"embeddable":true,"href":"https:\/\/www.europesays.com\/fr\/wp-json\/wp\/v2\/comments?post=305375"}],"version-history":[{"count":0,"href":"https:\/\/www.europesays.com\/fr\/wp-json\/wp\/v2\/posts\/305375\/revisions"}],"wp:featuredmedia":[{"embeddable":true,"href":"https:\/\/www.europesays.com\/fr\/wp-json\/wp\/v2\/media\/305376"}],"wp:attachment":[{"href":"https:\/\/www.europesays.com\/fr\/wp-json\/wp\/v2\/media?parent=305375"}],"wp:term":[{"taxonomy":"category","embeddable":true,"href":"https:\/\/www.europesays.com\/fr\/wp-json\/wp\/v2\/categories?post=305375"},{"taxonomy":"post_tag","embeddable":true,"href":"https:\/\/www.europesays.com\/fr\/wp-json\/wp\/v2\/tags?post=305375"}],"curies":[{"name":"wp","href":"https:\/\/api.w.org\/{rel}","templated":true}]}}