{"id":305377,"date":"2025-08-08T15:34:10","date_gmt":"2025-08-08T15:34:10","guid":{"rendered":"https:\/\/www.europesays.com\/fr\/305377\/"},"modified":"2025-08-08T15:34:10","modified_gmt":"2025-08-08T15:34:10","slug":"six-hommes-dont-trois-dockers-condamnes-par-le-tribunal-lille","status":"publish","type":"post","link":"https:\/\/www.europesays.com\/fr\/305377\/","title":{"rendered":"six hommes, dont trois dockers, condamn\u00e9s par le tribunal Lille"},"content":{"rendered":"<p>            Par<br \/>\n        <strong><br \/>\n            <a href=\"https:\/\/actu.fr\/auteur\/hervine-mahaud\" title=\"Consulter tous les articles de Hervine Mahaud\" rel=\"nofollow noopener\" target=\"_blank\">Hervine Mahaud<\/a><br \/>\n        <\/strong><\/p>\n<p>        Publi\u00e9 le<\/p>\n<p>            8 ao\u00fbt 2025 \u00e0 16h50        <\/p>\n<p data-end=\"558\"><b data-end=\"319\">Jusqu\u2019\u00e0 sept ans de prison<\/b>. C\u2019est la peine prononc\u00e9e par la Juridiction Inter R\u00e9gionale Sp\u00e9cialis\u00e9e (JIRS) du<b> tribunal correctionnel de Lille<\/b> contre six hommes impliqu\u00e9s dans un <b data-end=\"489\">vaste r\u00e9seau d\u2019importation de coca\u00efne depuis les Cara\u00efbes<\/b>. Trois d\u2019entre eux travaillaient comme <a href=\"https:\/\/actu.fr\/tag\/dockers\" rel=\"nofollow noopener\" target=\"_blank\">dockers<\/a> au <b>port de Dunkerque<\/b>.<\/p>\n<p>Plus de 400 kilos de coca\u00efne saisis pr\u00e8s de Dunkerque<\/p>\n<p data-end=\"941\" class=\" wall-content\">L\u2019affaire d\u00e9bute le <b data-end=\"653\">3 ao\u00fbt 2021<\/b>, lorsque les enqu\u00eateurs saisissent <b data-end=\"713\">256 kilos de coca\u00efne<\/b> \u00e0 proximit\u00e9 du <b data-end=\"765\">Grand Port maritime de Dunkerque<\/b>, sur la commune de <b data-end=\"806\">Loon-Plage (Nord)<\/b>. Quelques jours plus tard, une nouvelle saisie de <b data-end=\"868\">149 kilos<\/b> vient confirmer l\u2019existence d\u2019un trafic international de grande ampleur.<\/p>\n<p data-end=\"941\" class=\" wall-content\">\u00ab\u00a0<b>La drogue \u00e9tait dissimul\u00e9e dans un conteneur en provenance des Antilles fran\u00e7aises<\/b> selon la technique dite du \u2018rip off\u2019, c\u2019est-a-dire plac\u00e9e dans des sacs de sport au sein d\u2019un <b>chargement de marchandises l\u00e9gales et facilement r\u00e9cup\u00e9rables par les trafiquants<\/b> lors du d\u00e9barquement portuaire\u00a0\u00bb, d\u00e9taille le parquet de Lille.\u00a0Les ballots \u00e9taient r\u00e9cup\u00e9r\u00e9s d\u00e8s leur arriv\u00e9e gr\u00e2ce \u00e0 la complicit\u00e9 de <b data-end=\"1139\">trois ouvriers dockers<\/b>, r\u00e9mun\u00e9r\u00e9s pour faciliter la sortie de la marchandise.<\/p>\n<p>Des peines de prison allant de 4 \u00e0 7 ans et des amendes douani\u00e8res de plusieurs millions d\u2019euros<\/p>\n<p data-end=\"1429\" class=\" wall-content\">Le proc\u00e8s, qui s\u2019est tenu du 1er au 4 juillet 2025, a mis en \u00e9vidence la structuration du r\u00e9seau et son ancrage local. Le <b data-end=\"1392\">17 juillet 2025<\/b>, le tribunal a rendu son verdict :<\/p>\n<ul class=\" wall-content\">\n<li><b>Des peines d\u2019emprisonnement allant de 4 ans, dont un an de sursis probatoire, jusqu\u2019\u00e0 5 ans, 6 ans et 7 ans d\u2019emprisonnement<\/b> pour les autres pr\u00e9venus. Cinq mandats de d\u00e9p\u00f4t \u00e0 effet diff\u00e9r\u00e9 avec ex\u00e9cution provisoire ont \u00e9t\u00e9 d\u00e9livr\u00e9s, un individu, plac\u00e9 en d\u00e9tention provisoire dans ce dossier et d\u00e9j\u00e0 condamn\u00e9 \u00e0 une peine d\u2019emprisonnement de 2 ans dans une autre affaire, a \u00e9t\u00e9 maintenu en d\u00e9tention ;<\/li>\n<li>Des peines d\u2019amendes comprises entre 10 000 \u20ac et 20 000 \u20ac ; trois pr\u00e9venus ont \u00e9t\u00e9 condamn\u00e9s solidairement au paiement d\u2019une d\u2019<b>amende douani\u00e8re de 8 576 000 \u20ac<\/b>, un autre au paiement d\u2019une amende douani\u00e8re de <b>4 983 752 \u20ac<\/b> ;<\/li>\n<li><b>Les trois dockers ont interdiction d\u00e9finitive d\u2019exercer cette profession<\/b> ; ils sont \u00e9galement interdits de paraitre dans toutes les installations portuaires de France pendant 5 ans ;<\/li>\n<li>L\u2019un des pr\u00e9venus a interdiction de d\u00e9tenir et porter une arme pendant 15 ans ;<\/li>\n<li>Des sommes en num\u00e9raire, des v\u00e9hicules et des t\u00e9l\u00e9phones, saisis chez la plupart des mis en cause, ont \u00e9t\u00e9 confisqu\u00e9s, ainsi que leurs parts dans des biens immobiliers.<\/li>\n<\/ul>\n<p>Un dossier embl\u00e9matique pour le port de Dunkerque<\/p>\n<p data-end=\"2139\" class=\" wall-content\">Cette affaire rappelle d\u2019autres saisies importantes effectu\u00e9es dans les <a href=\"https:\/\/actu.fr\/normandie\/le-havre_76351\/enlevements-menaces-apres-la-mort-d-un-docker-en-2020-pourquoi-le-narcotrafic-continue-au-port-du-havre_62757561.html\" rel=\"nofollow noopener\" target=\"_blank\">ports fran\u00e7ais ces derni\u00e8res ann\u00e9es<\/a>, o\u00f9 la complicit\u00e9 d\u2019employ\u00e9s portuaires est r\u00e9guli\u00e8rement point\u00e9e du doigt. Dunkerque, troisi\u00e8me port de France pour le trafic de conteneurs, est consid\u00e9r\u00e9 comme un point strat\u00e9gique par les r\u00e9seaux criminels.<\/p>\n<p class=\" wall-content\">Suivez toute l\u2019actualit\u00e9 de vos villes et m\u00e9dias favoris en vous inscrivant \u00e0 <a href=\"https:\/\/moncompte.actu.fr\" title=\"D\u00e9couvez Mon Actu\" rel=\"nofollow noopener\" data-trk=\"{&quot;cta&quot;:{&quot;action&quot;:&quot;https:\\\/\\\/moncompte.actu.fr&quot;,&quot;category&quot;:&quot;mon compte&quot;,&quot;from&quot;:&quot;article footer&quot;,&quot;name&quot;:&quot;Mon actu&quot;,&quot;type&quot;:&quot;cta&quot;}}\" target=\"_blank\">Mon Actu<\/a>.<\/p>\n","protected":false},"excerpt":{"rendered":"Par Hervine Mahaud Publi\u00e9 le 8 ao\u00fbt 2025 \u00e0 16h50 Jusqu\u2019\u00e0 sept ans de prison. C\u2019est la peine&hellip;\n","protected":false},"author":2,"featured_media":305378,"comment_status":"","ping_status":"","sticky":false,"template":"","format":"standard","meta":{"footnotes":""},"categories":[2815],"tags":[1111,11,28164,1052,1777,674,118,1011,27,811,303,1307,12,25],"class_list":{"0":"post-305377","1":"post","2":"type-post","3":"status-publish","4":"format-standard","5":"has-post-thumbnail","7":"category-lille","8":"tag-actu","9":"tag-actualites","10":"tag-dockers","11":"tag-drogue","12":"tag-eu","13":"tag-europe","14":"tag-faits-divers","15":"tag-fr","16":"tag-france","17":"tag-hauts-de-france","18":"tag-justice","19":"tag-lille","20":"tag-news","21":"tag-republique-francaise"},"share_on_mastodon":{"url":"https:\/\/pubeurope.com\/@fr\/114993881200006790","error":""},"_links":{"self":[{"href":"https:\/\/www.europesays.com\/fr\/wp-json\/wp\/v2\/posts\/305377","targetHints":{"allow":["GET"]}}],"collection":[{"href":"https:\/\/www.europesays.com\/fr\/wp-json\/wp\/v2\/posts"}],"about":[{"href":"https:\/\/www.europesays.com\/fr\/wp-json\/wp\/v2\/types\/post"}],"author":[{"embeddable":true,"href":"https:\/\/www.europesays.com\/fr\/wp-json\/wp\/v2\/users\/2"}],"replies":[{"embeddable":true,"href":"https:\/\/www.europesays.com\/fr\/wp-json\/wp\/v2\/comments?post=305377"}],"version-history":[{"count":0,"href":"https:\/\/www.europesays.com\/fr\/wp-json\/wp\/v2\/posts\/305377\/revisions"}],"wp:featuredmedia":[{"embeddable":true,"href":"https:\/\/www.europesays.com\/fr\/wp-json\/wp\/v2\/media\/305378"}],"wp:attachment":[{"href":"https:\/\/www.europesays.com\/fr\/wp-json\/wp\/v2\/media?parent=305377"}],"wp:term":[{"taxonomy":"category","embeddable":true,"href":"https:\/\/www.europesays.com\/fr\/wp-json\/wp\/v2\/categories?post=305377"},{"taxonomy":"post_tag","embeddable":true,"href":"https:\/\/www.europesays.com\/fr\/wp-json\/wp\/v2\/tags?post=305377"}],"curies":[{"name":"wp","href":"https:\/\/api.w.org\/{rel}","templated":true}]}}