{"id":305388,"date":"2025-08-08T15:41:14","date_gmt":"2025-08-08T15:41:14","guid":{"rendered":"https:\/\/www.europesays.com\/fr\/305388\/"},"modified":"2025-08-08T15:41:14","modified_gmt":"2025-08-08T15:41:14","slug":"un-medecin-mis-en-examen-pour-deux-viols-a-quatorze-ans-dintervalle-dans-loise","status":"publish","type":"post","link":"https:\/\/www.europesays.com\/fr\/305388\/","title":{"rendered":"Un m\u00e9decin mis en examen pour deux viols \u00e0 quatorze ans d&rsquo;intervalle dans l&rsquo;Oise"},"content":{"rendered":"<p class=\"c-chapo \">\n  Ce m\u00e9decin du travail, \u00e2g\u00e9 de 71\u00a0ans, exerce dans l&rsquo;Oise. Les faits remontent \u00e0 2011 et juillet 2025.\n<\/p>\n<p>            lire plus tard<\/p>\n<p id=\"dialog__title\" class=\"dialog__title\">Pour sauvegarder cet article, connectez-vous ou cr\u00e9ez un compte franceinfo<\/p>\n<p class=\"dialog__description\">Sans paiement. Sans abonnement.<\/p>\n<p>        Fermer la fen\u00eatre d\u2019activation des notifications France Info<\/p>\n<p>            cr\u00e9er votre compte<\/p>\n<p>            se connecter<\/p>\n<p>        Fermer la fen\u00eatre de pr\u00e9sentation<\/p>\n<p>    <img loading=\"lazy\" decoding=\"async\" class=\"signature__image lazyload\" width=\"100\" height=\"100\" data- alt=\"\" src=\"https:\/\/www.europesays.com\/fr\/wp-content\/uploads\/2025\/05\/64a68815cd1a7_placeholder-36b69ec8.png\"\/><\/p>\n<p>    Publi\u00e9 le 08\/08\/2025 16:33<\/p>\n<p>        Temps de lecture : 2min<\/p>\n<p>    <img decoding=\"async\"  alt=\"Une salle de consultation \u00e0 Montb\u00e9liard (Doubs), le 20 mars 2025. (LIONEL VADAM  \/ MAXPPP)\" width=\"432\" height=\"243\" src=\"https:\/\/www.europesays.com\/fr\/wp-content\/uploads\/2025\/08\/maxnewsspecialtwo156652-689609cf779c9506119861.jpg\" fetchpriority=\"high\"\/><\/p>\n<p>      Une salle de consultation \u00e0 Montb\u00e9liard (Doubs), le 20 mars 2025. (LIONEL VADAM  \/ MAXPPP)<\/p>\n<p>Un m\u00e9decin du travail de 71\u00a0ans, qui exerce dans l&rsquo;Oise, a \u00e9t\u00e9 mis en examen et plac\u00e9 en d\u00e9tention provisoire jeudi 7\u00a0ao\u00fbt pour des viols commis sur deux patientes, a annonc\u00e9 vendredi le procureur de Senlis. L&rsquo;un remonterait \u00e0 2011 et le deuxi\u00e8me quatorze ans plus tard, au mois de juillet. De son c\u00f4t\u00e9, le m\u00e9decin mis en cause, qui \u00ab\u00a0exerce depuis plus de quarante ans\u00a0\u00bb, a contest\u00e9 lors de sa garde \u00e0 vue les faits qui lui sont reproch\u00e9s dans ces deux affaires, pr\u00e9cise le procureur.<\/p>\n<p>Une femme de 40\u00a0ans a port\u00e9 plainte apr\u00e8s \u00ab\u00a0un rendez-vous de m\u00e9decine du travail\u00a0\u00bb le 31\u00a0juillet, explique le procureur de Senlis, Lo\u00efc Abrial, dans un communiqu\u00e9, confirmant une information du <a href=\"https:\/\/www.leparisien.fr\/faits-divers\/un-medecin-du-travail-mis-en-examen-pour-viol-et-agression-sexuelle-dans-loise-08-08-2025-CYYHM4ABYRFRTJHCEQOSQOW4HM.php\" target=\"_blank\" rel=\"noopener nofollow\">Parisien<\/a>. \u00ab\u00a0Elle accuse le praticien de lui avoir palp\u00e9 les seins, d&rsquo;avoir introduit des doigts dans son vagin et d&rsquo;avoir tent\u00e9 de faire de m\u00eame dans son anus avant qu&rsquo;elle ne parvienne \u00e0 partir du cabinet\u00a0\u00bb, d\u00e9taille le procureur.<\/p>\n<p>Au cours de l&rsquo;enqu\u00eate, \u00ab\u00a0diligent\u00e9e en flagrance par le service local de police judiciaire du commissariat de Creil\u00a0\u00bb apr\u00e8s la plainte de cette patiente, \u00ab\u00a0le parquet a ordonn\u00e9 la r\u00e9ouverture d&rsquo;une pr\u00e9c\u00e9dente proc\u00e9dure de la gendarmerie de Cr\u00e9py-en-Valois, class\u00e9e sans suite en 2015 pour infraction insuffisamment caract\u00e9ris\u00e9e\u00a0\u00bb. Cette premi\u00e8re plainte avait \u00e9t\u00e9 d\u00e9pos\u00e9e en 2013 par une femme de 42\u00a0ans, qui assurait \u00ab\u00a0qu&rsquo;au cours d&rsquo;un examen dans le cadre de la m\u00e9decine du travail fin 2011, le praticien lui avait introduit des doigts dans le vagin\u00a0\u00bb, a poursuivi Lo\u00efc Abrial. Le praticien a \u00e9t\u00e9 mis en examen jeudi pour viol et agression sexuelle par une personne abusant de l&rsquo;autorit\u00e9 que lui conf\u00e8re sa fonction. Ce crime est passible de vingt ans de r\u00e9clusion criminelle, pr\u00e9cise le magistrat.<\/p>\n<p class=\"related-tags__title\" role=\"heading\" aria-level=\"2\">les mots-cl\u00e9s associ\u00e9s \u00e0 cet article\n    <\/p>\n","protected":false},"excerpt":{"rendered":"Ce m\u00e9decin du travail, \u00e2g\u00e9 de 71\u00a0ans, exerce dans l&rsquo;Oise. Les faits remontent \u00e0 2011 et juillet 2025.&hellip;\n","protected":false},"author":2,"featured_media":305389,"comment_status":"","ping_status":"","sticky":false,"template":"","format":"standard","meta":{"footnotes":""},"categories":[1888],"tags":[1111,1928,11,1927,1777,674,1011,27,12,1926,626,1925,25],"class_list":{"0":"post-305388","1":"post","2":"type-post","3":"status-publish","4":"format-standard","5":"has-post-thumbnail","7":"category-paris","8":"tag-actu","9":"tag-actu-paris","10":"tag-actualites","11":"tag-actualites-paris","12":"tag-eu","13":"tag-europe","14":"tag-fr","15":"tag-france","16":"tag-news","17":"tag-news-paris","18":"tag-paris","19":"tag-paris-news","20":"tag-republique-francaise"},"share_on_mastodon":{"url":"https:\/\/pubeurope.com\/@fr\/114993907989854805","error":""},"_links":{"self":[{"href":"https:\/\/www.europesays.com\/fr\/wp-json\/wp\/v2\/posts\/305388","targetHints":{"allow":["GET"]}}],"collection":[{"href":"https:\/\/www.europesays.com\/fr\/wp-json\/wp\/v2\/posts"}],"about":[{"href":"https:\/\/www.europesays.com\/fr\/wp-json\/wp\/v2\/types\/post"}],"author":[{"embeddable":true,"href":"https:\/\/www.europesays.com\/fr\/wp-json\/wp\/v2\/users\/2"}],"replies":[{"embeddable":true,"href":"https:\/\/www.europesays.com\/fr\/wp-json\/wp\/v2\/comments?post=305388"}],"version-history":[{"count":0,"href":"https:\/\/www.europesays.com\/fr\/wp-json\/wp\/v2\/posts\/305388\/revisions"}],"wp:featuredmedia":[{"embeddable":true,"href":"https:\/\/www.europesays.com\/fr\/wp-json\/wp\/v2\/media\/305389"}],"wp:attachment":[{"href":"https:\/\/www.europesays.com\/fr\/wp-json\/wp\/v2\/media?parent=305388"}],"wp:term":[{"taxonomy":"category","embeddable":true,"href":"https:\/\/www.europesays.com\/fr\/wp-json\/wp\/v2\/categories?post=305388"},{"taxonomy":"post_tag","embeddable":true,"href":"https:\/\/www.europesays.com\/fr\/wp-json\/wp\/v2\/tags?post=305388"}],"curies":[{"name":"wp","href":"https:\/\/api.w.org\/{rel}","templated":true}]}}