{"id":305400,"date":"2025-08-08T15:47:10","date_gmt":"2025-08-08T15:47:10","guid":{"rendered":"https:\/\/www.europesays.com\/fr\/305400\/"},"modified":"2025-08-08T15:47:10","modified_gmt":"2025-08-08T15:47:10","slug":"etats-unis-donald-trump-veut-exclure-les-clandestins-du-recensement","status":"publish","type":"post","link":"https:\/\/www.europesays.com\/fr\/305400\/","title":{"rendered":"\u00c9tats-Unis\u00a0: Donald Trump veut exclure les clandestins du recensement"},"content":{"rendered":"<p>\n                                                Le pr\u00e9sident am\u00e9ricain a d\u00e9goupill\u00e9 une nouvelle grenade dans le jeu \u00e9lectoral, en voulant exclure les r\u00e9sidents sans-papiers du d\u00e9compte de la population am\u00e9ricaine. Une mesure a priori ill\u00e9gale.                    <\/p>\n<p>\u00abLes personnes qui vivent ill\u00e9galement dans notre pays ne seront plus compt\u00e9s dans le recensement\u00bb, a l\u00e2ch\u00e9 Donald Trump sur son r\u00e9seau Truth Social, jeudi soir (7 ao\u00fbt 2025). Une d\u00e9claration qui a fait l\u2019effet d\u2019une bombe, car, selon la Constitution am\u00e9ricaine, ce recensement d\u00e9cennal doit d\u00e9nombrer tous les r\u00e9sidents, en situation l\u00e9gale ou pas, afin d\u2019allouer correctement les fonds publics locaux. Mais cela n&rsquo;arr\u00eate pas Donald Trump: lors de son premier mandat, il avait d\u00e9j\u00e0 sign\u00e9 un d\u00e9cret pour imposer cette r\u00e9forme, rel\u00e8ve le m\u00e9dias en ligne <strong><a href=\"https:\/\/thehill.com\/homenews\/campaign\/5441978-trump-census-redistricting-war\/\" target=\"_blank\" rel=\"noopener\">The Hill<\/a><\/strong>. Ce dernier avait toutefois \u00e9t\u00e9 contest\u00e9 devant la <strong><a href=\"https:\/\/www.rfi.fr\/fr\/tag\/justice\/\" target=\"_self\" rel=\"noopener\">justice<\/a><\/strong> et finalement retir\u00e9 par son successeur, <strong><a href=\"https:\/\/www.rfi.fr\/fr\/tag\/joe-biden\/\" target=\"_self\" rel=\"noopener\">Joe Biden<\/a><\/strong>. Cette nouvelle d\u00e9claration n\u2019a pas forc\u00e9ment \u00e9t\u00e9 faite pour des gains \u00e9lectoraux directs\u00a0: cette r\u00e9forme r\u00e9duirait certes le nombre de d\u00e9put\u00e9s en Californie, qui est d\u00e9mocrate, mais aussi au Texas et en Floride, qui sont des bastions r\u00e9publicains, note <strong><a href=\"https:\/\/www.politico.com\/news\/2025\/08\/07\/trump-new-census-00497025\" target=\"_blank\" rel=\"noopener\">Politico<\/a><\/strong>. \u00abC&rsquo;est une strat\u00e9gie de communication, et elle est ing\u00e9nieuse\u00bb, explique un r\u00e9publicain cit\u00e9 par The Hill\u00a0: l&rsquo;objectif serait de faire comprendre \u00e0 la base \u00e9lectorale de Donald Trump o\u00f9 se trouvent les clandestins, et comment la pr\u00e9sence de cette population ferait gonfler les chiffres de la population en faveur des d\u00e9mocrates. Tout ceci pour faire mieux accepter les op\u00e9rations actuelles de red\u00e9coupage, au Texas ou en Arizona. Une op\u00e9ration de communication \u00e0 plusieurs bandes, donc.<\/p>\n<p>\u00a0<\/p>\n<p><strong>Apple accus\u00e9 d\u2019affaiblir la d\u00e9mocratie<\/strong><\/p>\n<p>\u00abApple pourrait envoyer la d\u00e9mocratie dans les courriers ind\u00e9sirables\u00bb, alerte une tribune du <strong><a href=\"https:\/\/www.washingtonpost.com\/opinions\/2025\/08\/07\/apple-ios-update-spam-polling-democracy\/\" target=\"_blank\" rel=\"noopener\">Washington Post<\/a><\/strong>. \u00c0 partir de septembre, le nouveau syst\u00e8me d\u2019exploitation des IPhone permettra en effet d&rsquo;\u00e9carter tous les SMS de num\u00e9ros inconnus, pour les placer dans un dossier s\u00e9par\u00e9. \u00abLes victimes collat\u00e9rales de ce syst\u00e8me seront les sondeurs d&rsquo;opinion ou de sant\u00e9 publique\u00bb, pr\u00e9vient l&rsquo;auteur, qui est co-fondateur d&rsquo;une soci\u00e9t\u00e9 d&rsquo;analyses. Aujourd&rsquo;hui, moins de 1% des sollicitations font l&rsquo;objet de r\u00e9ponse, et ce chiffre pourrait sombrer. Or \u00absans mesure d&rsquo;opinion de qualit\u00e9, il est difficile de demander des comptes aux \u00e9lus\u00bb, pr\u00e9vient le chroniqueur. Ce risque est surestim\u00e9, temp\u00e8re le m\u00e9dia sp\u00e9cialis\u00e9 <strong><a href=\"https:\/\/www.fastcompany.com\/91381587\/ios-26-political-groups-panicking-over-fundraising-truth-might-surprise-them\" target=\"_blank\" rel=\"noopener\">Fast Company<\/a><\/strong>, qui d\u00e9voile que ce filtre de SMS ind\u00e9sirables est d\u00e9j\u00e0 pr\u00e9sent depuis plusieurs ann\u00e9es sur les IPhone, mais qu&rsquo;il change juste de format. Selon Fast Company, dans le nouvel OS 26 \u00ab\u00a0Apple devrait m\u00eame rendre ces messages ind\u00e9sirables plus visibles\u00a0\u00bb.<\/p>\n<p>\u00a0<\/p>\n<p><strong>En Ha\u00efti, prise de fonction du nouveau pr\u00e9sident de la transition<\/strong><\/p>\n<p>Dans son discours d&rsquo;investiture, le jeudi 7 ao\u00fbt, Laurent Saint Cyr est revenu sur la violence des gangs, qui \u00abforce les \u00e9l\u00e8ves \u00e0 quitter les \u00e9coles et brise les familles\u00bb. Il dit vouloir r\u00e9tablir l&rsquo;autorit\u00e9 de l&rsquo;\u00c9tat et appelle la communaut\u00e9 internationale \u00e0 renforcer son soutien \u00e0 <strong><a href=\"https:\/\/www.rfi.fr\/fr\/tag\/haiti\/\" target=\"_self\" rel=\"noopener\">Ha\u00efti<\/a><\/strong>, rapporte <strong><a href=\"https:\/\/www.alterpresse.org\/spip.php?article32056\" target=\"_blank\" rel=\"noopener\">Alterpresse<\/a><\/strong>. Une urgence \u00e9vidente\u00a0: quelques heures avant son discours, des attaques ont \u00e9t\u00e9 men\u00e9es sur la route du si\u00e8ge du gouvernement. Et deux blind\u00e9s des forces <strong><a href=\"https:\/\/www.rfi.fr\/fr\/tag\/kenya\/\" target=\"_self\" rel=\"noopener\">k\u00e9nyanes<\/a><\/strong> de s\u00e9curit\u00e9 ont \u00e9t\u00e9 incendi\u00e9s. Dans son \u00e9ditorial, <strong><a href=\"https:\/\/lenouvelliste.com\/article\/258817\/cpt-il-nous-faut-un-big-bang-nous-avons-du-bing-bang\" target=\"_blank\" rel=\"noopener\">Le Nouvelliste<\/a><\/strong> est pessimiste quant \u00e0 cette nouvelle pr\u00e9sidence\u00a0: \u00abil nous faut un Big bang, une r\u00e9volution, mais nous n&rsquo;avons qu&rsquo;une cacophonie\u00bb, d\u00e9plore l&rsquo;\u00e9ditorialiste. \u00abFace \u00e0 l&rsquo;\u00e9chec de nos dirigeants, il faut maintenant craindre le pire et esp\u00e9rer le moindre mal.\u00bb\u00a0<\/p>\n<p>\u00a0<\/p>\n<p><strong>La pr\u00e9sidence de transition accus\u00e9e de corruption. <\/strong><\/p>\n<p>Entretien avec Widlore M\u00e9rancourt, r\u00e9dacteur en chef d\u2019<strong><a href=\"https:\/\/ayibopost.com\/\" target=\"_blank\" rel=\"noopener\">Ayibopost<\/a><\/strong>, et co-auteur d\u2019une enqu\u00eate sur des accusations de corruption, lanc\u00e9es par les Etats-Unis, et visant des membres du Conseil pr\u00e9sidentiel de transition.<\/p>\n<p>\u00a0<\/p>\n<p><strong>En <a href=\"https:\/\/www.rfi.fr\/fr\/tag\/argentine\/\" target=\"_self\" rel=\"noopener\">Argentine<\/a>, le pr\u00e9sident contre-attaque<\/strong><\/p>\n<p>Cela fait des semaines que <strong><a href=\"https:\/\/www.rfi.fr\/fr\/tag\/javier-milei\/\" target=\"_self\" rel=\"noopener\">Javier Milei<\/a><\/strong> fait face \u00e0 des manifestations de retrait\u00e9s pour la revalorisation de leur pension. Une r\u00e9volte compr\u00e9hensible, reconnait le journal conservateur <strong><a href=\"https:\/\/www.lanacion.com.ar\/economia\/la-pobreza-cayo-al-nivel-mas-bajo-desde-la-era-macri-pero-para-los-jubilados-sigue-siendo-50-mas-nid07082025\/\" target=\"_blank\" rel=\"noopener\">la Nacion<\/a><\/strong>, car, selon un r\u00e9cent sondage, le niveau de <strong><a href=\"https:\/\/www.rfi.fr\/fr\/tag\/pauvret\u00e9\/\" target=\"_self\" rel=\"noopener\">pauvret\u00e9<\/a><\/strong> des retrait\u00e9s est 50% plus \u00e9lev\u00e9 qu&rsquo;il y a huit ans. Mais pour contrer cette contestation, le pr\u00e9sident descend \u00e0 son tour dans la rue, o\u00f9 il attaque ses opposants de la famille Kirchner. Javier Milei clame que ce clan ne doit pas revenir au pouvoir, et lance le slogan \u00abNunca mas\u00bb, \u00abPlus jamais\u00bb, inscrit sur sa banderole. Un message controvers\u00e9, rapporte <strong><a href=\"https:\/\/www.pagina12.com.ar\/847956-milei-arranca-la-campana-banalizando-el-nunca-mas\" target=\"_blank\" rel=\"noopener\">Pagina 12<\/a><\/strong>, qui rappelle que ce \u00abPlus Jamais\u00bb a \u00e9t\u00e9 utilis\u00e9 depuis 40 ans pour s&rsquo;opposer au retour de la dictature militaire. \u00abCette op\u00e9ration brutalise le consensus d\u00e9mocratique et diabolise la force politique qui a milit\u00e9 pour les droits humains\u00bb, \u00e9crit le journal.<\/p>\n<p>\u00a0<\/p>\n<p><strong>Une \u00e9norme arnaque aux billets d\u2019avion <\/strong><\/p>\n<p>En Argentine, plus de 200 personnes auraient \u00e9t\u00e9 escroqu\u00e9es par une femme qui vendait des billets pour l&rsquo;Europe. Si beaucoup d&rsquo;Argentins ont pu voyager sans probl\u00e8mes, plusieurs dizaines de personnes se sont retrouv\u00e9es bloqu\u00e9es en <strong><a href=\"https:\/\/www.rfi.fr\/fr\/tag\/espagne\/\" target=\"_self\" rel=\"noopener\">Espagne<\/a><\/strong> d\u00e9but juillet 2025. <strong><a href=\"https:\/\/www.rfi.fr\/fr\/auteur\/marine-de-la-moissonni\u00e8re\/\" target=\"_self\" rel=\"noopener\">Marine de La Moissonni\u00e8re<\/a><\/strong> a men\u00e9 l\u2019enqu\u00eate et parl\u00e9 \u00e0 des victimes.<\/p>\n<p>\u00a0<\/p>\n<p><strong>Au <a href=\"https:\/\/www.rfi.fr\/fr\/tag\/chili\/\" target=\"_self\" rel=\"noopener\">Chili<\/a>, reportage sur le trafic de drogue <\/strong><\/p>\n<p>En deux semaines, deux affaires de trafics de <strong><a href=\"https:\/\/www.rfi.fr\/fr\/tag\/drogue\/\" target=\"_self\" rel=\"noopener\">drogue<\/a><\/strong> ont \u00e9t\u00e9 r\u00e9v\u00e9l\u00e9es, impliquant des militaires. Cela s\u2019est d\u00e9roul\u00e9 dans le nord du pays, une r\u00e9gion frontali\u00e8re avec le <strong><a href=\"https:\/\/www.rfi.fr\/fr\/tag\/p\u00e9rou\/\" target=\"_self\" rel=\"noopener\">P\u00e9rou<\/a><\/strong>, l&rsquo;Argentine et la <strong><a href=\"https:\/\/www.rfi.fr\/fr\/tag\/bolivie\/\" target=\"_self\" rel=\"noopener\">Bolivie<\/a><\/strong>, qui est consid\u00e9r\u00e9e comme \u00abla porte d&rsquo;entr\u00e9e\u00bb du crime organis\u00e9 international au Chili. Cela a alert\u00e9 les autorit\u00e9s et choqu\u00e9 la population. \u00c0 Santiago, reportage de la correspondante de RFI, <strong><a href=\"https:\/\/www.rfi.fr\/fr\/auteur\/na\u00efla-derroisn\u00e9\/\" target=\"_self\" rel=\"noopener\">Na\u00efla Derroisn\u00e9<\/a><\/strong>.<\/p>\n<p>\u00a0<\/p>\n<p><strong>Le journal de la 1\u00e8re<\/strong><\/p>\n<p>En <strong><a href=\"https:\/\/www.rfi.fr\/fr\/tag\/martinique\/\" target=\"_self\" rel=\"noopener\">Martinique<\/a><\/strong>, Beno\u00eet Ferrand, une aide <strong><a href=\"https:\/\/www.rfi.fr\/fr\/tag\/finance\/\" target=\"_self\" rel=\"noopener\">financi\u00e8re<\/a><\/strong> \u00abexceptionnelle\u00bb a \u00e9t\u00e9 d\u00e9bloqu\u00e9e pour venir en aide aux entreprises affect\u00e9es par les \u00e9meutes de l\u2019an dernier (2024).<\/p>\n","protected":false},"excerpt":{"rendered":"Le pr\u00e9sident am\u00e9ricain a d\u00e9goupill\u00e9 une nouvelle grenade dans le jeu \u00e9lectoral, en voulant exclure les r\u00e9sidents sans-papiers&hellip;\n","protected":false},"author":2,"featured_media":305401,"comment_status":"","ping_status":"","sticky":false,"template":"","format":"standard","meta":{"footnotes":""},"categories":[1589],"tags":[11,782,75,73,1866,1061,44530,12,1864,1865,1863,308],"class_list":{"0":"post-305400","1":"post","2":"type-post","3":"status-publish","4":"format-standard","5":"has-post-thumbnail","7":"category-etats-unis","8":"tag-actualites","9":"tag-ameriques","10":"tag-donald-trump","11":"tag-etats-unis","12":"tag-etats-unis-damerique","13":"tag-immigration","14":"tag-journal-dhaiti-et-des-ameriques","15":"tag-news","16":"tag-united-states","17":"tag-united-states-of-america","18":"tag-us","19":"tag-usa"},"share_on_mastodon":{"url":"https:\/\/pubeurope.com\/@fr\/114993931491960320","error":""},"_links":{"self":[{"href":"https:\/\/www.europesays.com\/fr\/wp-json\/wp\/v2\/posts\/305400","targetHints":{"allow":["GET"]}}],"collection":[{"href":"https:\/\/www.europesays.com\/fr\/wp-json\/wp\/v2\/posts"}],"about":[{"href":"https:\/\/www.europesays.com\/fr\/wp-json\/wp\/v2\/types\/post"}],"author":[{"embeddable":true,"href":"https:\/\/www.europesays.com\/fr\/wp-json\/wp\/v2\/users\/2"}],"replies":[{"embeddable":true,"href":"https:\/\/www.europesays.com\/fr\/wp-json\/wp\/v2\/comments?post=305400"}],"version-history":[{"count":0,"href":"https:\/\/www.europesays.com\/fr\/wp-json\/wp\/v2\/posts\/305400\/revisions"}],"wp:featuredmedia":[{"embeddable":true,"href":"https:\/\/www.europesays.com\/fr\/wp-json\/wp\/v2\/media\/305401"}],"wp:attachment":[{"href":"https:\/\/www.europesays.com\/fr\/wp-json\/wp\/v2\/media?parent=305400"}],"wp:term":[{"taxonomy":"category","embeddable":true,"href":"https:\/\/www.europesays.com\/fr\/wp-json\/wp\/v2\/categories?post=305400"},{"taxonomy":"post_tag","embeddable":true,"href":"https:\/\/www.europesays.com\/fr\/wp-json\/wp\/v2\/tags?post=305400"}],"curies":[{"name":"wp","href":"https:\/\/api.w.org\/{rel}","templated":true}]}}