{"id":305402,"date":"2025-08-08T15:48:16","date_gmt":"2025-08-08T15:48:16","guid":{"rendered":"https:\/\/www.europesays.com\/fr\/305402\/"},"modified":"2025-08-08T15:48:16","modified_gmt":"2025-08-08T15:48:16","slug":"le-royaume-uni-exhorte-israel-a-reconsiderer-immediatement-sa-decision-dintensifier-les-operations-militaires-a-gaza","status":"publish","type":"post","link":"https:\/\/www.europesays.com\/fr\/305402\/","title":{"rendered":"Le Royaume-Uni exhorte Isra\u00ebl \u00e0 \u00ab\u00a0reconsid\u00e9rer imm\u00e9diatement\u00a0\u00bb sa d\u00e9cision d\u2019intensifier les op\u00e9rations militaires \u00e0 Gaza"},"content":{"rendered":"<p>AA \/ Istanbul \/ Necva Tastan Sevinc<\/p>\n<p>Le Premier ministre britannique Keir Starmer a appel\u00e9 vendredi Isra\u00ebl \u00e0 \u00ab reconsid\u00e9rer imm\u00e9diatement \u00bb sa d\u00e9cision d\u2019intensifier les op\u00e9rations militaires dans la bande de Gaza, avertissant que cette d\u00e9marche \u00ab ne fera qu\u2019ajouter au sang vers\u00e9 \u00bb sans mettre fin au conflit ni assurer la lib\u00e9ration des otages.<\/p>\n<p>\u00ab La d\u00e9cision du gouvernement isra\u00e9lien d\u2019amplifier son offensive \u00e0 Gaza est une erreur, et nous l\u2019exhortons \u00e0 revenir sur cette d\u00e9cision imm\u00e9diatement \u00bb, a d\u00e9clar\u00e9 Starmer, selon un communiqu\u00e9 de Downing Street.<\/p>\n<p>\u00ab Cette action ne fera rien pour mettre fin \u00e0 ce conflit ni pour aider \u00e0 la lib\u00e9ration des otages. Elle ne fera qu\u2019ajouter au sang vers\u00e9 \u00bb, a-t-il insist\u00e9.<\/p>\n<p>Starmer a soulign\u00e9 que la crise humanitaire \u00e0 Gaza s\u2019aggrave \u00ab chaque jour \u00bb, tandis que les otages d\u00e9tenus par le Hamas \u00ab vivent dans des conditions \u00e9pouvantables et inhumaines \u00bb.<\/p>\n<p>\u00ab Ce dont nous avons besoin, c\u2019est d\u2019un cessez-le-feu, d\u2019un afflux massif d\u2019aide humanitaire, de la lib\u00e9ration de tous les otages par le Hamas, et d\u2019une solution n\u00e9goci\u00e9e \u00bb, a-t-il insist\u00e9, ajoutant que le Hamas \u00ab ne peut avoir aucune place dans l\u2019avenir de Gaza \u00bb et doit partir et se d\u00e9sarmer.<\/p>\n<p>Le chef du gouvernement britannique a \u00e9galement indiqu\u00e9 que le Royaume-Uni, avec ses alli\u00e9s, travaille sur un plan de paix \u00e0 long terme bas\u00e9 sur une solution \u00e0 deux \u00c9tats pour garantir \u00ab un avenir meilleur pour les Palestiniens et les Isra\u00e9liens \u00bb.<\/p>\n<p>Mais il a pr\u00e9venu que sans engagement de bonne foi des deux parties, \u00ab cette perspective dispara\u00eet sous nos yeux \u00bb.<\/p>\n<p>\u00ab Une solution diplomatique est possible, mais les deux camps doivent s\u2019\u00e9loigner de la voie de la destruction \u00bb, a-t-il conclu.<\/p>\n<p>                            &#13;<br \/>\n                                <a href=\"https:\/\/www.aa.com.tr\/fr\/p\/abonnement\/1001\" target=\"_blank\" style=\"font-size:12px; color:#444; text-decoration:none;\" rel=\"nofollow noopener\">&#13;<br \/>\n                                    Seulement une partie des d\u00e9p\u00eaches, que l&rsquo;Agence Anadolu diffuse \u00e0 ses abonn\u00e9s via le Syst\u00e8me de Diffusion interne (HAS), est diffus\u00e9e sur le site de l&rsquo;AA, de mani\u00e8re r\u00e9sum\u00e9e. <b style=\"color:#1897F7\">Contactez-nous s&rsquo;il vous pla\u00eet pour vous abonner.<\/b>&#13;<br \/>\n                                <\/a>&#13;<\/p>\n","protected":false},"excerpt":{"rendered":"AA \/ Istanbul \/ Necva Tastan Sevinc Le Premier ministre britannique Keir Starmer a appel\u00e9 vendredi Isra\u00ebl \u00e0&hellip;\n","protected":false},"author":2,"featured_media":305403,"comment_status":"","ping_status":"","sticky":false,"template":"","format":"standard","meta":{"footnotes":""},"categories":[1588],"tags":[11,1785,1777,674,665,12,473,1853,1851,1850,1852],"class_list":{"0":"post-305402","1":"post","2":"type-post","3":"status-publish","4":"format-standard","5":"has-post-thumbnail","7":"category-royaume-uni","8":"tag-actualites","9":"tag-anadolu-ajansi","10":"tag-eu","11":"tag-europe","12":"tag-gaza","13":"tag-news","14":"tag-royaume-uni","15":"tag-royaume-uni-de-grande-bretagne-et-dirlande-du-nord","16":"tag-uk","17":"tag-united-kingdom","18":"tag-united-kingdom-of-great-britain-and-northern-ireland"},"share_on_mastodon":{"url":"https:\/\/pubeurope.com\/@fr\/114993935414996149","error":""},"_links":{"self":[{"href":"https:\/\/www.europesays.com\/fr\/wp-json\/wp\/v2\/posts\/305402","targetHints":{"allow":["GET"]}}],"collection":[{"href":"https:\/\/www.europesays.com\/fr\/wp-json\/wp\/v2\/posts"}],"about":[{"href":"https:\/\/www.europesays.com\/fr\/wp-json\/wp\/v2\/types\/post"}],"author":[{"embeddable":true,"href":"https:\/\/www.europesays.com\/fr\/wp-json\/wp\/v2\/users\/2"}],"replies":[{"embeddable":true,"href":"https:\/\/www.europesays.com\/fr\/wp-json\/wp\/v2\/comments?post=305402"}],"version-history":[{"count":0,"href":"https:\/\/www.europesays.com\/fr\/wp-json\/wp\/v2\/posts\/305402\/revisions"}],"wp:featuredmedia":[{"embeddable":true,"href":"https:\/\/www.europesays.com\/fr\/wp-json\/wp\/v2\/media\/305403"}],"wp:attachment":[{"href":"https:\/\/www.europesays.com\/fr\/wp-json\/wp\/v2\/media?parent=305402"}],"wp:term":[{"taxonomy":"category","embeddable":true,"href":"https:\/\/www.europesays.com\/fr\/wp-json\/wp\/v2\/categories?post=305402"},{"taxonomy":"post_tag","embeddable":true,"href":"https:\/\/www.europesays.com\/fr\/wp-json\/wp\/v2\/tags?post=305402"}],"curies":[{"name":"wp","href":"https:\/\/api.w.org\/{rel}","templated":true}]}}