{"id":305404,"date":"2025-08-08T15:49:11","date_gmt":"2025-08-08T15:49:11","guid":{"rendered":"https:\/\/www.europesays.com\/fr\/305404\/"},"modified":"2025-08-08T15:49:11","modified_gmt":"2025-08-08T15:49:11","slug":"lallemagne-suspend-une-partie-de-ses-exportations-darmes-vers-israel-un-virage-majeur","status":"publish","type":"post","link":"https:\/\/www.europesays.com\/fr\/305404\/","title":{"rendered":"L\u2019Allemagne suspend une partie de ses exportations d\u2019armes vers Isra\u00ebl : un virage majeur"},"content":{"rendered":"<p>\u201cL\u2019Allemagne ne livrera plus \u00e0 Isra\u00ebl aucun \u00e9quipement militaire pouvant \u00eatre utilis\u00e9 dans la bande de Gaza\u201d, rapporte, le vendredi 8 ao\u00fbt, <a href=\"https:\/\/www.zeit.de\/politik\/ausland\/2025-08\/krieg-in-gaza-bundesregierung-schraenkt-ausfuhr-von-ruestungsguetern-ein\" rel=\"nofollow noopener\" target=\"_blank\" data-ylk=\"slk:l\u2019hebdomadaire Die Zeit;elm:context_link;itc:0;sec:content-canvas\" class=\"link \">l\u2019hebdomadaire <strong>Die Zeit<\/strong><\/a><strong>.<\/strong> Un infl\u00e9chissement majeur dans la politique \u00e9trang\u00e8re de Berlin, jusque-l\u00e0 soutien quasi inconditionnel de l\u2019\u00c9tat h\u00e9breu dans sa guerre contre le Hamas, d\u00e9clench\u00e9e apr\u00e8s les massacres commis par le mouvement islamiste palestinien le 7 octobre 2023.<\/p>\n<p>Il devient \u201cde plus en plus difficile de comprendre\u201d en quoi le plan militaire isra\u00e9lien permettrait \u00e0 Isra\u00ebl d\u2019atteindre ses objectifs dans la bande de Gaza et, \u201cdans ces circonstances, le gouvernement allemand n\u2019autorise pas, jusqu\u2019\u00e0 nouvel ordre, les exportations d\u2019\u00e9quipements militaires susceptibles d\u2019\u00eatre utilis\u00e9s dans la bande de Gaza\u201d, a d\u00e9clar\u00e9 le chancelier <a href=\"https:\/\/www.courrierinternational.com\/sujet\/friedrich-merz\" rel=\"nofollow noopener\" target=\"_blank\" data-ylk=\"slk:Friedrich Merz;elm:context_link;itc:0;sec:content-canvas\" class=\"link \">Friedrich Merz<\/a> dans un communiqu\u00e9.<\/p>\n<p>\u201cAvec l\u2019offensive pr\u00e9vue, le gouvernement isra\u00e9lien porte une responsabilit\u00e9 encore plus grande\u201d en ce qui concerne l\u2019aide aux civils de Gaza, a ajout\u00e9 le patron de la CDU au pouvoir. Une position soutenue par le vice-chancelier social-d\u00e9mocrate Lars Klingbeil, membre de la coalition au pouvoir, ajoute Die Zeit.<\/p>\n<p>\u201cRaison d\u2019\u00c9tat\u201d<\/p>\n<p>Ces annonces interviennent au lendemain de l\u2019adoption par le cabinet de s\u00e9curit\u00e9 isra\u00e9lien d\u2019un plan, <a href=\"https:\/\/www.courrierinternational.com\/article\/palestine-avec-son-plan-pour-gaza-netanyahou-met-israel-sur-la-voie-d-une-guerre-perpetuelle_233825\" rel=\"nofollow noopener\" target=\"_blank\" data-ylk=\"slk:d\u00e9voil\u00e9 par le Premier ministre Benyamin N\u00e9tanyahou;elm:context_link;itc:0;sec:content-canvas\" class=\"link \">d\u00e9voil\u00e9 par le Premier ministre Benyamin N\u00e9tanyahou<\/a>, pr\u00e9voyant la conqu\u00eate de la ville de Gaza et la possibilit\u00e9 d\u2019\u00e9tendre davantage les op\u00e9rations de Tsahal dans certaines zones non contr\u00f4l\u00e9es de l\u2019enclave palestinienne. \u00c0 Gaza, les ONG humanitaires condamnent depuis des semaines la conduite de la guerre par le gouvernement N\u00e9tanyahou et la famine engendr\u00e9e par le blocus quasi total du territoire par l\u2019arm\u00e9e isra\u00e9lienne. En Allemagne, des voix s\u2019\u00e9levaient depuis plusieurs mois pour demander au gouvernement f\u00e9d\u00e9ral de stopper ses livraisons d\u2019armes.<\/p>\n<p>En raison de sa responsabilit\u00e9 historique, l\u2019Allemagne, instigatrice de la Shoah pendant la Seconde Guerre mondiale, a toujours \u00e9t\u00e9 un soutien ind\u00e9fectible de l\u2019\u00c9tat h\u00e9breu. Elle estime m\u00eame que la s\u00e9curit\u00e9 d\u2019Isra\u00ebl rel\u00e8ve de la \u201craison d\u2019\u00c9tat\u201d allemande. Un position de plus en plus critiqu\u00e9e devant l\u2019ampleur du bilan humain \u00e0 Gaza, qui ne cesse de grimper.<\/p>\n<p>[&#8230;] <strong><a href=\"https:\/\/www.courrierinternational.com\/article\/geopolitique-l-allemagne-suspend-une-partie-de-ses-exportations-d-armes-vers-israel-un-virage-majeur_233845\" rel=\"nofollow noopener\" target=\"_blank\" data-ylk=\"slk:Lire la suite sur Courrier international;elm:context_link;itc:0;sec:content-canvas\" class=\"link \">Lire la suite sur Courrier international<\/a><\/strong><\/p>\n<p>Sur le m\u00eame sujet :<\/p>\n","protected":false},"excerpt":{"rendered":"\u201cL\u2019Allemagne ne livrera plus \u00e0 Isra\u00ebl aucun \u00e9quipement militaire pouvant \u00eatre utilis\u00e9 dans la bande de Gaza\u201d, rapporte,&hellip;\n","protected":false},"author":2,"featured_media":305405,"comment_status":"","ping_status":"","sticky":false,"template":"","format":"standard","meta":{"footnotes":""},"categories":[1587],"tags":[11,672,4628,1804,1805,1803,1777,674,4710,1801,25028,44532,12,44531,1802],"class_list":{"0":"post-305404","1":"post","2":"type-post","3":"status-publish","4":"format-standard","5":"has-post-thumbnail","7":"category-allemagne","8":"tag-actualites","9":"tag-allemagne","10":"tag-bande-de-gaza","11":"tag-bundesrepublik-deutschland","12":"tag-de","13":"tag-deutschland","14":"tag-eu","15":"tag-europe","16":"tag-friedrich-merz","17":"tag-germany","18":"tag-lars-klingbeil","19":"tag-mouvement-islamiste","20":"tag-news","21":"tag-raison-detat","22":"tag-republique-federale-dallemagne"},"share_on_mastodon":{"url":"https:\/\/pubeurope.com\/@fr\/114993939451521297","error":""},"_links":{"self":[{"href":"https:\/\/www.europesays.com\/fr\/wp-json\/wp\/v2\/posts\/305404","targetHints":{"allow":["GET"]}}],"collection":[{"href":"https:\/\/www.europesays.com\/fr\/wp-json\/wp\/v2\/posts"}],"about":[{"href":"https:\/\/www.europesays.com\/fr\/wp-json\/wp\/v2\/types\/post"}],"author":[{"embeddable":true,"href":"https:\/\/www.europesays.com\/fr\/wp-json\/wp\/v2\/users\/2"}],"replies":[{"embeddable":true,"href":"https:\/\/www.europesays.com\/fr\/wp-json\/wp\/v2\/comments?post=305404"}],"version-history":[{"count":0,"href":"https:\/\/www.europesays.com\/fr\/wp-json\/wp\/v2\/posts\/305404\/revisions"}],"wp:featuredmedia":[{"embeddable":true,"href":"https:\/\/www.europesays.com\/fr\/wp-json\/wp\/v2\/media\/305405"}],"wp:attachment":[{"href":"https:\/\/www.europesays.com\/fr\/wp-json\/wp\/v2\/media?parent=305404"}],"wp:term":[{"taxonomy":"category","embeddable":true,"href":"https:\/\/www.europesays.com\/fr\/wp-json\/wp\/v2\/categories?post=305404"},{"taxonomy":"post_tag","embeddable":true,"href":"https:\/\/www.europesays.com\/fr\/wp-json\/wp\/v2\/tags?post=305404"}],"curies":[{"name":"wp","href":"https:\/\/api.w.org\/{rel}","templated":true}]}}