{"id":305408,"date":"2025-08-08T15:51:17","date_gmt":"2025-08-08T15:51:17","guid":{"rendered":"https:\/\/www.europesays.com\/fr\/305408\/"},"modified":"2025-08-08T15:51:17","modified_gmt":"2025-08-08T15:51:17","slug":"lesperance-de-vie-en-bonne-sante-atteint-631-ans-en-2023","status":"publish","type":"post","link":"https:\/\/www.europesays.com\/fr\/305408\/","title":{"rendered":"l\u2019esp\u00e9rance de vie en bonne sant\u00e9 atteint 63,1 ans en 2023"},"content":{"rendered":"<p>            <a href=\"https:\/\/industries.ma\/wp-content\/uploads\/2025\/08\/retraite_vieillesse_shutterstock_2462702641.jpg\" data-caption=\"L\u2019esp\u00e9rance de vie en bonne sant\u00e9 dans l\u2019Union europ\u00e9enne a atteint 63,1 ans en 2023, selon les derni\u00e8res donn\u00e9es d\u2019Eurostat.\" rel=\"nofollow noopener\" target=\"_blank\"><img loading=\"lazy\" decoding=\"async\" width=\"696\" height=\"392\" class=\"entry-thumb td-modal-image\" src=\"https:\/\/www.europesays.com\/fr\/wp-content\/uploads\/2025\/08\/retraite_vieillesse_shutterstock_2462702641-696x392.jpg\"   alt=\"Union europ\u00e9enne : l\u2019esp\u00e9rance de vie en bonne sant\u00e9 atteint 63,1 ans en 2023\" title=\"Union europ\u00e9enne : l\u2019esp\u00e9rance de vie en bonne sant\u00e9 atteint 63,1 ans en 2023\"\/><\/a>L\u2019esp\u00e9rance de vie en bonne sant\u00e9 dans l\u2019Union europ\u00e9enne a atteint 63,1 ans en 2023, selon les derni\u00e8res donn\u00e9es d\u2019Eurostat.<\/p>\n<p>    <a href=\"https:\/\/www.fiat.ma\/promotions\/fiat-titano?utm_source=IDM&amp;utm_medium=RTB-RPR&amp;utm_campaign=TITANOIDMJULY25_MO_FIAT_VN_Fleet-LCV-LEV_Launch_RTB-RPR_I_ElseNo_LDS_LEAD_NA_NA&amp;partner_uid=HashedMail\" rel=\"nofollow noopener\" target=\"_blank\"><img decoding=\"async\" src=\"https:\/\/www.europesays.com\/fr\/wp-content\/uploads\/2025\/07\/Bilboard-Mobile-Desktop-970x250-1.jpg\" alt=\"\"\/><\/a><\/p>\n<p style=\"text-align: justify\"><strong>En 2023, l\u2019esp\u00e9rance de vie en bonne sant\u00e9 \u00e0 la naissance dans l\u2019Union europ\u00e9enne s\u2019est \u00e9tablie \u00e0 63,1 ans, contre 62,6 ans l\u2019ann\u00e9e pr\u00e9c\u00e9dente, selon les donn\u00e9es publi\u00e9es vendredi par Eurostat, l\u2019office statistique de l\u2019UE.<\/strong><\/p>\n<p style=\"text-align: justify\" data-start=\"338\" data-end=\"574\">Dans le d\u00e9tail, les femmes n\u00e9es en 2023 pouvaient esp\u00e9rer vivre 63,3 ans sans limitations d\u2019activit\u00e9, contre 62,8 ans pour les hommes. Cela repr\u00e9sente environ 75,4 % de l\u2019esp\u00e9rance de vie totale des femmes et 79,8 % de celle des hommes.<\/p>\n<p style=\"text-align: justify\" data-start=\"576\" data-end=\"951\">L\u2019esp\u00e9rance de vie globale \u00e9tait de 84 ans pour les femmes et de 78,7 ans pour les hommes, soit un \u00e9cart de 5,3 ans. Cependant, cet \u00e9cart est bien plus r\u00e9duit lorsqu\u2019on consid\u00e8re uniquement les ann\u00e9es v\u00e9cues en bonne sant\u00e9. Cela signifie que les femmes, malgr\u00e9 une vie plus longue, passent en moyenne davantage d\u2019ann\u00e9es avec des limitations d\u2019activit\u00e9 par rapport aux hommes.<\/p>\n<p style=\"text-align: justify\" data-start=\"953\" data-end=\"1240\">Les chiffres varient significativement d\u2019un pays \u00e0 l\u2019autre. Pour les femmes, l\u2019esp\u00e9rance de vie allait de 79,7 ans en Bulgarie \u00e0 86,7 ans en Espagne, soit un \u00e9cart de 7 ans. Chez les hommes, elle oscillait entre 70,5 ans en Lettonie et 81,7 ans en Su\u00e8de, avec une diff\u00e9rence de 11,2 ans.<\/p>\n<p style=\"text-align: justify\" data-start=\"1242\" data-end=\"1574\">Dans 17 \u00c9tats membres, les femmes b\u00e9n\u00e9ficient d\u2019un plus grand nombre d\u2019ann\u00e9es de vie en bonne sant\u00e9 que les hommes. L\u2019\u00e9cart est sup\u00e9rieur \u00e0 3 ans en faveur des femmes dans cinq pays (Bulgarie, Slov\u00e9nie, Lituanie, Estonie et Lettonie), tandis qu\u2019aux Pays-Bas, les hommes surpassent les femmes de plus de 3 ans sur ce m\u00eame indicateur.<\/p>\n<p style=\"text-align: justify\" data-start=\"1576\" data-end=\"1733\" data-is-last-node=\"\" data-is-only-node=\"\">Enfin, \u00e0 l\u2019\u00e2ge de 65 ans, les donn\u00e9es montrent que dans 20 pays de l\u2019UE, les femmes pouvaient s\u2019attendre \u00e0 vivre plus d\u2019ann\u00e9es en bonne sant\u00e9 que les hommes.<\/p>\n<p>    <a href=\"https:\/\/www.sahambank.com\/\" rel=\"nofollow noopener\" target=\"_blank\"><img decoding=\"async\" src=\"https:\/\/www.europesays.com\/fr\/wp-content\/uploads\/2025\/07\/SG-970X250-2.jpg\" alt=\"\"\/><\/a>        <\/p>\n","protected":false},"excerpt":{"rendered":"L\u2019esp\u00e9rance de vie en bonne sant\u00e9 dans l\u2019Union europ\u00e9enne a atteint 63,1 ans en 2023, selon les derni\u00e8res&hellip;\n","protected":false},"author":2,"featured_media":305409,"comment_status":"","ping_status":"","sticky":false,"template":"","format":"standard","meta":{"footnotes":""},"categories":[1586],"tags":[11,1777,674,1779,1011,27,12,25,1778,364],"class_list":{"0":"post-305408","1":"post","2":"type-post","3":"status-publish","4":"format-standard","5":"has-post-thumbnail","7":"category-europe","8":"tag-actualites","9":"tag-eu","10":"tag-europe","11":"tag-european-union","12":"tag-fr","13":"tag-france","14":"tag-news","15":"tag-republique-francaise","16":"tag-ue","17":"tag-union-europeenne"},"share_on_mastodon":{"url":"https:\/\/pubeurope.com\/@fr\/114993947291742231","error":""},"_links":{"self":[{"href":"https:\/\/www.europesays.com\/fr\/wp-json\/wp\/v2\/posts\/305408","targetHints":{"allow":["GET"]}}],"collection":[{"href":"https:\/\/www.europesays.com\/fr\/wp-json\/wp\/v2\/posts"}],"about":[{"href":"https:\/\/www.europesays.com\/fr\/wp-json\/wp\/v2\/types\/post"}],"author":[{"embeddable":true,"href":"https:\/\/www.europesays.com\/fr\/wp-json\/wp\/v2\/users\/2"}],"replies":[{"embeddable":true,"href":"https:\/\/www.europesays.com\/fr\/wp-json\/wp\/v2\/comments?post=305408"}],"version-history":[{"count":0,"href":"https:\/\/www.europesays.com\/fr\/wp-json\/wp\/v2\/posts\/305408\/revisions"}],"wp:featuredmedia":[{"embeddable":true,"href":"https:\/\/www.europesays.com\/fr\/wp-json\/wp\/v2\/media\/305409"}],"wp:attachment":[{"href":"https:\/\/www.europesays.com\/fr\/wp-json\/wp\/v2\/media?parent=305408"}],"wp:term":[{"taxonomy":"category","embeddable":true,"href":"https:\/\/www.europesays.com\/fr\/wp-json\/wp\/v2\/categories?post=305408"},{"taxonomy":"post_tag","embeddable":true,"href":"https:\/\/www.europesays.com\/fr\/wp-json\/wp\/v2\/tags?post=305408"}],"curies":[{"name":"wp","href":"https:\/\/api.w.org\/{rel}","templated":true}]}}