{"id":305414,"date":"2025-08-08T15:54:10","date_gmt":"2025-08-08T15:54:10","guid":{"rendered":"https:\/\/www.europesays.com\/fr\/305414\/"},"modified":"2025-08-08T15:54:10","modified_gmt":"2025-08-08T15:54:10","slug":"loudun-dans-le-guide-des-100-plus-beaux-detours-de-france-pour-la-quatrieme-fois","status":"publish","type":"post","link":"https:\/\/www.europesays.com\/fr\/305414\/","title":{"rendered":"Loudun dans le guide des \u00ab\u00a0100 Plus Beaux D\u00e9tours de France\u00a0\u00bb pour la quatri\u00e8me fois"},"content":{"rendered":"<p>Herv\u00e9 Mariton, pr\u00e9sident des\u00a0Plus Beaux D\u00e9tours de France, est venu jeudi 7\u00a0ao\u00fbt visiter <a target=\"_self\" href=\"https:\/\/www.lanouvellerepublique.fr\/loudun\" rel=\"noopener\">Loudun<\/a>, figurant par les 104 communes du guide 2025 Les 100 Plus Beaux D\u00e9tours de France, \u00e9dit\u00e9 en partenariat avec Michelin. Jo\u00ebl Dazas, maire et pr\u00e9sident de la communaut\u00e9 de communes du Pays loudunais, la s\u00e9natrice Marie-Jeanne-Bellamy et le d\u00e9put\u00e9 Nicolas Turquois l\u2019ont accueilli, ainsi que des \u00e9lus et acteurs du tourisme.<\/p>\n<p>L\u2019objectif de ce guide, cr\u00e9\u00e9 en 1998, est de proposer une offre touristique hors des sentiers battus, \u00ab\u00a0principalement\u00a0en dehors des zones les plus fr\u00e9quent\u00e9es qui concentrent pr\u00e8s de 80\u00a0% des visiteurs\u00a0\u00bb, affirme\u00a0Herv\u00e9 Mariton. Les plus belles petites villes de France, de 2.000 \u00e0 20.000 habitants, sont les cibles du guide \u2013 \u00e9dit\u00e9 \u00e0 180.000 exemplaires et\u00a0dont le contenu va \u00e9voluer en 2026. Dans l\u2019id\u00e9e de mieux accompagner le touriste \u00ab\u00a0de passage\u00a0\u00bb, il proposera davantage\u00a0d\u2019informations locales, sur deux pages au lieu d\u2019une seule&#8230;. <\/p>\n<p>    Cet article a \u00e9t\u00e9 tronqu\u00e9. Abonnez-vous pour lire l&rsquo;article complet sur notre site.<\/p>\n<p style=\"margin: 0 !important; padding: 0 !important; font-size: 12px !important;\">Cet article a \u00e9t\u00e9 tronqu\u00e9. Abonnez-vous pour lire l&rsquo;article complet.<\/p>\n<p>    <a href=\"https:\/\/www.lanouvellerepublique.fr\/abonnements\" style=\"display: inline-block; margin-top: 5px !important; padding: 6px 12px !important; background: #cb1c27; color: white; text-decoration: none; border-radius: 4px; font-size: 12px !important;\" target=\"_blank\" rel=\"noopener\"><br \/>\n      S&rsquo;abonner<br \/>\n    <\/a><\/p>\n","protected":false},"excerpt":{"rendered":"Herv\u00e9 Mariton, pr\u00e9sident des\u00a0Plus Beaux D\u00e9tours de France, est venu jeudi 7\u00a0ao\u00fbt visiter Loudun, figurant par les 104&hellip;\n","protected":false},"author":2,"featured_media":305415,"comment_status":"","ping_status":"","sticky":false,"template":"","format":"standard","meta":{"footnotes":""},"categories":[4],"tags":[11,1674,33,1011,27,1393,13686,12,25,602],"class_list":{"0":"post-305414","1":"post","2":"type-post","3":"status-publish","4":"format-standard","5":"has-post-thumbnail","7":"category-france","8":"tag-actualites","9":"tag-communes","10":"tag-economie","11":"tag-fr","12":"tag-france","13":"tag-loisirs","14":"tag-loudun","15":"tag-news","16":"tag-republique-francaise","17":"tag-tourisme"},"share_on_mastodon":{"url":"https:\/\/pubeurope.com\/@fr\/114993959013703736","error":""},"_links":{"self":[{"href":"https:\/\/www.europesays.com\/fr\/wp-json\/wp\/v2\/posts\/305414","targetHints":{"allow":["GET"]}}],"collection":[{"href":"https:\/\/www.europesays.com\/fr\/wp-json\/wp\/v2\/posts"}],"about":[{"href":"https:\/\/www.europesays.com\/fr\/wp-json\/wp\/v2\/types\/post"}],"author":[{"embeddable":true,"href":"https:\/\/www.europesays.com\/fr\/wp-json\/wp\/v2\/users\/2"}],"replies":[{"embeddable":true,"href":"https:\/\/www.europesays.com\/fr\/wp-json\/wp\/v2\/comments?post=305414"}],"version-history":[{"count":0,"href":"https:\/\/www.europesays.com\/fr\/wp-json\/wp\/v2\/posts\/305414\/revisions"}],"wp:featuredmedia":[{"embeddable":true,"href":"https:\/\/www.europesays.com\/fr\/wp-json\/wp\/v2\/media\/305415"}],"wp:attachment":[{"href":"https:\/\/www.europesays.com\/fr\/wp-json\/wp\/v2\/media?parent=305414"}],"wp:term":[{"taxonomy":"category","embeddable":true,"href":"https:\/\/www.europesays.com\/fr\/wp-json\/wp\/v2\/categories?post=305414"},{"taxonomy":"post_tag","embeddable":true,"href":"https:\/\/www.europesays.com\/fr\/wp-json\/wp\/v2\/tags?post=305414"}],"curies":[{"name":"wp","href":"https:\/\/api.w.org\/{rel}","templated":true}]}}