{"id":305416,"date":"2025-08-08T15:55:15","date_gmt":"2025-08-08T15:55:15","guid":{"rendered":"https:\/\/www.europesays.com\/fr\/305416\/"},"modified":"2025-08-08T15:55:15","modified_gmt":"2025-08-08T15:55:15","slug":"craig-stefureak-detrone-yohann-benson-golf-media-info-en-ligne","status":"publish","type":"post","link":"https:\/\/www.europesays.com\/fr\/305416\/","title":{"rendered":"Craig Stefureak d\u00e9tr\u00f4ne Yohann Benson &#8211; Golf Media-info en Ligne"},"content":{"rendered":"<ol>\n<li><a href=\"https:\/\/news.google.com\/rss\/articles\/CBMiekFVX3lxTE5wU1pad2hwNTBTUGxya0FLUHpocndpdEdpSVNuZWYtUDU4d1lmVks2aGVrQXhIdDZsMGF6Q0lQSllveW9kZEVXUjRCNWhmSjVPWHp2aFozODR6SDNJa3NJLS1nbmVMT3hQbFVyVzZvOWx4aFZ0ZFpwTWRn?oc=5\" target=\"_blank\" rel=\"nofollow noopener\">Craig Stefureak d\u00e9tr\u00f4ne Yohann Benson<\/a>&nbsp;&nbsp;Golf Media-info en Ligne<\/li>\n<li><a href=\"https:\/\/news.google.com\/rss\/articles\/CBMi6AFBVV95cUxPdlhwZUJSZFowTUI2bnEwQXRKUlp3SUxvM091VEtQbFBMNExRVVJPNDR2ZlZOenZDSnNXb2pCNUh6WC1aTG9XeXJ3SkQ5LVpJSGlMd2VObUZ2UHh4VzRWV1FSUmU4QkdKMC03cUlHSkt4UDBzYm1OQWswRjRqZXd0MzVPaE50Z2p3SnNGbXhYTEM3VWVVc1dhSUQzRW9DMzNKdDI1TGFHWmhRWTVoQXAtbDBwSlFrMEtJYlF4Y3BpU1ZiRUFUODhlemF6VEs1UmNOeWlvdUZKd2lzbFlBclpaWjF3V21qMmV3?oc=5\" target=\"_blank\" rel=\"nofollow noopener\">Craig Stefureak remporte le 103e Championnat du Canada de la PGA par trois coups au Pinegrove Country Club<\/a>&nbsp;&nbsp;PGA of Canada<\/li>\n<li><a href=\"https:\/\/news.google.com\/rss\/articles\/CBMilAJBVV95cUxPdGVnaVhVdDBEWkxSdV85dUx5eUpXSlk0QlI2djNPcFZJTzdTUmVMR1I4NmtueHk4NXA4SDNUTlBCbzVmZndRSUlENnFZUGJJN2FyUDVjY09ScGdidUpkbGlFbjlJWWtiazh2cUJORnRQUXE0XzBIU2tjbFl3SUZ3OHp2OWtnR2tPOGViYXNkeTRORFk2a1NqdWdCeFMySFNaRDFpTnNZNWJDU09hYzc3T2lDSW1HcndzdDgtblViTjlEX1l1QjJWblVvVVV5X0IyMlc5eUswN2ZLa0I2R1ZnR2dEVGZIVVF0c2lKTXNrWllyeFRpWm9vemhTM2pFOG8tRC0tcDdWd1NuOG1yUVR5SUJYd2o?oc=5\" target=\"_blank\" rel=\"nofollow noopener\">\u00d4 Canada, festival de la scie m\u00e9canique, en direct de Qu\u00e9bec, le golf va aux\u2026 \u00ab vues \u00bb, voici pourquoi \u00e7a sent la coupe \u00e0 la fin juillet et autres nouvelles<\/a>&nbsp;&nbsp;Golf Canada<\/li>\n<li><a href=\"https:\/\/news.google.com\/rss\/articles\/CBMiowFBVV95cUxORlVjcjZiX3lSbTE5QzlpUlYwUTh3ZVc4Sk53VVBYRkJaZk96TEVSbFVzUTl4VW56X3dDa2FHeTNCaE14ZkNjUF9ZTndqYmhwbmttNndkLU44OUVQbi0wck02eFB2eEtXVDdlS2t4ZkRvMF9nOTJNMFo5Sl9FNGJOSXJxN1JlZTNMUVZWQk9WWm9BTk42X0FXeEwtSHpWTmtSN2xv?oc=5\" target=\"_blank\" rel=\"nofollow noopener\">Les golfeurs de la PGA Canada au Pinegrove du 28 au 31 juillet<\/a>&nbsp;&nbsp;Le Canada Fran\u00e7ais<\/li>\n<li><a href=\"https:\/\/news.google.com\/rss\/articles\/CBMi-AFBVV95cUxPOE5Od1RFNUNEN2xDZV8yX2t6SUhjY0pNWFJSbU5KVS10N3ZQakotQkRDSnBUVFA4MjlKbDBIS2JLZFpEUEQxNTBpS3EtV0dNYzRWNXhlRWxqb1Joa2E4R09TU2otdF9hUDE3MkFRSjdnRDlzWlF1RFhNZHNERzRaeEFYZ1h5aVowaVVqQXB2ZWE3TTEwY0xUWXpqeDFxODhPUXRlVzlUSG1Ic1lzTmE5X2pNMU5hb1RDaF9mVEJMSkZDcEowcXJ5dVdyZ3dJS21nODlQMFVMQl9UeGx1bG5WRmhndlRFNFo0REd0akdTS0VWaGF0TnRhWQ?oc=5\" target=\"_blank\" rel=\"nofollow noopener\">Chris Vandette, ancien champion canadien junior, r\u00e9alise un 65 sans boguey pour mener le Championnat de la PGA du Canada<\/a>&nbsp;&nbsp;PGA of Canada<\/li>\n<\/ol>\n","protected":false},"excerpt":{"rendered":"Craig Stefureak d\u00e9tr\u00f4ne Yohann Benson&nbsp;&nbsp;Golf Media-info en Ligne Craig Stefureak remporte le 103e Championnat du Canada de la&hellip;\n","protected":false},"author":2,"featured_media":305417,"comment_status":"","ping_status":"","sticky":false,"template":"","format":"standard","meta":{"footnotes":""},"categories":[1418],"tags":[1011,27,1472,60],"class_list":{"0":"post-305416","1":"post","2":"type-post","3":"status-publish","4":"format-standard","5":"has-post-thumbnail","7":"category-golf","8":"tag-fr","9":"tag-france","10":"tag-golf","11":"tag-sports"},"share_on_mastodon":{"url":"https:\/\/pubeurope.com\/@fr\/114993962946201448","error":""},"_links":{"self":[{"href":"https:\/\/www.europesays.com\/fr\/wp-json\/wp\/v2\/posts\/305416","targetHints":{"allow":["GET"]}}],"collection":[{"href":"https:\/\/www.europesays.com\/fr\/wp-json\/wp\/v2\/posts"}],"about":[{"href":"https:\/\/www.europesays.com\/fr\/wp-json\/wp\/v2\/types\/post"}],"author":[{"embeddable":true,"href":"https:\/\/www.europesays.com\/fr\/wp-json\/wp\/v2\/users\/2"}],"replies":[{"embeddable":true,"href":"https:\/\/www.europesays.com\/fr\/wp-json\/wp\/v2\/comments?post=305416"}],"version-history":[{"count":0,"href":"https:\/\/www.europesays.com\/fr\/wp-json\/wp\/v2\/posts\/305416\/revisions"}],"wp:featuredmedia":[{"embeddable":true,"href":"https:\/\/www.europesays.com\/fr\/wp-json\/wp\/v2\/media\/305417"}],"wp:attachment":[{"href":"https:\/\/www.europesays.com\/fr\/wp-json\/wp\/v2\/media?parent=305416"}],"wp:term":[{"taxonomy":"category","embeddable":true,"href":"https:\/\/www.europesays.com\/fr\/wp-json\/wp\/v2\/categories?post=305416"},{"taxonomy":"post_tag","embeddable":true,"href":"https:\/\/www.europesays.com\/fr\/wp-json\/wp\/v2\/tags?post=305416"}],"curies":[{"name":"wp","href":"https:\/\/api.w.org\/{rel}","templated":true}]}}