{"id":305418,"date":"2025-08-08T15:56:11","date_gmt":"2025-08-08T15:56:11","guid":{"rendered":"https:\/\/www.europesays.com\/fr\/305418\/"},"modified":"2025-08-08T15:56:11","modified_gmt":"2025-08-08T15:56:11","slug":"les-finales-du-volley-et-du-basket-reunion-face-a-madagascar-en-direct","status":"publish","type":"post","link":"https:\/\/www.europesays.com\/fr\/305418\/","title":{"rendered":"les finales du volley et du basket, R\u00e9union face \u00e0 Madagascar, en direct"},"content":{"rendered":"<p>Les volleyeuses de La R\u00e9union d\u00e9fieront Madagascar \u00e0 15h et les basketteurs p\u00e9\u00ef, joueront face \u00e0 la s\u00e9lection malgache \u00e0 17h. Deux finales \u00e0 vivre en direct sur le site Internet ou sur la page Facebook de R\u00e9union la 1\u00e8re. De son c\u00f4t\u00e9, la Saint-Pierroise, Gabrielle Saint-Jalmes, est, toujours en course pour le podium de la voile.<\/p>\n<p>La R\u00e9union entame cette avant-derni\u00e8re journ\u00e9e de comp\u00e9tition avec une avance. La s\u00e9lection comptabilise 124 m\u00e9dailles (52 en or, 43 en argent et 29 en bronze). Cette collection devrait encore grossir, gr\u00e2ce aux volleyeuses et aux basketteurs.<\/p>\n<p>Ces matchs seront \u00e0 vivre en direct avec Patrick Ramoudou <a href=\"https:\/\/la1ere.franceinfo.fr\/reunion\/\" target=\"_blank\" rel=\"noopener nofollow\">sur le site Internet<\/a>, voire sur la page <a href=\"https:\/\/www.facebook.com\/reunionla1ere\/\" target=\"_blank\" rel=\"noopener nofollow\">Facebook de R\u00e9union la 1\u00e8re<\/a>.\u00a0<\/p>\n<p>La finale des volleyeuses devrait d\u00e9buter vers 15h, celle des basketteurs commencera aux alentours de 17h.<\/p>\n<p>L&rsquo;athl\u00e9tisme est toujours en piste. \u00a0La finale du 400 m (gar\u00e7ons), le relais medley (filles, puis gar\u00e7ons) sont programm\u00e9s \u00e0 partir de 16h.<\/p>\n<p>                                    <img class=\"a-article__image lazy libre\" width=\"0\" height=\"0\" data-src=\"https:\/\/www.europesays.com\/fr\/wp-content\/uploads\/2025\/08\/gabrielle-6895b7d2e4b52642340403.jpg\" style=\"--img-placeholder: url('\/assets\/img\/placeholders\/article-800-450.svg');\" alt=\"Jeux des jeunes voile Seychelles 8 08 2025\" aria-hidden=\"true\"\/><\/p>\n<p>                Les r\u00e9gates 9 et 10 ont lieu, ce vendredi, au large de Mah\u00e9.<br \/>\n                     \u2022<br \/>\n                            \u00a9Ligue r\u00e9unionnaise de voile<\/p>\n<p>Loin des stades, la Saint-Pierroise, Gabrielle Saint-Jalmes, se bat depuis le d\u00e9but de la semaine pour apporter sa contribution \u00e0 la d\u00e9l\u00e9gation r\u00e9unionnaise. Ce matin se disputent les r\u00e9gates 9 et 10. Elle est toujours en course pour le podium.\u00a0<\/p>\n<p>Reste \u00e0 savoir qu&rsquo;elle sera la couleur du m\u00e9tal.<\/p>\n<p>Pour ses entra\u00eeneurs, quel que soit le r\u00e9sultat final, cette comp\u00e9tition sera tr\u00e8s enrichissante pour la jeune skippeuse.<\/p>\n<p>                                    <img class=\"a-article__image lazy libre\" width=\"0\" height=\"0\" data-src=\"https:\/\/www.europesays.com\/fr\/wp-content\/uploads\/2025\/08\/voile-6895b5a4f3384118597726.jpg\" style=\"--img-placeholder: url('\/assets\/img\/placeholders\/article-800-450.svg');\" alt=\"Voile JSOI Gabrielle Saint-Jalmes jeux des jeunes Seychelles 8 ao\u00fbt 2025\" aria-hidden=\"true\"\/><\/p>\n<p>                Gabrielle Saint-Jalmes est toujours en course pour une m\u00e9daille. L&rsquo;or semble difficile \u00e0 atteindre, mais le podium reste ouvert.<br \/>\n                     \u2022<br \/>\n                            \u00a9Ligue r\u00e9unionnaise de voile<\/p>\n","protected":false},"excerpt":{"rendered":"Les volleyeuses de La R\u00e9union d\u00e9fieront Madagascar \u00e0 15h et les basketteurs p\u00e9\u00ef, joueront face \u00e0 la s\u00e9lection&hellip;\n","protected":false},"author":2,"featured_media":305419,"comment_status":"","ping_status":"","sticky":false,"template":"","format":"standard","meta":{"footnotes":""},"categories":[1417],"tags":[1011,27,60,1470,1469],"class_list":{"0":"post-305418","1":"post","2":"type-post","3":"status-publish","4":"format-standard","5":"has-post-thumbnail","7":"category-volley","8":"tag-fr","9":"tag-france","10":"tag-sports","11":"tag-volley","12":"tag-volleyball"},"share_on_mastodon":{"url":"https:\/\/pubeurope.com\/@fr\/114993966852980911","error":""},"_links":{"self":[{"href":"https:\/\/www.europesays.com\/fr\/wp-json\/wp\/v2\/posts\/305418","targetHints":{"allow":["GET"]}}],"collection":[{"href":"https:\/\/www.europesays.com\/fr\/wp-json\/wp\/v2\/posts"}],"about":[{"href":"https:\/\/www.europesays.com\/fr\/wp-json\/wp\/v2\/types\/post"}],"author":[{"embeddable":true,"href":"https:\/\/www.europesays.com\/fr\/wp-json\/wp\/v2\/users\/2"}],"replies":[{"embeddable":true,"href":"https:\/\/www.europesays.com\/fr\/wp-json\/wp\/v2\/comments?post=305418"}],"version-history":[{"count":0,"href":"https:\/\/www.europesays.com\/fr\/wp-json\/wp\/v2\/posts\/305418\/revisions"}],"wp:featuredmedia":[{"embeddable":true,"href":"https:\/\/www.europesays.com\/fr\/wp-json\/wp\/v2\/media\/305419"}],"wp:attachment":[{"href":"https:\/\/www.europesays.com\/fr\/wp-json\/wp\/v2\/media?parent=305418"}],"wp:term":[{"taxonomy":"category","embeddable":true,"href":"https:\/\/www.europesays.com\/fr\/wp-json\/wp\/v2\/categories?post=305418"},{"taxonomy":"post_tag","embeddable":true,"href":"https:\/\/www.europesays.com\/fr\/wp-json\/wp\/v2\/tags?post=305418"}],"curies":[{"name":"wp","href":"https:\/\/api.w.org\/{rel}","templated":true}]}}