{"id":305420,"date":"2025-08-08T15:57:13","date_gmt":"2025-08-08T15:57:13","guid":{"rendered":"https:\/\/www.europesays.com\/fr\/305420\/"},"modified":"2025-08-08T15:57:13","modified_gmt":"2025-08-08T15:57:13","slug":"transferts-de-legende-un-exemple-pour-tout-le-monde-conrad-smith-a-pau-en-2015-lenorme-coup-du-promu-bearnais","status":"publish","type":"post","link":"https:\/\/www.europesays.com\/fr\/305420\/","title":{"rendered":"Transferts de l\u00e9gende \u2013 \u00ab\u00a0Un exemple pour tout le monde\u00a0\u00bb : Conrad Smith \u00e0 Pau en 2015, l&rsquo;\u00e9norme coup du promu b\u00e9arnais"},"content":{"rendered":"<p>\n                Chaque semaine, Midi Olympique vous propose de plonger dans les coulisses d\u2019un transfert qui aura marqu\u00e9 l\u2019histoire du Top 14. Cette semaine, retour sur la signature de Conrad Smith \u00e0 Pau en 2015. Promu en premi\u00e8re division, le club b\u00e9arnais a vu les choses en grand pour exister au plus haut niveau.\n            <\/p>\n<p>Pour d\u00e9couvrir le Top 14, la Section paloise a vu les choses en grand. En tr\u00e8s grand. Au d\u00e9but de l\u2019ann\u00e9e 2015, les B\u00e9arnais, bien install\u00e9s \u00e0 la premi\u00e8re place, \u00e9voluent encore en deuxi\u00e8me division mais foncent vers l\u2019\u00e9lite. \u00c0 l\u2019\u00e9poque, le premier du classement \u00e0 la fin de la phase r\u00e9guli\u00e8re de Pro D2 est sacr\u00e9 champion de France et obtient son billet pour l\u2019\u00e9chelon sup\u00e9rieur.<\/p>\n<p>\u00ab\u00a0Ce format nous a permis de pr\u00e9parer notre mont\u00e9e, se rappelle David Aucagne, entra\u00eeneur des trois-quarts palois il y a dix ans. Gr\u00e2ce \u00e0 notre tr\u00e8s bon d\u00e9but de saison, la promotion s\u2019est rapidement rapproch\u00e9e. Notre recrutement s\u2019est acc\u00e9l\u00e9r\u00e9.\u00a0\u00bb\u00a0Pas vraiment excit\u00e9s par l\u2019id\u00e9e de faire l\u2019ascenseur, les dirigeants b\u00e9arnais ont couch\u00e9 de gros noms sur la liste des transferts. Un seul attire un peu plus l\u2019\u0153il que les autres\u00a0: Conrad Smith.\u00a0Une piste aussi folle qu\u2019excitante, qui s\u2019est rapidement transform\u00e9e en \u00e9norme coup sur le march\u00e9.<\/p>\n<p>Mannix-Smith, la connexion n\u00e9o-z\u00e9landaise<\/p>\n<p>Les contacts n\u2019ont pas \u00e9t\u00e9 difficiles \u00e0 prendre avec l\u2019entourage du All Black. \u00ab\u00a0Simon Mannix (1 s\u00e9lection avec la Nouvelle-Z\u00e9lande), qui \u00e9tait le manager, avait des connexions en Nouvelle-Z\u00e9lande, explique Aucagne. Il recherchait des joueurs de talent bien \u00e9videmment, mais surtout aguerris et exp\u00e9riment\u00e9s. L\u2019objectif \u00e9tait de voir arriver des mecs qui allaient peser dans un groupe, apporter \u00e0 leurs partenaires\u2026\u00a0\u00bb<\/p>\n<p>        <img decoding=\"async\" class=\"std-img__img responsive-img\" src=\"https:\/\/www.europesays.com\/fr\/wp-content\/uploads\/2025\/08\/1754668633_421_image.jpg\" alt=\"Simon Mannix et Conrad Smith se connaissaient bien.\"\/><\/p>\n<p>                Simon Mannix et Conrad Smith se connaissaient bien.<br \/>\n                                    Manuel Blondeau \/ Icon Sport<\/p>\n<p>D\u00e8s f\u00e9vrier, la signature du joueur des Hurricanes est annonc\u00e9e. D\u00e9bute \u00e0 partir de ce moment-l\u00e0 une longue attente pour les supporters vert et blanc\u00a0: \u00ab\u00a0\u00c7a en parlait forc\u00e9ment du c\u00f4t\u00e9 du Hameau. Pour les fans, c\u2019\u00e9tait assez fou d\u2019avoir un mec comme \u00e7a qui signe \u00e0 Pau.\u00a0\u00bb\u00a0Surtout qu\u2019avec la Coupe du monde 2015 \u00e0 jouer en Angleterre, Conrad Smith manquera forc\u00e9ment le d\u00e9but de saison. De l\u2019autre c\u00f4t\u00e9 de la Manche, Smith remporte une deuxi\u00e8me Coupe du monde avec les Kiwis avec un statut de titulaire indiscutable. Il \u00e9tait notamment titulaire lors du fameux quart de finale face aux Bleus (62-13) et en finale contre l\u2019Australie (34-17).<\/p>\n<p>C&rsquo;est une v\u00e9ritable rock star qui atterrit \u00e0 l\u2019a\u00e9roport de Pau le 14\u00a0d\u00e9cembre. Aussit\u00f4t les pieds pos\u00e9s sur le territoire fran\u00e7ais, l\u2019ancien des Canes s\u2019est vu offrir un b\u00e9ret, tradition oblige\u2026<\/p>\n<p>Un patron, un vrai<\/p>\n<p>Cinq jours apr\u00e8s son arriv\u00e9e en France, Conrad Smith dispute son premier match avec la Section paloise. Rempla\u00e7ant au coup d\u2019envoi, le N\u00e9o-Z\u00e9landais affronte Newport en Challenge Cup. C\u2019est le 27\u00a0d\u00e9cembre 2015 que le centre d\u00e9couvre le Top 14 sur le rectangle vert du Hameau face \u00e0 La\u00a0Rochelle.<\/p>\n<p>En quelques semaines, la recrue star de la Section paloise devient un des cadres du groupe vert et blanc. David Aucagne se souvient\u00a0: \u00ab\u00a0C\u2019\u00e9tait quelqu\u2019un de tr\u00e8s travailleur. Il a directement \u00e9t\u00e9 tr\u00e8s investi, autant sur le plan de jeu que lors des entra\u00eenements. On l\u2019avait aussi missionn\u00e9 sur tout ce qui \u00e9tait d\u00e9fensif car c\u2019\u00e9tait une r\u00e9f\u00e9rence. Tout s\u2019est tr\u00e8s bien pass\u00e9.\u00a0\u00bb<\/p>\n<p>Et comme pour de nombreux grands joueurs, les mots sont rares mais pr\u00e9cieux\u00a0: \u00ab\u00a0C\u2019\u00e9tait un exemple pour tout le monde. Il ne parlait pas \u00e9norm\u00e9ment mais chaque parole \u00e9tait importante pour le groupe. Que des discours cibl\u00e9s, doux et utiles pour la suite.\u00a0\u00bb Un vrai patron, quoi.<\/p>\n<p>Au final, Conrad Smith a disput\u00e9 trois saisons avec le maillot de la Section paloise sur les \u00e9paules, le num\u00e9ro\u00a013 coll\u00e9 dans le dos. M\u00eame s\u2019il n\u2019a pas r\u00e9ussi \u00e0 porter le club en phase finale, le All Black aux 94 s\u00e9lections fut un acteur majeur du d\u00e9veloppement de Pau.<\/p>\n","protected":false},"excerpt":{"rendered":"Chaque semaine, Midi Olympique vous propose de plonger dans les coulisses d\u2019un transfert qui aura marqu\u00e9 l\u2019histoire du&hellip;\n","protected":false},"author":2,"featured_media":305421,"comment_status":"","ping_status":"","sticky":false,"template":"","format":"standard","meta":{"footnotes":""},"categories":[1416],"tags":[1011,27,479,1468,60],"class_list":{"0":"post-305420","1":"post","2":"type-post","3":"status-publish","4":"format-standard","5":"has-post-thumbnail","7":"category-rugby","8":"tag-fr","9":"tag-france","10":"tag-rugby","11":"tag-rugby-football","12":"tag-sports"},"share_on_mastodon":{"url":"https:\/\/pubeurope.com\/@fr\/114993970832693909","error":""},"_links":{"self":[{"href":"https:\/\/www.europesays.com\/fr\/wp-json\/wp\/v2\/posts\/305420","targetHints":{"allow":["GET"]}}],"collection":[{"href":"https:\/\/www.europesays.com\/fr\/wp-json\/wp\/v2\/posts"}],"about":[{"href":"https:\/\/www.europesays.com\/fr\/wp-json\/wp\/v2\/types\/post"}],"author":[{"embeddable":true,"href":"https:\/\/www.europesays.com\/fr\/wp-json\/wp\/v2\/users\/2"}],"replies":[{"embeddable":true,"href":"https:\/\/www.europesays.com\/fr\/wp-json\/wp\/v2\/comments?post=305420"}],"version-history":[{"count":0,"href":"https:\/\/www.europesays.com\/fr\/wp-json\/wp\/v2\/posts\/305420\/revisions"}],"wp:featuredmedia":[{"embeddable":true,"href":"https:\/\/www.europesays.com\/fr\/wp-json\/wp\/v2\/media\/305421"}],"wp:attachment":[{"href":"https:\/\/www.europesays.com\/fr\/wp-json\/wp\/v2\/media?parent=305420"}],"wp:term":[{"taxonomy":"category","embeddable":true,"href":"https:\/\/www.europesays.com\/fr\/wp-json\/wp\/v2\/categories?post=305420"},{"taxonomy":"post_tag","embeddable":true,"href":"https:\/\/www.europesays.com\/fr\/wp-json\/wp\/v2\/tags?post=305420"}],"curies":[{"name":"wp","href":"https:\/\/api.w.org\/{rel}","templated":true}]}}