{"id":305422,"date":"2025-08-08T15:58:10","date_gmt":"2025-08-08T15:58:10","guid":{"rendered":"https:\/\/www.europesays.com\/fr\/305422\/"},"modified":"2025-08-08T15:58:10","modified_gmt":"2025-08-08T15:58:10","slug":"victorieuse-a-montreal-la-canadienne-victoria-mboko-gagne-61-places-dun-coup-au-classement-wta-lequipe","status":"publish","type":"post","link":"https:\/\/www.europesays.com\/fr\/305422\/","title":{"rendered":"Victorieuse \u00e0 Montr\u00e9al, la Canadienne Victoria Mboko gagne 61 places d&#039;un coup au classement WTA &#8211; L&#039;\u00c9quipe"},"content":{"rendered":"<ol>\n<li><a href=\"https:\/\/news.google.com\/rss\/articles\/CBMi3AFBVV95cUxPT25CX3JXQWxBVkFKTFpfcjd3VFl4VnJzQlRlbTNESGZiUWVoc0ZJODRTb1U2VVhneVdTMTdPR0hHUFZwZ0ZUel9aRHQ0ZFNHSWFNYjZVWm1sTHBaUjY0SDV3OEpqenB6UDdsRzdlQWJibmdEYlBVUE0yNU9oOHU0SFM1V2xwWUhnYktFTGNxZXZ6emxZYjhfRmhoRnpVbzhGNDlZc0JSY2xOWXpkY21EX0RXV19JalB4YWZXRExjUk9UX1I0M1NUTGNYZmFRY041ZzNTblZ0YWx3a25R?oc=5\" target=\"_blank\" rel=\"nofollow noopener\">Victorieuse \u00e0 Montr\u00e9al, la Canadienne Victoria Mboko gagne 61 places d&rsquo;un coup au classement WTA<\/a>&nbsp;&nbsp;L&rsquo;\u00c9quipe<\/li>\n<li><a href=\"https:\/\/news.google.com\/rss\/articles\/CBMi3gFBVV95cUxNMW15NnVHN1lxdjhYMGliSk03ZVRnOWxjU0pScWtpRVNHZmpXYXhJTkZXS1FqME1XcnkwZjlaOW9vSnBuV1ZwRy1pZDhhRWZRSUlPRGJ2eXVMa29uT0lkY0p0SlpaS2sxMnJ1ZENnSm85bDAzMEtSOG1RTWsybUw1UF9ONmZDNnd4WVpMRnBvZ3VTZjhhLXdiLUpIZnl3SmNYVlRhNG5XandFRVRXRWg3R2J5N1pUYVYxWlFOb2VGdS1yN0J3Yk8yb1FWanhvRUtSMDdVc2pqOUVZNWRaQXc?oc=5\" target=\"_blank\" rel=\"nofollow noopener\">Victoria Mboko, un talent qui promet apr\u00e8s sa victoire \u00e9clatante \u00e0 Montr\u00e9al<\/a>&nbsp;&nbsp;L&rsquo;\u00c9quipe<\/li>\n<li><a href=\"https:\/\/news.google.com\/rss\/articles\/CBMi0AFBVV95cUxPSGl6STF2MHVEUjhYTTJVUTlnRTh6NW96UXFNVTRzLVhfZFFRRTlaVHhINmxZXzZ6VkRPNVQ4eU5IbVIxc3k5dDJ3TEZJaU9jdWcwclRBNm9Oc1hwaHU1YnRWSUlGVnptdXg4X3M3M2dLX05RWXAwYVZEcDFvMTBQTk1OWDBlZTFxWDlvM2NFV1V0cmp0VlFyUFVLOHpqMUJ0M3lXTjlkR2VCNFUyeFJyeXRiZFVYYWRuaUFOTHZzTkVzQk4ybE5vVUZYekJVaVd1?oc=5\" target=\"_blank\" rel=\"nofollow noopener\">ANALYSE. WTA 1000 de Montr\u00e9al : Victoria Mboko, le conte de f\u00e9es qui a enchant\u00e9 le Canada<\/a>&nbsp;&nbsp;Sud Ouest<\/li>\n<li><a href=\"https:\/\/news.google.com\/rss\/articles\/CBMisAJBVV95cUxPX00yTXFuM21DMFR6dXcwZ2dDLUpnSDNaWlNuc2tOaVlQTTJFRVlJXzFra1dtY1diVEd1Z3dkbUFQV3Q0eW9lWUxnbWFXSWdTRElONWNDSWxzRFVGVGk0R01kei1xakVhZWZhMTFtRzkwQ2trNUgyUHFfVnFlWmp0YWQ0bWRUVUxfQjI5UFd1WVRER1ItZ1RpcF8yMVlpcWFfaWJham4tREwtdHp1ZzV2QkpMTFcyTDMtYXZOOXpDbi1kdFZDcWRFNnJyOGxzTS1WZ0lkNjlNRUNWLXdmN2RWNG9Wd0tLSFJPNGlNelROUjFCeXdINzVmZktnNmNoS0psc0FCTVNPSnVPZGtoUi1PcGVMNWVEc3hOSlM3UmFkTGRzZ2xZVFE1VTRzd01IVkQ2?oc=5\" target=\"_blank\" rel=\"nofollow noopener\">\u00ab\u00a0Surr\u00e9aliste\u00a0\u00bb : Mboko, la tornade plus forte que l&rsquo;idole<\/a>&nbsp;&nbsp;Eurosport<\/li>\n<li><a href=\"https:\/\/news.google.com\/rss\/articles\/CBMiqgJBVV95cUxNRmhabUl2cTg1Zkl6SVdUbnVLZXJfRFQtTU1hcW5qNU5xQnBVcUlFRjRYakNUckh0UTAxSERvLWFVUTBtN1ExN2Ytc3BaanBHN1FaZlN0aHlIeDlGQ05lcTNtelFVeS0wTkVYaW9qc296WDZqdExDaDl4REd3R3FaTzNMLThUQmc4bkc4aWRlQm1Ma1c1M2ZVVGE1UHBWYlltank5TmZ6TEo4VmptekRzdWtvcHZ4VDlxTFpwanZqc3hYRWZfd0NDMEYzelZZWmRGcHV3aGlwTGdha0IzNFhtazVqSzNNZF9ZeVFESWI3d1psTWUyM0xYaWlqRlB2XzEzbXE2T2tqVGdUWkFyOFhLRDBSb2dhRlQ5ZmcwSVlnQ2xfVnQ5RlRyQl93?oc=5\" target=\"_blank\" rel=\"nofollow noopener\">Tennis : Serena Williams pour mod\u00e8le, famille de sportifs, coach fran\u00e7aise\u2026 Six choses \u00e0 savoir sur Victoria Mboko, victorieuse du WTA 1000 de Montr\u00e9al<\/a>&nbsp;&nbsp;France Info<\/li>\n<\/ol>\n","protected":false},"excerpt":{"rendered":"Victorieuse \u00e0 Montr\u00e9al, la Canadienne Victoria Mboko gagne 61 places d&rsquo;un coup au classement WTA&nbsp;&nbsp;L&rsquo;\u00c9quipe Victoria Mboko, un&hellip;\n","protected":false},"author":2,"featured_media":305423,"comment_status":"","ping_status":"","sticky":false,"template":"","format":"standard","meta":{"footnotes":""},"categories":[1415],"tags":[1011,27,60,1467],"class_list":{"0":"post-305422","1":"post","2":"type-post","3":"status-publish","4":"format-standard","5":"has-post-thumbnail","7":"category-tennis","8":"tag-fr","9":"tag-france","10":"tag-sports","11":"tag-tennis"},"share_on_mastodon":{"url":"https:\/\/pubeurope.com\/@fr\/114993974634379086","error":""},"_links":{"self":[{"href":"https:\/\/www.europesays.com\/fr\/wp-json\/wp\/v2\/posts\/305422","targetHints":{"allow":["GET"]}}],"collection":[{"href":"https:\/\/www.europesays.com\/fr\/wp-json\/wp\/v2\/posts"}],"about":[{"href":"https:\/\/www.europesays.com\/fr\/wp-json\/wp\/v2\/types\/post"}],"author":[{"embeddable":true,"href":"https:\/\/www.europesays.com\/fr\/wp-json\/wp\/v2\/users\/2"}],"replies":[{"embeddable":true,"href":"https:\/\/www.europesays.com\/fr\/wp-json\/wp\/v2\/comments?post=305422"}],"version-history":[{"count":0,"href":"https:\/\/www.europesays.com\/fr\/wp-json\/wp\/v2\/posts\/305422\/revisions"}],"wp:featuredmedia":[{"embeddable":true,"href":"https:\/\/www.europesays.com\/fr\/wp-json\/wp\/v2\/media\/305423"}],"wp:attachment":[{"href":"https:\/\/www.europesays.com\/fr\/wp-json\/wp\/v2\/media?parent=305422"}],"wp:term":[{"taxonomy":"category","embeddable":true,"href":"https:\/\/www.europesays.com\/fr\/wp-json\/wp\/v2\/categories?post=305422"},{"taxonomy":"post_tag","embeddable":true,"href":"https:\/\/www.europesays.com\/fr\/wp-json\/wp\/v2\/tags?post=305422"}],"curies":[{"name":"wp","href":"https:\/\/api.w.org\/{rel}","templated":true}]}}