{"id":305434,"date":"2025-08-08T16:05:24","date_gmt":"2025-08-08T16:05:24","guid":{"rendered":"https:\/\/www.europesays.com\/fr\/305434\/"},"modified":"2025-08-08T16:05:24","modified_gmt":"2025-08-08T16:05:24","slug":"les-retrouvailles-a-ales-dalechinsky-et-de-pierre-andre-benoit-autour-des-arts-du-papier","status":"publish","type":"post","link":"https:\/\/www.europesays.com\/fr\/305434\/","title":{"rendered":"Les retrouvailles \u00e0 Al\u00e8s d\u2019Alechinsky et de Pierre-Andr\u00e9 Benoit autour des arts du papier"},"content":{"rendered":"<p>\n                                                                Jusqu\u2019\u00e0 la fin de cette ann\u00e9e, le mus\u00e9e Pierre-Andr\u00e9 Benoit (PAB) \u00e0 Al\u00e8s propose une exposition estivale d\u2019exception \u00ab\u00a0Alechinsky sur papier\u00a0\u00bb.\n                            <\/p>\n<p>Parmi les intimes qui ont eu l\u2019avantage de pouvoir \u00eatre dans l\u2019entourage de Pierre-Andr\u00e9 Benoit, nul n\u2019est surpris par\u00a0l\u2019exceptionnelle exposition \u201cAlechinsky sur papier\u201d qui est actuellement pr\u00e9sent\u00e9e dans le mus\u00e9e \u00e9ponyme al\u00e9sien. Ami de longue date avec PAB, l\u2019artiste franco-belge Pierre Alechinsky, dont les nombreuses \u0153uvres sont pr\u00e9sentes dans les plus grands mus\u00e9es internationaux, n\u2019a pu \u00eatre pr\u00e9sent \u00e0 Al\u00e8s, en raison de son grand \u00e2ge, pour le vernissage de cette exposition.<\/p>\n<p>Le papier en vedette essentielle<\/p>\n<p>Il fallait un th\u00e8me pour centrer ce rendez-vous estival, choisi dans les multiples domaines o\u00f9 Alechinsky a abond\u00e9, et c\u2019est, sans aucune diatribe, celui du papier qui s\u2019est impos\u00e9. Le livre, dans ses diverses fa\u00e7ons, y trouve l\u00e0 des expressions artistiques os\u00e9es et addictives. Le livre se m\u00e9tamorphose en v\u00e9ritable objet de cr\u00e9ation o\u00f9 il fait feu avec des couleurs qui s\u2019opposent et collaborent au final, des photos, des dessins\u2026 On pourrait s\u2019y perdre et pourtant on en saisit le sens, le bon\u00a0! Qu\u2019il illustre Butor, Cioran, Cendrars\u2026 Alechinsky trouve toujours la bonne formule pour transformer l\u2019ouvrage en objet de jouissance visuelle et litt\u00e9raire. On s\u2019attardera sur \u201cT\u00eate de clou\u201d ce d\u00e9lire artistique o\u00f9 PAB et Alechinsky ont uni leurs talents pour amener le lecteur \u00e0 un d\u00e9licieux moment po\u00e9tique.<\/p>\n<p>        <img decoding=\"async\" class=\"std-img__img responsive-img\" src=\"https:\/\/www.europesays.com\/fr\/wp-content\/uploads\/2025\/08\/1754669124_386_image.jpg\" alt=\"Des couleurs addictives qui se marient voluptueusement.\"\/><\/p>\n<p>                Des couleurs addictives qui se marient voluptueusement.<br \/>\n                                    Midi Libre &#8211; ALEXIS BETHUNE<\/p>\n<p>Pour le seul plaisir des yeux<\/p>\n<p>Avec huit espaces distincts de pr\u00e9sentation, le mus\u00e9e al\u00e9sien offre un panorama large, sur plusieurs d\u00e9cades, d\u2019un art en \u00e9volution avec ses grands formats peints sur papier \u00e0 l\u2019acrylique et maroufl\u00e9s sur toile, avec, pour certains, des remarques marginales, t\u00e9moins du premier m\u00e9tier d\u2019Alechinsky, la typographie. Quoi qu\u2019il en soit, il faut se laisser porter par le plaisir des yeux au travers des espaces d\u00e9di\u00e9s o\u00f9 l\u2019on rencontre 200 \u0153uvres, dont 146 sur papier, ainsi qu\u2019une cinquantaine de livres d\u2019artiste. C\u2019est un parcours qui laisse beaucoup de place \u00e0 l\u2019\u00e9tonnement et au questionnement sur la cr\u00e9ation des XXe et XXIe\u00a0si\u00e8cles, \u00e0 la fa\u00e7on d\u2019un coup de poing dans l\u2019art institutionnel.<\/p>\n<p>Mus\u00e9e Pierre-Andr\u00e9 Benoit, faubourg de Rochebelle \u00e0 Al\u00e8s. Visites guid\u00e9es en ao\u00fbt\u00a0: mardi \u00e0 10\u00a0h\u00a030, jeudi \u00e0 15\u00a0h et dimanche \u00e0 15\u00a0h. Tarifs\u00a0: 7\u00a0\u20ac, 4\u00a0\u20ac. R\u00e9servations au 04\u00a066\u00a086\u00a098\u00a069.<\/p>\n","protected":false},"excerpt":{"rendered":"Jusqu\u2019\u00e0 la fin de cette ann\u00e9e, le mus\u00e9e Pierre-Andr\u00e9 Benoit (PAB) \u00e0 Al\u00e8s propose une exposition estivale d\u2019exception&hellip;\n","protected":false},"author":2,"featured_media":305435,"comment_status":"","ping_status":"","sticky":false,"template":"","format":"standard","meta":{"footnotes":""},"categories":[1358],"tags":[1348,1384,1385,1386,58,59,1011,27],"class_list":{"0":"post-305434","1":"post","2":"type-post","3":"status-publish","4":"format-standard","5":"has-post-thumbnail","7":"category-arts-et-design","8":"tag-arts","9":"tag-arts-and-design","10":"tag-arts-et-design","11":"tag-design","12":"tag-divertissement","13":"tag-entertainment","14":"tag-fr","15":"tag-france"},"share_on_mastodon":{"url":"https:\/\/pubeurope.com\/@fr\/114994002282328059","error":""},"_links":{"self":[{"href":"https:\/\/www.europesays.com\/fr\/wp-json\/wp\/v2\/posts\/305434","targetHints":{"allow":["GET"]}}],"collection":[{"href":"https:\/\/www.europesays.com\/fr\/wp-json\/wp\/v2\/posts"}],"about":[{"href":"https:\/\/www.europesays.com\/fr\/wp-json\/wp\/v2\/types\/post"}],"author":[{"embeddable":true,"href":"https:\/\/www.europesays.com\/fr\/wp-json\/wp\/v2\/users\/2"}],"replies":[{"embeddable":true,"href":"https:\/\/www.europesays.com\/fr\/wp-json\/wp\/v2\/comments?post=305434"}],"version-history":[{"count":0,"href":"https:\/\/www.europesays.com\/fr\/wp-json\/wp\/v2\/posts\/305434\/revisions"}],"wp:featuredmedia":[{"embeddable":true,"href":"https:\/\/www.europesays.com\/fr\/wp-json\/wp\/v2\/media\/305435"}],"wp:attachment":[{"href":"https:\/\/www.europesays.com\/fr\/wp-json\/wp\/v2\/media?parent=305434"}],"wp:term":[{"taxonomy":"category","embeddable":true,"href":"https:\/\/www.europesays.com\/fr\/wp-json\/wp\/v2\/categories?post=305434"},{"taxonomy":"post_tag","embeddable":true,"href":"https:\/\/www.europesays.com\/fr\/wp-json\/wp\/v2\/tags?post=305434"}],"curies":[{"name":"wp","href":"https:\/\/api.w.org\/{rel}","templated":true}]}}