{"id":305438,"date":"2025-08-08T16:07:35","date_gmt":"2025-08-08T16:07:35","guid":{"rendered":"https:\/\/www.europesays.com\/fr\/305438\/"},"modified":"2025-08-08T16:07:35","modified_gmt":"2025-08-08T16:07:35","slug":"sa-soeur-marie-a-joue-dans-josephine-ange-gardien-et-travaille-pour-un-si-grand-soleil","status":"publish","type":"post","link":"https:\/\/www.europesays.com\/fr\/305438\/","title":{"rendered":"Sa s\u0153ur Marie a jou\u00e9 dans Jos\u00e9phine, ange gardien&#8230; et travaille pour Un si grand soleil !"},"content":{"rendered":"<p>\u00ab\u00a0Tom se demande si l&rsquo;heure de vendre le camping n&rsquo;est pas venue. Apr\u00e8s s&rsquo;\u00eatre assomm\u00e9, il se r\u00e9veille en 1976 et doit \u00e0 tout prix convaincre ses parents de rester ensemble afin d&rsquo;\u00eatre con\u00e7u. La situation s&rsquo;av\u00e8re plus difficile que pr\u00e9vu car son p\u00e8re Patrick, f\u00eatard et h\u00e2bleur, ne s&rsquo;entend pas avec sa m\u00e8re, Marie, experte comptable venue examiner les lieux\u00a0\u00bb. Vendredi 8 ao\u00fbt 2025 \u00e0 14h25, TF1 diffuse un \u00e9pisode de Camping paradis intitul\u00e9 Cette ann\u00e9e-l\u00e0. Dans celui-ci, <a href=\"https:\/\/www.programme-tv.net\/news\/people\/363344-mort-de-marwan-berreni-jai-du-les-appeler-en-leur-disant-ecoutez-stop-dounia-coesens-pousse-un-coup-de-gueule-contre-un-documentaire-sur-le-deces-de-l-acteur-de-plus-belle-la-vie\/\" data-api-deeplink=\"teleloisirs:\/\/news\/363344\" target=\"_blank\" rel=\"noopener\">Dounia Coesens, connue pour ses r\u00f4les dans Plus belle la vie<\/a>, Demain nous appartient et <a href=\"https:\/\/www.programme-tv.net\/news\/series-tv\/364234-tom-et-lola-je-crois-que-j-aurais-fait-la-meme-chose-dounia-coesens-elodie-varlet-et-pierre-yves-bon-reagissent-au-final-de-la-saison-1\/\" data-api-deeplink=\"teleloisirs:\/\/news\/364234\" target=\"_blank\" rel=\"noopener\">Tom et Lola<\/a>, pr\u00eate ses traits \u00e0 Marie Tourvel. D\u00e9j\u00e0 apparue dans la s\u00e9rie en 2013, elle a manqu\u00e9 de peu de travailler avec sa s\u0153ur. Car Marie Coesens, actrice et assistante r\u00e9alisatrice a travaill\u00e9 sur Camping paradis en 2011, pour un \u00e9pisode intitul\u00e9 Un fant\u00f4me au paradis.<\/p>\n<p>                        Qui est Marie, la s\u0153ur de Dounia Coesens ?<\/p>\n<p>Les deux femmes et leur fr\u00e8re Antoine, danseur, <a href=\"https:\/\/www.programme-tv.net\/news\/series-tv\/336305-amours-a-mort-france-3-antoine-coesens-a-t-il-un-lien-de-parente-avec-dounia-coesens\/\" data-api-deeplink=\"teleloisirs:\/\/news\/336305\" target=\"_blank\" rel=\"noopener\">sont les enfants d&rsquo;Antoine Coesens, lui-m\u00eame acteur<\/a>. Il a notamment jou\u00e9 dans Hercule et Sherlock, Le B\u00e9n\u00e9vole, La Loi de Murphy et des s\u00e9ries comme Sous le soleil, PJ, Alex Hugo, Munch et La Stagiaire. Il a par ailleurs lui aussi jou\u00e9 dans Camping paradis en 2010 dans l&rsquo;\u00e9pisode Doc Love au camping de la saison 2. Ses enfants ont donc suivi ses traces, empruntant des voies artistiques. Si Dounia Coesens est la plus proactive devant la cam\u00e9ra, Marie s&rsquo;est \u00e9galement fray\u00e9 un chemin, jouant pour la premi\u00e8re fois en 1999 dans un \u00e9pisode de la s\u00e9rie Un homme en col\u00e8re. Elle encha\u00eene ensuite avec des r\u00f4les dans Jos\u00e9phine, ange gardien la m\u00eame ann\u00e9e, L&rsquo;histoire du samedi, Sous le soleil (en 2008, dans la saison 13) et Central nuit. Elle appara\u00eet aussi dans un \u00e9pisode de l&rsquo;\u00e9mission Le jour o\u00f9 tout a bascul\u00e9, ainsi que dans plusieurs courts m\u00e9trages. En 2020, on la retrouve dans la com\u00e9die musicale Smell the Funk (L&rsquo;histoire Des Hell&rsquo;s Kitchen). Mais surtout, Marie Coesens travaille comme assistante r\u00e9alisatrice et en coulisses. <a href=\"https:\/\/www.programme-tv.net\/news\/series-tv\/322792-demain-nous-appartient-tf1-la-soeur-de-dounia-coesens-romy-travaille-pour-un-si-grand-soleil-video\/\" data-api-deeplink=\"teleloisirs:\/\/news\/322792\" target=\"_blank\" rel=\"noopener\">\u00c0 T\u00e9l\u00e9-Loisirs en 2023<\/a>, sa s\u0153ur confiait : \u00ab\u00a0Marie travaille \u00e0 l&rsquo;artistique. C\u2019est un poste qui appartient essentiellement aux quotidiennes\u00a0\u00bb.<\/p>\n<p>            Cette s\u00e9rie populaire sur laquelle travaille Marie, la s\u0153ur de Dounia Coesens<\/p>\n<p>Puis de poursuivre avec plus d&rsquo;explications : \u00ab\u00a0Comme il y a des roulements de r\u00e9alisateurs qui tournent toutes les semaines, ou toutes les deux semaines, il faut quelqu&rsquo;un qui soit l\u00e0 pour g\u00e9rer l&rsquo;artistique. Donc trouver les d\u00e9cors, les costumes, pour qu&rsquo;il y ait une esp\u00e8ce de continuit\u00e9 logique sur les personnages. Elle s&rsquo;occupe de tout \u00e7a sur Un si grand soleil\u00a0\u00bb. \u00c9loign\u00e9e des cam\u00e9ras, elle travaille donc \u00e0 plein temps sur le feuilleton de France 3 (anciennement diffus\u00e9 sur France 2).<\/p>\n","protected":false},"excerpt":{"rendered":"\u00ab\u00a0Tom se demande si l&rsquo;heure de vendre le camping n&rsquo;est pas venue. Apr\u00e8s s&rsquo;\u00eatre assomm\u00e9, il se r\u00e9veille&hellip;\n","protected":false},"author":2,"featured_media":305439,"comment_status":"","ping_status":"","sticky":false,"template":"","format":"standard","meta":{"footnotes":""},"categories":[1356],"tags":[4548,244,58,44533,44536,59,652,1011,27,44534,252,1364,9766,44535],"class_list":{"0":"post-305438","1":"post","2":"type-post","3":"status-publish","4":"format-standard","5":"has-post-thumbnail","7":"category-television","8":"tag-channel_tl-story","9":"tag-commentaire","10":"tag-divertissement","11":"tag-dounia-coesens","12":"tag-dounia-cou00ebsens","13":"tag-entertainment","14":"tag-famille","15":"tag-fr","16":"tag-france","17":"tag-guid_6087746600001","18":"tag-television","19":"tag-tv","20":"tag-un-si-grand-soleil","21":"tag-uuid_92791a25-a5b3-4704-94bf-4dd5f6174662"},"share_on_mastodon":{"url":"https:\/\/pubeurope.com\/@fr\/114994010524777870","error":""},"_links":{"self":[{"href":"https:\/\/www.europesays.com\/fr\/wp-json\/wp\/v2\/posts\/305438","targetHints":{"allow":["GET"]}}],"collection":[{"href":"https:\/\/www.europesays.com\/fr\/wp-json\/wp\/v2\/posts"}],"about":[{"href":"https:\/\/www.europesays.com\/fr\/wp-json\/wp\/v2\/types\/post"}],"author":[{"embeddable":true,"href":"https:\/\/www.europesays.com\/fr\/wp-json\/wp\/v2\/users\/2"}],"replies":[{"embeddable":true,"href":"https:\/\/www.europesays.com\/fr\/wp-json\/wp\/v2\/comments?post=305438"}],"version-history":[{"count":0,"href":"https:\/\/www.europesays.com\/fr\/wp-json\/wp\/v2\/posts\/305438\/revisions"}],"wp:featuredmedia":[{"embeddable":true,"href":"https:\/\/www.europesays.com\/fr\/wp-json\/wp\/v2\/media\/305439"}],"wp:attachment":[{"href":"https:\/\/www.europesays.com\/fr\/wp-json\/wp\/v2\/media?parent=305438"}],"wp:term":[{"taxonomy":"category","embeddable":true,"href":"https:\/\/www.europesays.com\/fr\/wp-json\/wp\/v2\/categories?post=305438"},{"taxonomy":"post_tag","embeddable":true,"href":"https:\/\/www.europesays.com\/fr\/wp-json\/wp\/v2\/tags?post=305438"}],"curies":[{"name":"wp","href":"https:\/\/api.w.org\/{rel}","templated":true}]}}