{"id":305440,"date":"2025-08-08T16:08:12","date_gmt":"2025-08-08T16:08:12","guid":{"rendered":"https:\/\/www.europesays.com\/fr\/305440\/"},"modified":"2025-08-08T16:08:12","modified_gmt":"2025-08-08T16:08:12","slug":"falling-in-reverse-devoile-all-my-women-avec-hardy-et-ronnie-radke-revient-sur-son-proces-contre-anthony-fantano","status":"publish","type":"post","link":"https:\/\/www.europesays.com\/fr\/305440\/","title":{"rendered":"Falling In Reverse d\u00e9voile All My Women (avec Hardy) et Ronnie Radke revient sur son proc\u00e8s contre Anthony Fantano"},"content":{"rendered":"<p><strong>Le groupe am\u00e9ricain <a href=\"https:\/\/www.metalzone.fr\/falling-in-reverse\/\" rel=\"nofollow noopener\" target=\"_blank\">Falling In Reverse<\/a> d\u00e9voile son nouveau single All My Women, enregistr\u00e9 avec le chanteur country rock Hardy, et revient publiquement sur la d\u00e9faite judiciaire de Ronnie Radke face au critique musical Anthony Fantano.<\/strong><\/p>\n<p>Un nouveau titre entre rock et influences country<\/p>\n<p>Apr\u00e8s avoir connu un succ\u00e8s notable l\u2019an dernier avec All My Life en duo avec Jelly Roll, Falling In Reverse poursuit ses incursions dans le registre country <a href=\"https:\/\/www.metalzone.fr\/rock\/\" rel=\"nofollow noopener\" target=\"_blank\">rock<\/a> avec All My Women. Cette fois, Hardy rejoint Ronnie Radke sur un morceau m\u00ealant refrains taill\u00e9s pour les stades et atmosph\u00e8re sudiste. Le clip, r\u00e9alis\u00e9 par Jensen Noen, met en sc\u00e8ne les deux artistes sous forme de marionnettes, renfor\u00e7ant le ton d\u00e9cal\u00e9 de la vid\u00e9o. On y retrouve \u00e9galement la touche de l\u2019artiste <a href=\"https:\/\/www.metalzone.fr\/nu-metal\/\" rel=\"nofollow noopener\" target=\"_blank\">rap metal<\/a> Dana Dentata, cr\u00e9dit\u00e9e \u00e0 l\u2019\u00e9criture.<\/p>\n<p>Ce single s\u2019inscrit dans une ann\u00e9e particuli\u00e8rement active pour le groupe, d\u00e9j\u00e0 \u00e0 l\u2019origine de God Is A Weapon, un morceau en collaboration avec <a href=\"https:\/\/www.metalzone.fr\/marilyn-manson\/\" rel=\"nofollow noopener\" target=\"_blank\">Marilyn Manson<\/a> que Radke qualifiait r\u00e9cemment de plus gros succ\u00e8s rock\/<a href=\"https:\/\/www.metalzone.fr\/heavy-metal\/\" rel=\"nofollow noopener\" target=\"_blank\">metal<\/a> de 2025, comme \u00e9voqu\u00e9 <a href=\"https:\/\/www.metalzone.fr\/news\/218435-ronnie-radke-assure-falling-in-reverse-surpasse-sleep-token-ghost-chiffres\/\" target=\"_blank\" rel=\"noopener nofollow\">ici<\/a>.<\/p>\n<p>Ronnie Radke commente l\u2019issue de son proc\u00e8s<\/p>\n<p>En parall\u00e8le de cette sortie, Ronnie Radke s\u2019est exprim\u00e9 dans une vid\u00e9o YouTube sur l\u2019issue du proc\u00e8s en diffamation qu\u2019il avait intent\u00e9 contre Anthony Fantano, connu pour sa cha\u00eene The Needle Drop. Le tribunal du Connecticut a rejet\u00e9 sa plainte, estimant que le critique exer\u00e7ait sa libert\u00e9 d\u2019expression.<\/p>\n<p>Radke explique avoir engag\u00e9 cette action en connaissance de cause : \u201cJe savais que j\u2019allais perdre le proc\u00e8s. Ce n\u2019est pas grave\u201d. Il affirme ne pas croire aux accusations graves qui circulent contre Fantano, tout en le qualifiant de \u201cpr\u00e9tentieux, peu s\u00fbr de lui et \u00e9gocentrique\u201d. Selon lui, la vid\u00e9o du critique (\u00e0 son sujet) transmet des insinuations fausses \u00e0 un public qui ne v\u00e9rifiera pas les faits.<\/p><\/p>\n","protected":false},"excerpt":{"rendered":"Le groupe am\u00e9ricain Falling In Reverse d\u00e9voile son nouveau single All My Women, enregistr\u00e9 avec le chanteur country&hellip;\n","protected":false},"author":2,"featured_media":305441,"comment_status":"","ping_status":"","sticky":false,"template":"","format":"standard","meta":{"footnotes":""},"categories":[1355],"tags":[58,59,1011,27,1361,873],"class_list":{"0":"post-305440","1":"post","2":"type-post","3":"status-publish","4":"format-standard","5":"has-post-thumbnail","7":"category-musique","8":"tag-divertissement","9":"tag-entertainment","10":"tag-fr","11":"tag-france","12":"tag-music","13":"tag-musique"},"share_on_mastodon":{"url":"https:\/\/pubeurope.com\/@fr\/114994014066388048","error":""},"_links":{"self":[{"href":"https:\/\/www.europesays.com\/fr\/wp-json\/wp\/v2\/posts\/305440","targetHints":{"allow":["GET"]}}],"collection":[{"href":"https:\/\/www.europesays.com\/fr\/wp-json\/wp\/v2\/posts"}],"about":[{"href":"https:\/\/www.europesays.com\/fr\/wp-json\/wp\/v2\/types\/post"}],"author":[{"embeddable":true,"href":"https:\/\/www.europesays.com\/fr\/wp-json\/wp\/v2\/users\/2"}],"replies":[{"embeddable":true,"href":"https:\/\/www.europesays.com\/fr\/wp-json\/wp\/v2\/comments?post=305440"}],"version-history":[{"count":0,"href":"https:\/\/www.europesays.com\/fr\/wp-json\/wp\/v2\/posts\/305440\/revisions"}],"wp:featuredmedia":[{"embeddable":true,"href":"https:\/\/www.europesays.com\/fr\/wp-json\/wp\/v2\/media\/305441"}],"wp:attachment":[{"href":"https:\/\/www.europesays.com\/fr\/wp-json\/wp\/v2\/media?parent=305440"}],"wp:term":[{"taxonomy":"category","embeddable":true,"href":"https:\/\/www.europesays.com\/fr\/wp-json\/wp\/v2\/categories?post=305440"},{"taxonomy":"post_tag","embeddable":true,"href":"https:\/\/www.europesays.com\/fr\/wp-json\/wp\/v2\/tags?post=305440"}],"curies":[{"name":"wp","href":"https:\/\/api.w.org\/{rel}","templated":true}]}}