{"id":305456,"date":"2025-08-08T16:16:09","date_gmt":"2025-08-08T16:16:09","guid":{"rendered":"https:\/\/www.europesays.com\/fr\/305456\/"},"modified":"2025-08-08T16:16:09","modified_gmt":"2025-08-08T16:16:09","slug":"les-biens-immobiliers-francais-en-algerie-un-vrai-sujet-de-contentieux","status":"publish","type":"post","link":"https:\/\/www.europesays.com\/fr\/305456\/","title":{"rendered":"Les biens immobiliers fran\u00e7ais en Alg\u00e9rie, un vrai sujet de contentieux"},"content":{"rendered":"<p><strong>D\u00c9CRYPTAGE <\/strong>&#8211; En voulant mettre fin \u00e0 la \u00abmise \u00e0 disposition gratuite\u00bb de certains biens, Alger pourrait relancer un diff\u00e9rend d\u2019interpr\u00e9tation sur les transferts de propri\u00e9t\u00e9 \u00e0 l\u2019ind\u00e9pendance.<\/p>\n<p class=\"fig-paragraph\">Alger a inform\u00e9 jeudi 7 ao\u00fbt le charg\u00e9 d\u2019affaires de l\u2019ambassade de France en Alg\u00e9rie de sa d\u00e9cision de \u00ab<a href=\"http:\/\/www.lefigaro.fr\/flash-actu\/l-algerie-annonce-la-fin-de-la-gratuite-des-biens-pretes-a-l-ambassade-de-france-20250807\" data-fig-type=\"NewsFlash\" data-gtm-custom-categorie=\"navigation\" data-gtm-custom-action=\"crossclick\" data-gtm-custom-label=\"Contextuel\" data-gtm-event=\"customEventSPE\" data-fig-domain=\"LEFIGARO\" target=\"_blank\" rel=\"noopener\">mettre fin \u00e0 la mise \u00e0 disposition, \u00e0 titre gracieux, de biens immobiliers appartenant \u00e0 l\u2019\u00c9tat alg\u00e9rien<\/a> \u00a0au profit de l\u2019ambassade de France en Alg\u00e9rie\u00bb. Le minist\u00e8re des Affaires \u00e9trang\u00e8res a aussi annonc\u00e9 le r\u00e9examen des baux, selon lui \u00abconsid\u00e9rablement avantageux, contract\u00e9s par l\u2019ambassade\u00bb et invite \u00abla partie fran\u00e7aise \u00e0 d\u00e9p\u00eacher une d\u00e9l\u00e9gation \u00e0 Alger pour entamer les discussions \u00e0 ce sujet\u00bb.<\/p>\n<p class=\"fig-paragraph\">Cette mesure promet d\u2019ouvrir un nouveau front de tensions\u00a0<a href=\"https:\/\/www.lefigaro.fr\/politique\/alger-rejette-les-injonctions-de-la-france-20250807\" target=\"_blank\" data-fig-type=\"Article\" rel=\"noopener\" data-gtm-custom-categorie=\"navigation\" data-gtm-custom-action=\"crossclick\" data-gtm-custom-label=\"Contextuel\" data-gtm-event=\"customEventSPE\" data-fig-domain=\"LEFIGARO\">entre Paris et Alger<\/a>, tant le dossier des biens immobiliers fran\u00e7ais en Alg\u00e9rie constitue un sujet \u00e0 haut potentiel de contentieux.<\/p>\n<p class=\"fig-paragraph\">En mars, les autorit\u00e9s alg\u00e9riennes avaient d\u00e9j\u00e0 \u00e9voqu\u00e9 avec St\u00e9phane Romatet, l\u2019ambassadeur de France en Alg\u00e9rie (<a href=\"https:\/\/www.lefigaro.fr\/international\/algerie-le-rappel-d-un-ambassadeur-francais-constitue-t-il-une-mesure-grave-et-inedite-dans-l-histoire-de-la-diplomatie-francaise-20250416\" target=\"_blank\" data-fig-type=\"Article\" rel=\"noopener\" data-gtm-custom-categorie=\"navigation\" data-gtm-custom-action=\"crossclick\" data-gtm-custom-label=\"Contextuel\" data-gtm-event=\"customEventSPE\" data-fig-domain=\"LEFIGARO\">rappel\u00e9 \u00e0 Paris<\/a>\u00a0depuis avril) \u00abun dossier trop longtemps ignor\u00e9 par Paris\u00bb \u00e0 l\u2019origine d\u2019un \u00abtraitement pour le moins asym\u00e9trique entre les deux pays\u00bb.<\/p>\n<p class=\"fig-body-link\">\n            \u00c0 lire aussi<br \/>\n        <a class=\"fig-body-link__link fig-premium-mark\" href=\"http:\/\/www.lefigaro.fr\/international\/tensions-france-algerie-en-quoi-consistent-les-accords-de-2013-qu-emmanuel-macron-annonce-suspendre-20250807\" data-fig-type=\"Article\" data-gtm-custom-categorie=\"navigation\" data-gtm-custom-action=\"crossclick\" data-gtm-custom-label=\"Contextuel\" data-gtm-event=\"customEventSPE\" data-fig-domain=\"LEFIGARO\" target=\"_blank\" rel=\"noopener\">Tensions France-Alg\u00e9rie\u00a0: en quoi consistent les accords de 2013, qu\u2019Emmanuel Macron annonce suspendre\u00a0?<br \/>\n    <\/a>\n<\/p>\n<p>Des statuts juridiques diff\u00e9rents et complexes<\/p>\n<p class=\"fig-paragraph\">Alger compte au total 61 biens immobiliers\u2026<\/p>\n<p class=\"fig-premium-paywall__infos\">\n        Cet article est r\u00e9serv\u00e9 aux abonn\u00e9s.        Il vous reste 82% \u00e0 d\u00e9couvrir.\n    <\/p>\n<p>                <img  data- alt=\"Le Figaro\" class=\"fig-img--complete fig-img\"\/><\/p>\n<p class=\"fig-premium-paywall__title\">Vous avez envie de lire la suite ?<\/p>\n<p class=\"fig-premium-paywall__subtitle\">D\u00e9bloquez tous les articles imm\u00e9diatement.<\/p>\n<p class=\"fig-premium-paywall__connect\">\n                D\u00e9j\u00e0 abonn\u00e9\u00a0?                <a class=\"fig-premium-paywall__connect-link\" href=\"https:\/\/connect.lefigaro.fr\/login?client=horizon_web&amp;type=main&amp;redirect_uri=https%3A%2F%2Fwww.lefigaro.fr%2Finternational%2Fles-biens-immobiliers-francais-en-algerie-un-vrai-sujet-de-contentieux-20250808\" data-js-gtm=\"{&quot;customCategorie&quot;: &quot;conversion&quot;, &quot;customAction&quot;: &quot;before_Landing_Connexion_paywall_auto&quot;, &quot;customLabel&quot;: &quot;bGVmaWdhcm8uZnJfXzFmMDc0NjU5LWZkMGEtNmU3ZS1iNTVmLWFiYTk2NjAwMGZmMV9fTmV3c0ZsYXNo_Les biens immobiliers fran\u00e7ais en Alg\u00e9rie, un vrai sujet de contentieux_38&quot;, &quot;customIDSPE&quot;: &quot;bGVmaWdhcm8uZnJfXzFmMDc0NjU5LWZkMGEtNmU3ZS1iNTVmLWFiYTk2NjAwMGZmMV9fTmV3c0ZsYXNo&quot;, &quot;event&quot;: &quot;customEventSPE&quot;}\" target=\"_blank\" rel=\"noopener\"><br \/>\n                    Connectez-vous<br \/>\n                <\/a>\n            <\/p>\n","protected":false},"excerpt":{"rendered":"D\u00c9CRYPTAGE &#8211; En voulant mettre fin \u00e0 la \u00abmise \u00e0 disposition gratuite\u00bb de certains biens, Alger pourrait relancer&hellip;\n","protected":false},"author":2,"featured_media":305457,"comment_status":"","ping_status":"","sticky":false,"template":"","format":"standard","meta":{"footnotes":""},"categories":[4],"tags":[11,15,1011,27,12,25],"class_list":{"0":"post-305456","1":"post","2":"type-post","3":"status-publish","4":"format-standard","5":"has-post-thumbnail","7":"category-france","8":"tag-actualites","9":"tag-algerie","10":"tag-fr","11":"tag-france","12":"tag-news","13":"tag-republique-francaise"},"share_on_mastodon":{"url":"https:\/\/pubeurope.com\/@fr\/114994045490206809","error":""},"_links":{"self":[{"href":"https:\/\/www.europesays.com\/fr\/wp-json\/wp\/v2\/posts\/305456","targetHints":{"allow":["GET"]}}],"collection":[{"href":"https:\/\/www.europesays.com\/fr\/wp-json\/wp\/v2\/posts"}],"about":[{"href":"https:\/\/www.europesays.com\/fr\/wp-json\/wp\/v2\/types\/post"}],"author":[{"embeddable":true,"href":"https:\/\/www.europesays.com\/fr\/wp-json\/wp\/v2\/users\/2"}],"replies":[{"embeddable":true,"href":"https:\/\/www.europesays.com\/fr\/wp-json\/wp\/v2\/comments?post=305456"}],"version-history":[{"count":0,"href":"https:\/\/www.europesays.com\/fr\/wp-json\/wp\/v2\/posts\/305456\/revisions"}],"wp:featuredmedia":[{"embeddable":true,"href":"https:\/\/www.europesays.com\/fr\/wp-json\/wp\/v2\/media\/305457"}],"wp:attachment":[{"href":"https:\/\/www.europesays.com\/fr\/wp-json\/wp\/v2\/media?parent=305456"}],"wp:term":[{"taxonomy":"category","embeddable":true,"href":"https:\/\/www.europesays.com\/fr\/wp-json\/wp\/v2\/categories?post=305456"},{"taxonomy":"post_tag","embeddable":true,"href":"https:\/\/www.europesays.com\/fr\/wp-json\/wp\/v2\/tags?post=305456"}],"curies":[{"name":"wp","href":"https:\/\/api.w.org\/{rel}","templated":true}]}}