{"id":305466,"date":"2025-08-08T16:24:15","date_gmt":"2025-08-08T16:24:15","guid":{"rendered":"https:\/\/www.europesays.com\/fr\/305466\/"},"modified":"2025-08-08T16:24:15","modified_gmt":"2025-08-08T16:24:15","slug":"la-meilleure-equipe-du-rct-version-chatgpt-les-annees-80-aux-oubliettes","status":"publish","type":"post","link":"https:\/\/www.europesays.com\/fr\/305466\/","title":{"rendered":"la meilleure \u00e9quipe du RCT version ChatGPT, les ann\u00e9es 80 aux oubliettes !"},"content":{"rendered":"<p>Voil\u00e0 une \u00e9quipe qui risque de ne pas plaire aux puristes et aux historiens du Rugby Club Toulonnais. Comme avec Toulouse, l\u2019UBB ou La Rochelle, nous avons questionn\u00e9 ChatGPT pour qu\u2019il nous livre le XV de l\u00e9gende du RCT. L\u2019intelligence artificielle n\u2019a d\u00e9cid\u00e9 de s\u00e9lectionner quasiment que des joueurs ayant fait partie du tripl\u00e9 europ\u00e9en en 2013, 2014, 2015. Alors que les Varois ont connu des saisons dor\u00e9es \u00e0 la fin des ann\u00e9es 80 et aux d\u00e9buts des ann\u00e9es 90, remportant deux Brennus, seul Eric Champ est mentionn\u00e9, et en deuxi\u00e8me-ligne, lui l\u2019habituel troisi\u00e8me-ligne.<\/p>\n<p>Un seul joueur hors \u00e9poque Boudjellal<\/p>\n<p>En premi\u00e8re-ligne, Andrew Sheridan et Carl Hayman entourent Guilhem Guirado. Les trois hommes ont remport\u00e9 ensemble les titres europ\u00e9ens. A l\u2019attelage, on retrouve sans surprise le champion du monde Bakkies Botha, v\u00e9ritable l\u00e9gende de Mayol. Il est donc associ\u00e9 \u00e0 Eric Champ, lui aussi symbole du RCT.<\/p>\n<p>En troisi\u00e8me-ligne, Juan Martin Fernandez Lobbe, Steffon Armitage et Chris Masoe sont choisis, eux qui ont \u00e9galement brill\u00e9s au d\u00e9but des ann\u00e9es 2010. La charni\u00e8re est compos\u00e9e de S\u00e9bastien Tillous-Borde et de Sir Jonny Wilkinson, idole toulonnaise. Derri\u00e8re, on retrouve une ligne 100% ann\u00e9es 2010 avec sur les ailes Bryan Habana et Josua Tuisova et la mythique paire de centre Matt Giteau et Mathieu Bastareaud. Enfin, Delon Armitage est charg\u00e9 d\u2019assurer la couverture du fond du terrain.<\/p>\n<p>De nombreuses figures du club sont \u00e9cart\u00e9es de mani\u00e8re assez incompr\u00e9hensible, \u00e0 l\u2019image de J\u00e9r\u00f4me Gallion, Andr\u00e9 Herrero, Christian Carri\u00e8re ou Joe Van Niekerk.<\/p>\n<p>Le XV<\/p>\n<p>Sheridan \u2013 Guirado \u2013 Hayman \u2013 Botta \u2013 Champ \u2013 Lobbe \u2013 S.Armitage \u2013 Masoe \u2013 Tillous-Borde \u2013 Wilkinson &#8211;\u00a0 Habana \u2013 Giteau \u2013 Bastareaud \u2013 Tuisova \u2013 D.Armitage<\/p>\n<p>Partagez cette info avec vos amis et vos proches en cliquant ici<br \/>Pour r\u00e9sumer<\/p>\n<p>ChatGPT a donn\u00e9 la meilleure \u00e9quipe de l\u2019histoire du Rugby Club Toulonnais. L\u2019intelligence artificielle a mis les joueurs ayant particip\u00e9 aux trois sacres europ\u00e9ens en valeur, oubliant les figures des ann\u00e9es 1980 et 1990.<\/p>\n<p> <img decoding=\"async\" width=\"76\" height=\"76\" loading=\"lazy\" src=\"https:\/\/www.europesays.com\/fr\/wp-content\/uploads\/2025\/04\/avatar-quinze.png\" alt=\"Arnaud D\u00e9chelotte\"\/><\/p>\n","protected":false},"excerpt":{"rendered":"Voil\u00e0 une \u00e9quipe qui risque de ne pas plaire aux puristes et aux historiens du Rugby Club Toulonnais.&hellip;\n","protected":false},"author":2,"featured_media":305467,"comment_status":"","ping_status":"","sticky":false,"template":"","format":"standard","meta":{"footnotes":""},"categories":[9619],"tags":[1111,11,1777,674,1011,27,12,882,25,2310],"class_list":{"0":"post-305466","1":"post","2":"type-post","3":"status-publish","4":"format-standard","5":"has-post-thumbnail","7":"category-toulon","8":"tag-actu","9":"tag-actualites","10":"tag-eu","11":"tag-europe","12":"tag-fr","13":"tag-france","14":"tag-news","15":"tag-provence-alpes-cote-dazur","16":"tag-republique-francaise","17":"tag-toulon"},"share_on_mastodon":{"url":"https:\/\/pubeurope.com\/@fr\/114994077108136176","error":""},"_links":{"self":[{"href":"https:\/\/www.europesays.com\/fr\/wp-json\/wp\/v2\/posts\/305466","targetHints":{"allow":["GET"]}}],"collection":[{"href":"https:\/\/www.europesays.com\/fr\/wp-json\/wp\/v2\/posts"}],"about":[{"href":"https:\/\/www.europesays.com\/fr\/wp-json\/wp\/v2\/types\/post"}],"author":[{"embeddable":true,"href":"https:\/\/www.europesays.com\/fr\/wp-json\/wp\/v2\/users\/2"}],"replies":[{"embeddable":true,"href":"https:\/\/www.europesays.com\/fr\/wp-json\/wp\/v2\/comments?post=305466"}],"version-history":[{"count":0,"href":"https:\/\/www.europesays.com\/fr\/wp-json\/wp\/v2\/posts\/305466\/revisions"}],"wp:featuredmedia":[{"embeddable":true,"href":"https:\/\/www.europesays.com\/fr\/wp-json\/wp\/v2\/media\/305467"}],"wp:attachment":[{"href":"https:\/\/www.europesays.com\/fr\/wp-json\/wp\/v2\/media?parent=305466"}],"wp:term":[{"taxonomy":"category","embeddable":true,"href":"https:\/\/www.europesays.com\/fr\/wp-json\/wp\/v2\/categories?post=305466"},{"taxonomy":"post_tag","embeddable":true,"href":"https:\/\/www.europesays.com\/fr\/wp-json\/wp\/v2\/tags?post=305466"}],"curies":[{"name":"wp","href":"https:\/\/api.w.org\/{rel}","templated":true}]}}