{"id":305468,"date":"2025-08-08T16:25:11","date_gmt":"2025-08-08T16:25:11","guid":{"rendered":"https:\/\/www.europesays.com\/fr\/305468\/"},"modified":"2025-08-08T16:25:11","modified_gmt":"2025-08-08T16:25:11","slug":"qui-est-linconnu-tue-de-deux-balles-sur-un-sentier-des-bords-du-lez","status":"publish","type":"post","link":"https:\/\/www.europesays.com\/fr\/305468\/","title":{"rendered":"qui est l&rsquo;inconnu tu\u00e9 de deux balles sur un sentier des bords du Lez\u00a0?"},"content":{"rendered":"<p>            Par<br \/>\n        <strong><br \/>\n            <a href=\"https:\/\/actu.fr\/auteur\/jm-aubert\" title=\"Consulter tous les articles de Jean-Marc Aubert\" target=\"_blank\" rel=\"noopener\">Jean-Marc Aubert<\/a><br \/>\n        <\/strong><\/p>\n<p>        Publi\u00e9 le<\/p>\n<p>            8 ao\u00fbt 2025 \u00e0 18h19        <\/p>\n<p>Pr\u00e8s de deux mois apr\u00e8s le <strong>meurtre<\/strong> d\u2019un homme \u00e2g\u00e9 entre 25 et 35 ans, sur un petit chemin longeant le Lez, dans le quartier de Port Marianne, pr\u00e8s de la mairie de <strong>Montpellier<\/strong>, <a href=\"https:\/\/actu.fr\/occitanie\/montpellier_34172\/montpellier-un-passant-decouvre-un-cadavre-en-pleine-nuit_62768076.html\" target=\"_blank\" rel=\"noopener\">le myst\u00e8re reste entier sur son identification<\/a>. Inconnu des fichiers nationaux et notamment de celui du <strong>Traitement des affaires judiciaires \u2013<\/strong>Tag-, il n\u2019est toujours pas identifi\u00e9 ce vendredi 8 ao\u00fbt 2025, selon une source judiciaire.<\/p>\n<p class=\" wall-content\">Une piste suivie pendant trois jours, d\u00e8s le d\u00e9but de l\u2019enqu\u00eate, s\u2019est r\u00e9v\u00e9l\u00e9e sans issue : la victime ressemblait d\u2019assez pr\u00e8s \u00e0 un \u00e9tudiant signal\u00e9 disparu par sa famille et ses amis et dont un avis de recherche \u00e9tait placard\u00e9 partout dans le centre-ville. Mais la comparaison ADN entre les deux hommes n\u2019a pas \u00ab\u00a0match\u00e9\u00a0\u00bb. Un <strong>appel \u00e0 t\u00e9moins<\/strong> \u00e9tait alors lanc\u00e9 par la police dans la presse, avec la diffusion de la photo de la victime, mais sans retour.<\/p>\n<p>    <a href=\"https:\/\/www.google.com\/maps\/embed?pb=!1m18!1m12!1m3!1d4425.500405482898!2d3.898657535749972!3d43.595263440760846!2m3!1f0!2f0!3f0!3m2!1i1024!2i768!4f13.1!3m3!1m2!1s0x12b6af8c1bd1c5ab%3A0x95088572dc5d1ed8!2sRue%20des%20Acconiers%2C%2034000%20Montpellier!5e0!3m2!1sfr!2sfr!4v1754553541168!5m2!1sfr!2sfr\" title=\"Ouvrie le lien\" target=\"_blank\" rel=\"noopener\">Cliquez ici pour visualiser le contenu<\/a><\/p>\n<p class=\" wall-content\">Les enqu\u00eateurs de la <strong>Division contre le crime organis\u00e9 et sp\u00e9cialis\u00e9<\/strong> -DCOS- de la police judiciaire et du <strong>Service local de police judiciaire<\/strong> -Slpj- de Montpellier poursuivent d\u00e9sormais leurs investigations en direction des pays de l\u2019Est, d\u2019o\u00f9 l\u2019inconnu pourrait \u00eatre originaire. Est-il fich\u00e9 par <strong>Europol<\/strong> ou par <strong>Interpol<\/strong> ? Pour l\u2019heure, ces services n\u2019ont rien trouv\u00e9. Et des recherches, notamment men\u00e9es dans des campements de Roms dans l\u2019H\u00e9rault et le Gard restent vaines.<\/p>\n<p class=\" wall-content\">Qui est donc cet homme jeune qui a \u00e9t\u00e9 abattu de deux balles ? Et pourquoi ? C\u2019est\u00a0un t\u00e9moin qui promenait qui a fait la macabre d\u00e9couverte\u00a0dans la nuit du jeudi 12 au vendredi 13 juin 2025, vers 1h, sur le sentier discret, situ\u00e9 entre la rue des Acconiers et le bord du fleuve, entre l\u2019h\u00f4tel de ville et le March\u00e9 du Lez.\u00a0L\u2019inconnu gisait sans vie avec deux projectiles, l\u2019un dans le thorax, l\u2019autre \u00e0 une jambe, ce qui a permis \u00e0 un expert balistique de d\u00e9terminer le calibre de l\u2019arme \u00e0 feu utilis\u00e9e par le ou les meurtriers.<\/p>\n<p>Vid\u00e9os : en ce moment sur ActuDes riverains ont entendu deux coups de feu<\/p>\n<p class=\" wall-content\">Selon l\u2019autopsie, le d\u00e9c\u00e8s serait survenu une ou deux heures ayant pr\u00e9c\u00e9d\u00e9 la d\u00e9couverte macabre, confirmant le t\u00e9moignage de riverains de la rue des Acconiers qui sont formels : alors qu'(ils ne dormaient pas encore, ils ont entendu deux coups de feu claqu\u00e9s cette nuit l\u00e0, vers ce sentier longeant le Lez. Cet homme a d\u2019abord re\u00e7u une balle dans une jambe, avant de tenter de s\u2019enfuir et d\u2019\u00eatre abattu dans la foul\u00e9e avec une seconde balle.<\/p>\n<p class=\" wall-content\">D\u00e8s lors, soit il s\u2019agit d\u2019une agression ayant mal tourn\u00e9e, la victime ayant crois\u00e9 un ou deux individus qui voulaient le d\u00e9pouiller et qu\u2019il a re\u00e7u une premi\u00e8re balle, puis une seconde en fuyant. Soit, il s\u2019agit d\u2019un assassinat, l\u2019inconnu \u00e9tant venu \u00e0 un rendez-vous fix\u00e9 par ceux qui l\u2019ont froidement abattu.<\/p>\n<p>Dealers et amateurs de \u00ab\u00a0proto\u00a0\u00bb<\/p>\n<p class=\" wall-content\">La localisation de ce sentier int\u00e9resse les enqu\u00eateurs, car il d\u00e9bouche sur un petit parking discret o\u00f9 se d\u00e9roule, surtout la nuit, un trafic de drogue et o\u00f9 les dealers et les acheteurs de stup\u00e9fiants c\u00f4toient les adeptes du \u00ab\u00a0proto\u00a0\u00bb, ceux qui inhalent \u00e0 bord de v\u00e9hicules, le gaz hilarant des bonbonnes de protoxyde d\u2019azote en utilisant des ballons de baudruches. Des hypoth\u00e8ses de travail qui ne permettent toujours pas de savoir qui est cet inconnu et d\u2019\u00e9tablir le mobile de son assassinat.<\/p>\n<p class=\" wall-content\">Suivez toute l\u2019actualit\u00e9 de vos villes et m\u00e9dias favoris en vous inscrivant \u00e0 <a href=\"https:\/\/moncompte.actu.fr\" title=\"D\u00e9couvez Mon Actu\" rel=\"nofollow noopener\" data-trk=\"{&quot;cta&quot;:{&quot;action&quot;:&quot;https:\\\/\\\/moncompte.actu.fr&quot;,&quot;category&quot;:&quot;mon compte&quot;,&quot;from&quot;:&quot;article footer&quot;,&quot;name&quot;:&quot;Mon actu&quot;,&quot;type&quot;:&quot;cta&quot;}}\" target=\"_blank\">Mon Actu<\/a>.<\/p>\n","protected":false},"excerpt":{"rendered":"Par Jean-Marc Aubert Publi\u00e9 le 8 ao\u00fbt 2025 \u00e0 18h19 Pr\u00e8s de deux mois apr\u00e8s le meurtre d\u2019un&hellip;\n","protected":false},"author":2,"featured_media":305469,"comment_status":"","ping_status":"","sticky":false,"template":"","format":"standard","meta":{"footnotes":""},"categories":[9599],"tags":[1111,11,1777,674,118,1011,27,303,777,2208,12,2680,1072,25],"class_list":{"0":"post-305468","1":"post","2":"type-post","3":"status-publish","4":"format-standard","5":"has-post-thumbnail","7":"category-montpellier","8":"tag-actu","9":"tag-actualites","10":"tag-eu","11":"tag-europe","12":"tag-faits-divers","13":"tag-fr","14":"tag-france","15":"tag-justice","16":"tag-meurtre","17":"tag-montpellier","18":"tag-news","19":"tag-occitanie","20":"tag-police","21":"tag-republique-francaise"},"share_on_mastodon":{"url":"https:\/\/pubeurope.com\/@fr\/114994080874334549","error":""},"_links":{"self":[{"href":"https:\/\/www.europesays.com\/fr\/wp-json\/wp\/v2\/posts\/305468","targetHints":{"allow":["GET"]}}],"collection":[{"href":"https:\/\/www.europesays.com\/fr\/wp-json\/wp\/v2\/posts"}],"about":[{"href":"https:\/\/www.europesays.com\/fr\/wp-json\/wp\/v2\/types\/post"}],"author":[{"embeddable":true,"href":"https:\/\/www.europesays.com\/fr\/wp-json\/wp\/v2\/users\/2"}],"replies":[{"embeddable":true,"href":"https:\/\/www.europesays.com\/fr\/wp-json\/wp\/v2\/comments?post=305468"}],"version-history":[{"count":0,"href":"https:\/\/www.europesays.com\/fr\/wp-json\/wp\/v2\/posts\/305468\/revisions"}],"wp:featuredmedia":[{"embeddable":true,"href":"https:\/\/www.europesays.com\/fr\/wp-json\/wp\/v2\/media\/305469"}],"wp:attachment":[{"href":"https:\/\/www.europesays.com\/fr\/wp-json\/wp\/v2\/media?parent=305468"}],"wp:term":[{"taxonomy":"category","embeddable":true,"href":"https:\/\/www.europesays.com\/fr\/wp-json\/wp\/v2\/categories?post=305468"},{"taxonomy":"post_tag","embeddable":true,"href":"https:\/\/www.europesays.com\/fr\/wp-json\/wp\/v2\/tags?post=305468"}],"curies":[{"name":"wp","href":"https:\/\/api.w.org\/{rel}","templated":true}]}}