{"id":305472,"date":"2025-08-08T16:27:16","date_gmt":"2025-08-08T16:27:16","guid":{"rendered":"https:\/\/www.europesays.com\/fr\/305472\/"},"modified":"2025-08-08T16:27:16","modified_gmt":"2025-08-08T16:27:16","slug":"ce-que-lon-sait-du-commercant-place-en-detention-provisoire","status":"publish","type":"post","link":"https:\/\/www.europesays.com\/fr\/305472\/","title":{"rendered":"ce que l&rsquo;on sait du commer\u00e7ant plac\u00e9 en d\u00e9tention provisoire"},"content":{"rendered":"<p>            Par<br \/>\n        <strong><br \/>\n            <a href=\"https:\/\/actu.fr\/auteur\/yann-rivallan\" title=\"Consulter tous les articles de Yann Rivallan\" rel=\"nofollow noopener\" target=\"_blank\">Yann Rivallan<\/a><br \/>\n        <\/strong><\/p>\n<p>        Publi\u00e9 le<\/p>\n<p>            8 ao\u00fbt 2025 \u00e0 17h09        <\/p>\n<p>On en sait plus sur <a href=\"https:\/\/actu.fr\/normandie\/rouen_76540\/une-ado-de-16-ans-violee-dans-un-appartement-un-commercant-de-rouen-place-en-garde-a-vue_63007119.html\" rel=\"nofollow noopener\" target=\"_blank\">le commer\u00e7ant de Rouen accus\u00e9 de viol<\/a> sur une adolescente. Il a \u00e9t\u00e9 interpell\u00e9 dans la matin\u00e9e du mercredi 6\u00a0ao\u00fbt 2025 pour <strong>un viol<\/strong> commis dans la nuit du 4 au 5 ao\u00fbt, dans son appartement de la rive gauche. Il \u00e9tait depuis plac\u00e9 en garde \u00e0 vue.<\/p>\n<p>\u00ab\u2009De nombreuses traces de coups\u2009\u00bb<\/p>\n<p class=\" wall-content\">Dans un mail, le procureur de la R\u00e9publique de Rouen, S\u00e9bastien Gallois, confirme que \u00ab\u2009le mis en cause a \u00e9t\u00e9 pr\u00e9sent\u00e9 hier soir [jeudi 7\u00a0ao\u00fbt 2025] \u00e0 un juge d\u2019instruction, qui l\u2019a mis en examen <strong>pour viol aggrav\u00e9<\/strong>\u2009\u00bb. Le commer\u00e7ant de 29 ans, qui travaillait dans une parfumerie, a ensuite \u00e9t\u00e9 <strong>plac\u00e9 en d\u00e9tention provisoire<\/strong>.<\/p>\n<p class=\" wall-content\">Par ailleurs, le procureur confirme que la victime, une adolescente de 16\u00a0ans, a signal\u00e9 aux policiers s\u2019\u00eatre r\u00e9veill\u00e9e chez son agresseur \u2014 qu\u2019elle connaissait pour avoir accompli un stage dans son commerce \u2014 dans l\u2019apr\u00e8s-midi du mardi 5\u00a0ao\u00fbt 2025.<\/p>\n<p class=\" wall-content\">Elle avait \u00ab\u2009de nombreuses traces de coups\u2009\u00bb et avait manifestement subi un viol, mais disait ne plus se souvenir de rien, apr\u00e8s avoir bu un verre chez le commer\u00e7ant dans la soir\u00e9e du lundi 4\u00a0ao\u00fbt.<\/p>\n<p class=\" wall-content\">Selon le procureur, \u00ab\u2009les policiers proc\u00e9daient tr\u00e8s rapidement \u00e0 l\u2019interpellation du mis en cause. Les premiers \u00e9l\u00e9ments d\u2019enqu\u00eate <strong>confortaient les d\u00e9clarations de la victime<\/strong>\u2009; des analyses toxicologiques \u00e9taient lanc\u00e9es, dont les r\u00e9sultats permettront de savoir quels produits ont pu \u00eatre consomm\u00e9s\u2009\u00bb.<\/p>\n<p>Il s\u2019\u00e9tait masturb\u00e9 devant deux femmes dans un train<\/p>\n<p class=\" wall-content\">Le commer\u00e7ant mis en cause tient depuis la fin de l\u2019ann\u00e9e 2024 <strong>une parfumerie<\/strong> dans le centre-ville de Rouen, comme ont pu le confirmer diverses sources \u00e0 76actu.<\/p>\n<p class=\" wall-content\">Cet homme de 29\u00a0ans est d\u00e9j\u00e0 d\u00e9favorablement connu des services de police. Il est <strong>inscrit au Fijais<\/strong> (Fichier judiciaire des auteurs d\u2019infractions sexuelles ou violentes) et a d\u00e9j\u00e0 \u00e9t\u00e9 condamn\u00e9 plusieurs fois pour tentative de viol et exhibitionnisme.<\/p>\n<p class=\" wall-content\">Il avait notamment \u00e9t\u00e9 condamn\u00e9 en 2018 par le tribunal de Caen pour s\u2019\u00eatre <strong>masturb\u00e9 devant deux femmes<\/strong> \u00e0 bord d\u2019un train entre Paris et Caen, comme le rapportaient \u00e0 l\u2019\u00e9poque <a href=\"https:\/\/actu.fr\/normandie\/caen_14118\/il-se-masturbe-dans-train-entre-paris-caen_19260999.html\" rel=\"nofollow noopener\" target=\"_blank\">nos coll\u00e8gues de Libert\u00e9<\/a>. Il avait \u00e9cop\u00e9 de 20\u00a0mois de prison ferme suite \u00e0 la r\u00e9vocation d\u2019un sursis d\u2019une pr\u00e9c\u00e9dente condamnation.<\/p>\n<p>Suivez l\u2019actualit\u00e9 de Rouen <a href=\"https:\/\/www.whatsapp.com\/channel\/0029VaKfnf99hXF2ddApFB1D\" rel=\"nofollow noopener\" target=\"_blank\">sur notre cha\u00eene WhatsApp<\/a> et <a href=\"https:\/\/www.tiktok.com\/@76actu.fr?lang=fr\" rel=\"nofollow noopener\" target=\"_blank\">sur notre compte TikTok<\/a><\/p>\n<p class=\" wall-content\">Suivez toute l\u2019actualit\u00e9 de vos villes et m\u00e9dias favoris en vous inscrivant \u00e0 <a href=\"https:\/\/moncompte.actu.fr\" title=\"D\u00e9couvez Mon Actu\" rel=\"nofollow noopener\" data-trk=\"{&quot;cta&quot;:{&quot;action&quot;:&quot;https:\\\/\\\/moncompte.actu.fr&quot;,&quot;category&quot;:&quot;mon compte&quot;,&quot;from&quot;:&quot;article footer&quot;,&quot;name&quot;:&quot;Mon actu&quot;,&quot;type&quot;:&quot;cta&quot;}}\" target=\"_blank\">Mon Actu<\/a>.<\/p>\n<ul class=\"ac-article-tag wall-content\">\n<li><a href=\"https:\/\/actu.fr\/tag\/police\" data-trk=\"{&quot;cta&quot;:{&quot;action&quot;:&quot;Police&quot;,&quot;category&quot;:&quot;tag&quot;,&quot;from&quot;:&quot;article footer&quot;,&quot;name&quot;:&quot;Police&quot;,&quot;type&quot;:&quot;cta&quot;}}\" rel=\"nofollow noopener\" target=\"_blank\">#Police<\/a><\/li>\n<li><a href=\"https:\/\/actu.fr\/tag\/violences-sexuelles\" data-trk=\"{&quot;cta&quot;:{&quot;action&quot;:&quot;Violences sexuelles&quot;,&quot;category&quot;:&quot;tag&quot;,&quot;from&quot;:&quot;article footer&quot;,&quot;name&quot;:&quot;Violences sexuelles&quot;,&quot;type&quot;:&quot;cta&quot;}}\" rel=\"nofollow noopener\" target=\"_blank\">#Violences sexuelles<\/a><\/li>\n<\/ul>\n<p>                    <script async src=\"\/\/www.tiktok.com\/embed.js\"><\/script><\/p>\n","protected":false},"excerpt":{"rendered":"Par Yann Rivallan Publi\u00e9 le 8 ao\u00fbt 2025 \u00e0 17h09 On en sait plus sur le commer\u00e7ant de&hellip;\n","protected":false},"author":2,"featured_media":305473,"comment_status":"","ping_status":"","sticky":false,"template":"","format":"standard","meta":{"footnotes":""},"categories":[9587],"tags":[1111,11,1777,674,118,1011,27,12,5161,1072,25,9590,799],"class_list":{"0":"post-305472","1":"post","2":"type-post","3":"status-publish","4":"format-standard","5":"has-post-thumbnail","7":"category-rouen","8":"tag-actu","9":"tag-actualites","10":"tag-eu","11":"tag-europe","12":"tag-faits-divers","13":"tag-fr","14":"tag-france","15":"tag-news","16":"tag-normandie","17":"tag-police","18":"tag-republique-francaise","19":"tag-rouen","20":"tag-violences-sexuelles"},"share_on_mastodon":{"url":"https:\/\/pubeurope.com\/@fr\/114994088715156859","error":""},"_links":{"self":[{"href":"https:\/\/www.europesays.com\/fr\/wp-json\/wp\/v2\/posts\/305472","targetHints":{"allow":["GET"]}}],"collection":[{"href":"https:\/\/www.europesays.com\/fr\/wp-json\/wp\/v2\/posts"}],"about":[{"href":"https:\/\/www.europesays.com\/fr\/wp-json\/wp\/v2\/types\/post"}],"author":[{"embeddable":true,"href":"https:\/\/www.europesays.com\/fr\/wp-json\/wp\/v2\/users\/2"}],"replies":[{"embeddable":true,"href":"https:\/\/www.europesays.com\/fr\/wp-json\/wp\/v2\/comments?post=305472"}],"version-history":[{"count":0,"href":"https:\/\/www.europesays.com\/fr\/wp-json\/wp\/v2\/posts\/305472\/revisions"}],"wp:featuredmedia":[{"embeddable":true,"href":"https:\/\/www.europesays.com\/fr\/wp-json\/wp\/v2\/media\/305473"}],"wp:attachment":[{"href":"https:\/\/www.europesays.com\/fr\/wp-json\/wp\/v2\/media?parent=305472"}],"wp:term":[{"taxonomy":"category","embeddable":true,"href":"https:\/\/www.europesays.com\/fr\/wp-json\/wp\/v2\/categories?post=305472"},{"taxonomy":"post_tag","embeddable":true,"href":"https:\/\/www.europesays.com\/fr\/wp-json\/wp\/v2\/tags?post=305472"}],"curies":[{"name":"wp","href":"https:\/\/api.w.org\/{rel}","templated":true}]}}