{"id":305475,"date":"2025-08-08T16:30:12","date_gmt":"2025-08-08T16:30:12","guid":{"rendered":"https:\/\/www.europesays.com\/fr\/305475\/"},"modified":"2025-08-08T16:30:12","modified_gmt":"2025-08-08T16:30:12","slug":"grenoble-roulant-a-trottinette-sur-une-voie-de-bus-ils-percutent-de-plein-fouet-une-voiture","status":"publish","type":"post","link":"https:\/\/www.europesays.com\/fr\/305475\/","title":{"rendered":"Grenoble. Roulant \u00e0 trottinette sur une voie de bus, ils percutent de plein fouet une voiture"},"content":{"rendered":"<p>Deux jeunes gens \u00e2g\u00e9s de 19 et 20 ans ont \u00e9t\u00e9 bless\u00e9s vendredi en d\u00e9but d\u2019apr\u00e8s-midi apr\u00e8s avoir percut\u00e9 une voiture alors qu\u2019ils roulaient sur une voie r\u00e9serv\u00e9e au bus, \u00e0 la hauteur du 31 cours de la Lib\u00e9ration \u00e0 Grenoble.<\/p>\n<p>Selon la police, l\u2019automobiliste a tourn\u00e9 sur sa droite pour prendre une rue perpendiculaire au cours de la Lib\u00e9ration lorsque les deux trottinettistes\u00a0sont venus heurter le v\u00e9hicule. Ils ont \u00e9t\u00e9 conduits au CHU par les sapeurs-pompiers.<\/p>\n","protected":false},"excerpt":{"rendered":"Deux jeunes gens \u00e2g\u00e9s de 19 et 20 ans ont \u00e9t\u00e9 bless\u00e9s vendredi en d\u00e9but d\u2019apr\u00e8s-midi apr\u00e8s avoir&hellip;\n","protected":false},"author":2,"featured_media":305476,"comment_status":"","ping_status":"","sticky":false,"template":"","format":"standard","meta":{"footnotes":""},"categories":[9566],"tags":[119,1111,11,2430,112,1777,674,274,1011,27,2731,2732,108,12,25],"class_list":{"0":"post-305475","1":"post","2":"type-post","3":"status-publish","4":"format-standard","5":"has-post-thumbnail","7":"category-grenoble","8":"tag-accident","9":"tag-actu","10":"tag-actualites","11":"tag-auvergne-rhone-alpes","12":"tag-edition-grenoble-agglomeration","13":"tag-eu","14":"tag-europe","15":"tag-faits-divers-justice","16":"tag-fr","17":"tag-france","18":"tag-grenoble","19":"tag-grenoble-bassin","20":"tag-isere","21":"tag-news","22":"tag-republique-francaise"},"share_on_mastodon":{"url":"https:\/\/pubeurope.com\/@fr\/114994100562241818","error":""},"_links":{"self":[{"href":"https:\/\/www.europesays.com\/fr\/wp-json\/wp\/v2\/posts\/305475","targetHints":{"allow":["GET"]}}],"collection":[{"href":"https:\/\/www.europesays.com\/fr\/wp-json\/wp\/v2\/posts"}],"about":[{"href":"https:\/\/www.europesays.com\/fr\/wp-json\/wp\/v2\/types\/post"}],"author":[{"embeddable":true,"href":"https:\/\/www.europesays.com\/fr\/wp-json\/wp\/v2\/users\/2"}],"replies":[{"embeddable":true,"href":"https:\/\/www.europesays.com\/fr\/wp-json\/wp\/v2\/comments?post=305475"}],"version-history":[{"count":0,"href":"https:\/\/www.europesays.com\/fr\/wp-json\/wp\/v2\/posts\/305475\/revisions"}],"wp:featuredmedia":[{"embeddable":true,"href":"https:\/\/www.europesays.com\/fr\/wp-json\/wp\/v2\/media\/305476"}],"wp:attachment":[{"href":"https:\/\/www.europesays.com\/fr\/wp-json\/wp\/v2\/media?parent=305475"}],"wp:term":[{"taxonomy":"category","embeddable":true,"href":"https:\/\/www.europesays.com\/fr\/wp-json\/wp\/v2\/categories?post=305475"},{"taxonomy":"post_tag","embeddable":true,"href":"https:\/\/www.europesays.com\/fr\/wp-json\/wp\/v2\/tags?post=305475"}],"curies":[{"name":"wp","href":"https:\/\/api.w.org\/{rel}","templated":true}]}}