{"id":305479,"date":"2025-08-08T16:32:21","date_gmt":"2025-08-08T16:32:21","guid":{"rendered":"https:\/\/www.europesays.com\/fr\/305479\/"},"modified":"2025-08-08T16:32:21","modified_gmt":"2025-08-08T16:32:21","slug":"etudiante-a-rennes-julie-realise-sa-premiere-saison-en-tant-que-vendeuse-et-serveuse-en-boulangerie","status":"publish","type":"post","link":"https:\/\/www.europesays.com\/fr\/305479\/","title":{"rendered":"\u00c9tudiante \u00e0 Rennes, Julie r\u00e9alise sa premi\u00e8re saison en tant que vendeuse et serveuse en boulangerie"},"content":{"rendered":"<p>Julie, 20 ans, est serveuse et vendeuse \u00e0 la boulangerie Nektar de Quimper, de mi-juin \u00e0 mi-septembre. Pour sa premi\u00e8re exp\u00e9rience de job d\u2019\u00e9t\u00e9, elle est la seule saisonni\u00e8re de l\u2019\u00e9quipe et travaille de 7\u200ah\u200a30 \u00e0 12\u200ah\u200a30. Elle est satisfaite par son contrat de 25\u200ah : \u00ab \u200aJe suis contente de mes horaires, travailler en matin\u00e9e me laisse le temps de profiter de mes vacances \u00bb explique-t-elle. Cette boulangerie-p\u00e2tisserie, qui fait \u00e9galement salon de th\u00e9, ouvre \u00e0 8\u200ah, \u00ab mais certains clients viennent m\u00eame d\u00e8s 7\u00a0h\u200a30, au moment o\u00f9 nos livraisons arrivent \u00bb. Le matin, sa premi\u00e8re mission est de proc\u00e9der \u00e0 la mise en place de la vitrine. Ensuite, s\u2019encha\u00eenent la vente et le service. \u00ab Il faut aussi participer au rangement, au m\u00e9nage, \u00e0 la plonge. Mais cela ne m\u2019emb\u00eate pas \u00bb, sourit Julie.<\/p>\n<p>La boutique prise d\u2019assaut durant les festivit\u00e9s quimp\u00e9roises<\/p>\n<p>Lors de certains \u00e9v\u00e8nements \u00e0 Quimper, c\u2019est la course derri\u00e8re le comptoir : \u00ab Pour la grande braderie Taol Balaenn du 7 ao\u00fbt \u00e0 Quimper, on se pr\u00e9parait \u00e0 autant de monde que pendant le festival de Cornouaille, o\u00f9 il y a eu beaucoup de passages, surtout le dimanche \u00bb. G\u00e9n\u00e9ralement, le pic de la fr\u00e9quentation va de 11\u200ah \u00e0 13\u200ah, lorsque les gens affluent pour acheter leur repas de midi. \u00ab Certains clients ont un coup de c\u0153ur pour les viennoiseries de notre boulangerie et affirment qu\u2019ils n\u2019en trouvent nulle part d\u2019aussi bonnes \u00bb. Julie, quant \u00e0 elle, d\u00e9voile son article pr\u00e9f\u00e9r\u00e9 de la boutique : \u00ab mon conseil est de prendre le croissant \u00e0 la framboise. Il est d\u00e9licieux et g\u00e9n\u00e9reux ! \u00bb.<\/p>\n","protected":false},"excerpt":{"rendered":"Julie, 20 ans, est serveuse et vendeuse \u00e0 la boulangerie Nektar de Quimper, de mi-juin \u00e0 mi-septembre. Pour&hellip;\n","protected":false},"author":2,"featured_media":305480,"comment_status":"","ping_status":"","sticky":false,"template":"","format":"standard","meta":{"footnotes":""},"categories":[2821],"tags":[1111,11,829,1777,674,1011,27,12,3319,584,25,602,2528],"class_list":{"0":"post-305479","1":"post","2":"type-post","3":"status-publish","4":"format-standard","5":"has-post-thumbnail","7":"category-rennes","8":"tag-actu","9":"tag-actualites","10":"tag-bretagne","11":"tag-eu","12":"tag-europe","13":"tag-fr","14":"tag-france","15":"tag-news","16":"tag-quimper","17":"tag-rennes","18":"tag-republique-francaise","19":"tag-tourisme","20":"tag-vacances"},"share_on_mastodon":{"url":"https:\/\/pubeurope.com\/@fr\/114994108476576528","error":""},"_links":{"self":[{"href":"https:\/\/www.europesays.com\/fr\/wp-json\/wp\/v2\/posts\/305479","targetHints":{"allow":["GET"]}}],"collection":[{"href":"https:\/\/www.europesays.com\/fr\/wp-json\/wp\/v2\/posts"}],"about":[{"href":"https:\/\/www.europesays.com\/fr\/wp-json\/wp\/v2\/types\/post"}],"author":[{"embeddable":true,"href":"https:\/\/www.europesays.com\/fr\/wp-json\/wp\/v2\/users\/2"}],"replies":[{"embeddable":true,"href":"https:\/\/www.europesays.com\/fr\/wp-json\/wp\/v2\/comments?post=305479"}],"version-history":[{"count":0,"href":"https:\/\/www.europesays.com\/fr\/wp-json\/wp\/v2\/posts\/305479\/revisions"}],"wp:featuredmedia":[{"embeddable":true,"href":"https:\/\/www.europesays.com\/fr\/wp-json\/wp\/v2\/media\/305480"}],"wp:attachment":[{"href":"https:\/\/www.europesays.com\/fr\/wp-json\/wp\/v2\/media?parent=305479"}],"wp:term":[{"taxonomy":"category","embeddable":true,"href":"https:\/\/www.europesays.com\/fr\/wp-json\/wp\/v2\/categories?post=305479"},{"taxonomy":"post_tag","embeddable":true,"href":"https:\/\/www.europesays.com\/fr\/wp-json\/wp\/v2\/tags?post=305479"}],"curies":[{"name":"wp","href":"https:\/\/api.w.org\/{rel}","templated":true}]}}