{"id":305481,"date":"2025-08-08T16:33:12","date_gmt":"2025-08-08T16:33:12","guid":{"rendered":"https:\/\/www.europesays.com\/fr\/305481\/"},"modified":"2025-08-08T16:33:12","modified_gmt":"2025-08-08T16:33:12","slug":"strasbourg-le-secours-populaire-et-caritas-aident-les-familles-precaires-pour-les-fournitures-scolaires","status":"publish","type":"post","link":"https:\/\/www.europesays.com\/fr\/305481\/","title":{"rendered":"Strasbourg. Le Secours populaire et Caritas aident les familles pr\u00e9caires pour les fournitures scolaires"},"content":{"rendered":"<p>Seulement deux euros par enfant et cinq euros pour une famille de trois enfants ou plus. C\u2019est \u00e0 ce prix d\u00e9risoire que les familles en situation de pr\u00e9carit\u00e9 peuvent pr\u00e9parer sereinement la rentr\u00e9e scolaire gr\u00e2ce au Secours populaire et \u00e0 Caritas. Du lundi au vendredi de 13\u00a0h \u00e0 16\u00a0h et jusqu\u2019au 26\u00a0ao\u00fbt, stylos, trousses, cartables et autres cahiers attendent les \u00e9l\u00e8ves de tous niveaux au 5, rue Jean-Henri-Lambert \u00e0 Strasbourg.<\/p>\n<p>  80 enfants accueillis chaque jour<\/p>\n<p>Les deux associations caritatives se sont activ\u00e9es depuis la fin juin pour collecter assez de fournitures scolaires aux familles d\u00e8s le 4\u00a0ao\u00fbt. \u00ab\u00a0Nous avons r\u00e9colt\u00e9 des dons de mat\u00e9riel neuf dans les supermarch\u00e9s, aupr\u00e8s de nos adh\u00e9rents et de nos partenaires\u00a0\u00bb, explique Camille Vega, directeur g\u00e9n\u00e9ral du <a href=\"https:\/\/www.dna.fr\/social\/2025\/07\/29\/c-est-magnifique-des-vacances-pour-tous-a-bitche-avec-le-secours-populaire\" target=\"_blank\" rel=\"nofollow noopener\">Secours populaire du Bas-Rhin<\/a>. Tout cela leur permet d\u2019accueillir 80 enfants chaque apr\u00e8s-midi qui repartent avec le n\u00e9cessaire pour la rentr\u00e9e scolaire. De quoi soulager les familles d\u2019un poste de d\u00e9penses de plusieurs centaines d\u2019euros chaque ann\u00e9e.<\/p>\n<p>Les fournitures sont dispos\u00e9es dans de grands bacs noirs dans lesquels enfants et parents peuvent se servir. \u00ab\u00a0Nous basons le stock sur les listes de fournitures de l\u2019\u00c9ducation nationale\u00a0\u00bb, pr\u00e9cise Maxime Grillet, responsable de <a href=\"https:\/\/www.dna.fr\/social\/2025\/06\/17\/caritas-alsace-lance-un-appel-aux-bonnes-volontes\" target=\"_blank\" rel=\"nofollow noopener\">la permanence Arc-en-ciel de Caritas Alsace<\/a>. Les b\u00e9n\u00e9ficiaires sont connus des associations et ont des cr\u00e9neaux pour faciliter le flux. \u00ab\u00a0Nous aidons 1\u00a0120 enfants de 450 familles cette ann\u00e9e\u00a0\u00bb, recense Camille Vega. Leur nombre est stable depuis trois ans, limit\u00e9 par la saturation des capacit\u00e9s d\u2019accueil et des dons mais aussi par <a href=\"https:\/\/www.dna.fr\/social\/2025\/07\/23\/distribution-alimentaire-estivale-pres-de-500-repas-par-jour-une-affluence-record-qui-inquiete\" target=\"_blank\" rel=\"nofollow noopener\">le nombre important de b\u00e9n\u00e9voles en vacances<\/a>.<\/p>\n<p>  Des fournitures pour tous les go\u00fbts<\/p>\n<p>\u00ab\u00a0J\u2019ai trouv\u00e9 tout ce qu\u2019il me faut, se r\u00e9jouit Nata, \u00e9l\u00e8ve de CE1 \u00e0 la rentr\u00e9e. J\u2019ai plein de stylos, un agenda et des cahiers.\u00a0\u00bb Elle est surtout contente d\u2019avoir trouv\u00e9 un beau cartable plein de couleurs. \u00ab\u00a0C\u2019est important que chaque enfant puisse trouver des choses qu\u2019il aime et pas seulement des fournitures impersonnelles\u00a0\u00bb, selon Maxime Grillet. Pour cela, le choix est vaste entre les r\u00e9f\u00e9rences de jeux vid\u00e9o et de dessins anim\u00e9s sur les classeurs et sacs \u00e0 dos.<\/p>\n<p>Le Secours populaire et Caritas ont aussi install\u00e9 un coin jeux pour les enfants pour ne pas restreindre la venue \u00e0 un simple supermarch\u00e9. \u00ab\u00a0L\u2019id\u00e9e est de sensibiliser les \u00e9coliers aux droits des enfants et de les laisser s\u2019exprimer \u00e0 travers des dessins et des jeux\u00a0\u00bb, montre Camille Vega. Une mani\u00e8re d\u2019apprendre en s\u2019amusant l\u2019\u00e9t\u00e9, peut-\u00eatre moins ardue que le traditionnel cahier de vacances.<\/p>\n","protected":false},"excerpt":{"rendered":"Seulement deux euros par enfant et cinq euros pour une famille de trois enfants ou plus. C\u2019est \u00e0&hellip;\n","protected":false},"author":2,"featured_media":305482,"comment_status":"","ping_status":"","sticky":false,"template":"","format":"standard","meta":{"footnotes":""},"categories":[2820],"tags":[1111,11,2880,1057,1777,674,107,1011,27,775,12,25,801,640,2879],"class_list":{"0":"post-305481","1":"post","2":"type-post","3":"status-publish","4":"format-standard","5":"has-post-thumbnail","7":"category-strasbourg","8":"tag-actu","9":"tag-actualites","10":"tag-edition-strasbourg","11":"tag-education","12":"tag-eu","13":"tag-europe","14":"tag-fil-info","15":"tag-fr","16":"tag-france","17":"tag-grand-est","18":"tag-news","19":"tag-republique-francaise","20":"tag-social","21":"tag-strasbourg","22":"tag-strasbourg-ville"},"share_on_mastodon":{"url":"https:\/\/pubeurope.com\/@fr\/114994112645206398","error":""},"_links":{"self":[{"href":"https:\/\/www.europesays.com\/fr\/wp-json\/wp\/v2\/posts\/305481","targetHints":{"allow":["GET"]}}],"collection":[{"href":"https:\/\/www.europesays.com\/fr\/wp-json\/wp\/v2\/posts"}],"about":[{"href":"https:\/\/www.europesays.com\/fr\/wp-json\/wp\/v2\/types\/post"}],"author":[{"embeddable":true,"href":"https:\/\/www.europesays.com\/fr\/wp-json\/wp\/v2\/users\/2"}],"replies":[{"embeddable":true,"href":"https:\/\/www.europesays.com\/fr\/wp-json\/wp\/v2\/comments?post=305481"}],"version-history":[{"count":0,"href":"https:\/\/www.europesays.com\/fr\/wp-json\/wp\/v2\/posts\/305481\/revisions"}],"wp:featuredmedia":[{"embeddable":true,"href":"https:\/\/www.europesays.com\/fr\/wp-json\/wp\/v2\/media\/305482"}],"wp:attachment":[{"href":"https:\/\/www.europesays.com\/fr\/wp-json\/wp\/v2\/media?parent=305481"}],"wp:term":[{"taxonomy":"category","embeddable":true,"href":"https:\/\/www.europesays.com\/fr\/wp-json\/wp\/v2\/categories?post=305481"},{"taxonomy":"post_tag","embeddable":true,"href":"https:\/\/www.europesays.com\/fr\/wp-json\/wp\/v2\/tags?post=305481"}],"curies":[{"name":"wp","href":"https:\/\/api.w.org\/{rel}","templated":true}]}}