{"id":305485,"date":"2025-08-08T16:35:17","date_gmt":"2025-08-08T16:35:17","guid":{"rendered":"https:\/\/www.europesays.com\/fr\/305485\/"},"modified":"2025-08-08T16:35:17","modified_gmt":"2025-08-08T16:35:17","slug":"alimentation-territoriale-nice-passe-passe-au-stade-2","status":"publish","type":"post","link":"https:\/\/www.europesays.com\/fr\/305485\/","title":{"rendered":"Alimentation territoriale. Nice passe passe au stade 2\u2026"},"content":{"rendered":"<p><img decoding=\"async\" src=\"https:\/\/www.europesays.com\/fr\/wp-content\/uploads\/2025\/08\/legumes-nice.jpg\" title=\"\" alt=\"\"\/><br \/>&#8211; cr\u00e9dit (c)PCA &#8211;<\/p>\n<p>Pour le maire de Nice et pr\u00e9sident de la M\u00e9tropole Nice C\u00f4te d\u2019Azur, Christian Estrosi\u00a0:<\/p>\n<p>\u00ab\u00a0L\u2019obtention du niveau 2 est un pas de plus dans la construction d\u2019un syst\u00e8me alimentaire territorial \u00e0 la fois solide, \u00e9quitable et durable. Ce niveau atteste de l\u2019ancrage du PAT dans le territoire, de son pilotage op\u00e9rationnel et de sa capacit\u00e9 \u00e0 f\u00e9d\u00e9rer les acteurs locaux autour d\u2019objectifs partag\u00e9s. En effet, d\u00e9j\u00e0 74\u00a0% des mesures inscrites dans la strat\u00e9gie d\u2019actions sont initi\u00e9es ou totalement mises en \u0153uvre.\u00a0<\/p>\n<p>Notre programme soutient les productions locales en accompagnant les producteurs, en structurant les fili\u00e8res agricoles et en favorisant l\u2019introduction de produits locaux dans la restauration collective. Il \u0153uvre pour une alimentation plus accessible, en d\u00e9veloppant des programmes d\u2019\u00e9ducation et de sensibilisation \u00e0 l\u2019alimentation et en coop\u00e9rant avec les acteurs sociaux du territoire pour amener le grand public \u00e0 d\u00e9couvrir une alimentation saine, locale et de saison. Il accompagne la transition agricole et environnementale, en soutenant les pratiques agro\u00e9cologiques, la pr\u00e9servation des ressources naturelles et le d\u00e9veloppement des circuits courts. Il renforce l\u2019implication citoyenne \u00e0 travers des projets participatifs\u00a0: jardins partag\u00e9s, ateliers, \u00e9v\u00e9nements\u2026<\/p>\n<p>Enfin, il repose sur une gouvernance ouverte et collaborative, associant collectivit\u00e9s, agriculteurs, associations, \u00e9tablissements scolaires, entreprises&#8230; Ce niveau conforte les actions de la M\u00e9tropole Nice C\u00f4te d\u2019Azur en faveur de la transition alimentaire.\u00a0\u00bb CQFD\u00a0!<\/p>\n","protected":false},"excerpt":{"rendered":"&#8211; cr\u00e9dit (c)PCA &#8211; Pour le maire de Nice et pr\u00e9sident de la M\u00e9tropole Nice C\u00f4te d\u2019Azur, Christian&hellip;\n","protected":false},"author":2,"featured_media":305486,"comment_status":"","ping_status":"","sticky":false,"template":"","format":"standard","meta":{"footnotes":""},"categories":[2819],"tags":[1111,47,11,1777,674,1011,27,1110,1031,12,2401,882,25],"class_list":{"0":"post-305485","1":"post","2":"type-post","3":"status-publish","4":"format-standard","5":"has-post-thumbnail","7":"category-nice","8":"tag-actu","9":"tag-actualite","10":"tag-actualites","11":"tag-eu","12":"tag-europe","13":"tag-fr","14":"tag-france","15":"tag-informations","16":"tag-magazine","17":"tag-news","18":"tag-nice","19":"tag-provence-alpes-cote-dazur","20":"tag-republique-francaise"},"share_on_mastodon":{"url":"https:\/\/pubeurope.com\/@fr\/114994120276753815","error":""},"_links":{"self":[{"href":"https:\/\/www.europesays.com\/fr\/wp-json\/wp\/v2\/posts\/305485","targetHints":{"allow":["GET"]}}],"collection":[{"href":"https:\/\/www.europesays.com\/fr\/wp-json\/wp\/v2\/posts"}],"about":[{"href":"https:\/\/www.europesays.com\/fr\/wp-json\/wp\/v2\/types\/post"}],"author":[{"embeddable":true,"href":"https:\/\/www.europesays.com\/fr\/wp-json\/wp\/v2\/users\/2"}],"replies":[{"embeddable":true,"href":"https:\/\/www.europesays.com\/fr\/wp-json\/wp\/v2\/comments?post=305485"}],"version-history":[{"count":0,"href":"https:\/\/www.europesays.com\/fr\/wp-json\/wp\/v2\/posts\/305485\/revisions"}],"wp:featuredmedia":[{"embeddable":true,"href":"https:\/\/www.europesays.com\/fr\/wp-json\/wp\/v2\/media\/305486"}],"wp:attachment":[{"href":"https:\/\/www.europesays.com\/fr\/wp-json\/wp\/v2\/media?parent=305485"}],"wp:term":[{"taxonomy":"category","embeddable":true,"href":"https:\/\/www.europesays.com\/fr\/wp-json\/wp\/v2\/categories?post=305485"},{"taxonomy":"post_tag","embeddable":true,"href":"https:\/\/www.europesays.com\/fr\/wp-json\/wp\/v2\/tags?post=305485"}],"curies":[{"name":"wp","href":"https:\/\/api.w.org\/{rel}","templated":true}]}}