{"id":305489,"date":"2025-08-08T16:37:18","date_gmt":"2025-08-08T16:37:18","guid":{"rendered":"https:\/\/www.europesays.com\/fr\/305489\/"},"modified":"2025-08-08T16:37:18","modified_gmt":"2025-08-08T16:37:18","slug":"que-faire-a-nantes-ce-week-end-voici-nos-idees-de-sorties-pour-profiter-du-soleil","status":"publish","type":"post","link":"https:\/\/www.europesays.com\/fr\/305489\/","title":{"rendered":"Que faire \u00e0 Nantes ce week-end ? Voici nos id\u00e9es de sorties pour profiter du soleil"},"content":{"rendered":"<p>            Par<br \/>\n        <strong><br \/>\n            <a href=\"https:\/\/actu.fr\/auteur\/clemence-pays02-actu-fr\" title=\"Consulter tous les articles de Cl\u00e9mence Pays\" rel=\"nofollow noopener\" target=\"_blank\">Cl\u00e9mence Pays<\/a><br \/>\n        <\/strong><\/p>\n<p>        Publi\u00e9 le<\/p>\n<p>            8 ao\u00fbt 2025 \u00e0 17h37        <\/p>\n<p>C\u2019est le week-end\u2009! Et <a href=\"https:\/\/actu.fr\/pays-de-la-loire\/nantes_44109\/soleil-chaleur-vent-quelles-sont-les-previsions-de-meteo-france-pour-ce-week-end-a-nantes_63008027.html\" rel=\"nofollow noopener\" target=\"_blank\">\u00e0 Nantes, le soleil sera radieux et les temp\u00e9ratures \u00e9lev\u00e9es<\/a>. Pour profiter de cette m\u00e9t\u00e9o estivale (ou rester \u00e0 la fra\u00eeche), la r\u00e9daction d\u2019actu Nantes vous propose, comme chaque semaine, une s\u00e9lection d\u2019<strong>id\u00e9es sorties accessibles,<\/strong> \u00e0 faire seul ou \u00e0 plusieurs, avec ou sans enfant, du vendredi\u00a08 au dimanche 10\u00a0ao\u00fbt 2025.<\/p>\n<p>Se rendre \u00e0 une soir\u00e9e Bollywood<\/p>\n<p class=\" wall-content\">La <a href=\"https:\/\/actu.fr\/pays-de-la-loire\/nantes_44109\/nantes-la-guinguette-du-belvedere-rouvre-et-fait-le-plein-d-evenements-pour-la-saison-2024_60930605.html\" rel=\"nofollow noopener\" target=\"_blank\">Guinguette du Belv\u00e9d\u00e8re<\/a> organise une <strong>soir\u00e9e Bollywood<\/strong> \u00ab\u2009haute en couleurs\u2009\u00bb, vendredi.<\/p>\n<p class=\" wall-content\">Au <strong>programme<\/strong> de cette soir\u00e9e\u2009:<\/p>\n<ul class=\" wall-content\">\n<li>de 18h \u00e0 18h15, danse de groupe\u2009;<\/li>\n<li>de 18h30 \u00e0 19h, initiation danse enfants et d\u00e9monstration,<\/li>\n<li>de 19h30 \u00e0 19h50, danse de groupe\u2009;<\/li>\n<li>de 20h \u00e0 20h30, initiation danse adultes\u2009;<\/li>\n<li>\u00e0 20h30, danse collective ouverte \u00e0 tous.<\/li>\n<\/ul>\n<p class=\" wall-content\">Des <strong>snacks indiens<\/strong> seront \u00e0 d\u00e9guster sur place. Un <strong>stand de henn\u00e9<\/strong> est \u00e9galement pr\u00e9vu.<\/p>\n<p class=\" wall-content\"><a href=\"https:\/\/www.instagram.com\/p\/DM-D7n2oJ_R\/embed\" title=\"Ouvrir le lien sur Instagram\" rel=\"nofollow noopener\" target=\"_blank\">Visualiser le contenu sur Instagram<\/a><\/p>\n<p>Vendredi 8\u00a0ao\u00fbt, de 17h \u00e0 22h, soir\u00e9e Bollywood \u00e0 la Guinguette du Belv\u00e9d\u00e8re, 21, boulevard Gaston-Doumergue, \u00e0 Nantes. Entr\u00e9e libre.<\/p>\n<p>Se lancer dans un jeu de piste<\/p>\n<p class=\" wall-content\">Tout l\u2019\u00e9t\u00e9, <a href=\"https:\/\/actu.fr\/pays-de-la-loire\/nantes_44109\/a-nantes-des-jeux-de-piste-gratuits-organises-dans-ces-parcs-pour-les-enfants_63008088.html\" rel=\"nofollow noopener\" target=\"_blank\">trois jeux de piste gratuits sont \u00e0 d\u00e9couvrir dans trois parcs diff\u00e9rents de Nantes<\/a> (Jardin des plantes, Grand Blottereau, jardin japonais de l\u2019\u00eele de Versailles). Une fa\u00e7on ludique de <strong>d\u00e9couvrir les secrets de ces lieux<\/strong> o\u00f9 la nature est reine.<\/p>\n<p class=\" wall-content\">Ces jeux s\u2019adressent aux <strong>enfants d\u00e8s 3\u00a0ans.<\/strong> Une bonne id\u00e9e de sortie \u00e0 faire en famille pour profiter du beau temps tout en restant \u00e0 l\u2019ombre des arbres.<\/p>\n<p>    <img   decoding=\"async\" loading=\"lazy\" src=\"https:\/\/www.europesays.com\/fr\/wp-content\/uploads\/2025\/08\/jardin-des-plantes-nantes-960x640.jpeg\" alt=\"Un jeu de piste permet de d\u00e9couvrir les secrets du Jardin des Plantes.\" width=\"960\" height=\"640\"\/><br \/>\n    Un jeu de piste permet de d\u00e9couvrir les secrets du Jardin des Plantes. (\u00a9Emma Derome\/actu Nantes)Jusqu\u2019au 31\u00a0ao\u00fbt, jeux de piste en acc\u00e8s libre. Un livret est \u00e0 r\u00e9cup\u00e9rer pour chacun des trois jeux. Plus d\u2019informations <a href=\"https:\/\/actu.fr\/pays-de-la-loire\/nantes_44109\/a-nantes-des-jeux-de-piste-gratuits-organises-dans-ces-parcs-pour-les-enfants_63008088.html\" rel=\"nofollow noopener\" target=\"_blank\">ici<\/a>. Gratuit.Ambiance f\u00eate foraine<\/p>\n<p class=\" wall-content\">Le tiers-lieu La Chaumi\u00e8re organise une<strong> F\u00eate foraine party,<\/strong> depuis mercredi et jusqu\u2019\u00e0 dimanche.<\/p>\n<p class=\" wall-content\">Sur place, machine \u00e0 coups de poing, stand de <strong>barbe \u00e0 papa,<\/strong> pop-corn, jeux en bois XXL, <strong>plage de sable,<\/strong> pistolets \u00e0 eau,<strong> cocktails<\/strong> et bonbons \u00e0 gogo, bou\u00e9e licorne\u2026<\/p>\n<p class=\" wall-content\"><a href=\"https:\/\/www.instagram.com\/p\/DM-Iuj-BeSs\/embed\" title=\"Ouvrir le lien sur Instagram\" rel=\"nofollow noopener\" target=\"_blank\">Visualiser le contenu sur Instagram<\/a><\/p>\n<p class=\" wall-content\">Au <strong>programme<\/strong> \u00e9galement\u2009:<\/p>\n<ul class=\" wall-content\">\n<li>vendredi, open air \u00e9lectro et DJ set par Central Rebel\u2009;<\/li>\n<li>samedi, open air par La Filouterie, DJ set, stands tattoo et paillettes\u2009;<\/li>\n<li>dimanche, open air \u00e9lectro, paillettes open air, DJ set et Live Machines.<\/li>\n<\/ul>\n<p>Jusqu\u2019au dimanche 10\u00a0ao\u00fbt, de 17h \u00e0 1h, F\u00eate foraine pary \u00e0 La Chaumi\u00e8re, 59 boulevard Gustave-Roch, \u00e0 Nantes. Prix libre.<\/p>\n<p>Assister au dernier match de l\u2019intersaison<\/p>\n<p class=\" wall-content\">Samedi, de 16h25 \u00e0 17h, le <strong>FC Nantes<\/strong> invite les supporters et supportrices des Canaris \u00e0 <strong>accueillir le bus des joueurs,<\/strong> lors de son arriv\u00e9e au stade de La Beaujoire.<\/p>\n<p class=\" wall-content\">Ceux qui le souhaitent peuvent prolonger l\u2019exp\u00e9rience en assistant au <strong>dernier match amical<\/strong> de l\u2019intersaison du FC Nantes. Les Jaune et Vert affronteront le Paris FC, \u00e0 19h. L\u2019occasion de voir <a href=\"https:\/\/actu.fr\/pays-de-la-loire\/nantes_44109\/lafont-castelletto-awaziem-le-point-sur-le-mercato-estival-du-fc-nantes_62981473.html\" rel=\"nofollow noopener\" target=\"_blank\">les derniers joueurs arriv\u00e9s au club<\/a>.<\/p>\n<p>Samedi 9\u00a0ao\u00fbt, de 16h25 \u00e0 17h, accueil du bus (gratuit)\u2009; \u00e0 19h match FC Nantes \u2013 Paris FC. Billetterie <a href=\"https:\/\/billetterie.fcnantes.com\/fr\/catalogue\/match-nantes-paris-fc-2\" rel=\"nofollow noopener\" target=\"_blank\">en ligne<\/a>, il reste des places \u00e0 5\u00a0euros en tribune Oc\u00e9ane.D\u00e9couvrir les environs de Nantes<\/p>\n<p class=\" wall-content\">Des bords de l\u2019Erdre, au parc de la Gournerie, en passant par la Vall\u00e9e du Cens et l\u2019\u00eele Forget, nombreuses sont<strong> les balades qui permettent de s\u2019\u00e9vader de Nantes,<\/strong> sans faire des kilom\u00e8tres. Voici <a href=\"https:\/\/actu.fr\/pays-de-la-loire\/nantes_44109\/nantes-metropole-voici-les-balades-a-faire-le-week-end-ou-pendant-les-vacances_62971048.html\" rel=\"nofollow noopener\" target=\"_blank\">12 id\u00e9es de promenades \u00e0 faire dans la cit\u00e9 des ducs et sa m\u00e9tropole<\/a>.<\/p>\n<p>    <img   decoding=\"async\" loading=\"lazy\" src=\"https:\/\/www.europesays.com\/fr\/wp-content\/uploads\/2025\/08\/nantes-ete-loire-erdre-passants-meteo-ciel-bleu-nuages-960x640.jpeg\" alt=\"Les bords de Loire et de l'Erdre sont un excellant lieu de promenade pour profiter du soleil.\" width=\"960\" height=\"640\"\/><br \/>\n    Les bords de Loire et de l\u2019Erdre sont un excellent lieu de promenade pour profiter du soleil. (\u00a9Emma Derome\/actu Nantes)<\/p>\n<p class=\" wall-content\">Si vous avez la possibilit\u00e9 de prendre la voiture, nous vous invitons \u00e9galement \u00e0 d\u00e9couvrir <a href=\"https:\/\/actu.fr\/pays-de-la-loire\/abbaretz_44001\/a-moins-d-1h-de-nantes-decouvrez-le-point-culminant-de-loire-atlantique_59976121.html\" rel=\"nofollow noopener\" target=\"_blank\">le point culminant de la Loire-Atlantique, \u00e0 moins d\u2019une heure de Nantes<\/a>.<\/p>\n<p class=\" wall-content\"><a href=\"https:\/\/actu.fr\/pays-de-la-loire\/oudon_44115\/pres-de-nantes-ce-village-en-bord-de-loire-abrite-un-chateau-medieval_59951852.html\" rel=\"nofollow noopener\" target=\"_blank\">Le ch\u00e2teau d\u2019Oudon<\/a> ou encore <a href=\"https:\/\/actu.fr\/pays-de-la-loire\/le-cellier_44028\/en-images-pres-de-nantes-ce-jardin-des-bords-de-loire-est-construit-sur-des-roches_59903788.html\" rel=\"nofollow noopener\" target=\"_blank\">le jardin des Folies Siffait au Cellier<\/a> sont aussi des lieux \u00e0 d\u00e9couvrir pour une <strong>escapade en dehors de Nantes.<\/strong><\/p>\n<p class=\" wall-content\">Suivez toute l\u2019actualit\u00e9 de vos villes et m\u00e9dias favoris en vous inscrivant \u00e0 <a href=\"https:\/\/moncompte.actu.fr\" title=\"D\u00e9couvez Mon Actu\" rel=\"nofollow noopener\" data-trk=\"{&quot;cta&quot;:{&quot;action&quot;:&quot;https:\\\/\\\/moncompte.actu.fr&quot;,&quot;category&quot;:&quot;mon compte&quot;,&quot;from&quot;:&quot;article footer&quot;,&quot;name&quot;:&quot;Mon actu&quot;,&quot;type&quot;:&quot;cta&quot;}}\" target=\"_blank\">Mon Actu<\/a>.<\/p>\n<p>                    <script async src=\"\/\/www.instagram.com\/embed.js\"><\/script><\/p>\n","protected":false},"excerpt":{"rendered":"Par Cl\u00e9mence Pays Publi\u00e9 le 8 ao\u00fbt 2025 \u00e0 17h37 C\u2019est le week-end\u2009! Et \u00e0 Nantes, le soleil&hellip;\n","protected":false},"author":2,"featured_media":305490,"comment_status":"","ping_status":"","sticky":false,"template":"","format":"standard","meta":{"footnotes":""},"categories":[2818],"tags":[1111,11,1777,674,1011,27,1305,766,12,2636,25],"class_list":{"0":"post-305489","1":"post","2":"type-post","3":"status-publish","4":"format-standard","5":"has-post-thumbnail","7":"category-nantes","8":"tag-actu","9":"tag-actualites","10":"tag-eu","11":"tag-europe","12":"tag-fr","13":"tag-france","14":"tag-lifestyle","15":"tag-nantes","16":"tag-news","17":"tag-pays-de-la-loire","18":"tag-republique-francaise"},"share_on_mastodon":{"url":"https:\/\/pubeurope.com\/@fr\/114994128141038078","error":""},"_links":{"self":[{"href":"https:\/\/www.europesays.com\/fr\/wp-json\/wp\/v2\/posts\/305489","targetHints":{"allow":["GET"]}}],"collection":[{"href":"https:\/\/www.europesays.com\/fr\/wp-json\/wp\/v2\/posts"}],"about":[{"href":"https:\/\/www.europesays.com\/fr\/wp-json\/wp\/v2\/types\/post"}],"author":[{"embeddable":true,"href":"https:\/\/www.europesays.com\/fr\/wp-json\/wp\/v2\/users\/2"}],"replies":[{"embeddable":true,"href":"https:\/\/www.europesays.com\/fr\/wp-json\/wp\/v2\/comments?post=305489"}],"version-history":[{"count":0,"href":"https:\/\/www.europesays.com\/fr\/wp-json\/wp\/v2\/posts\/305489\/revisions"}],"wp:featuredmedia":[{"embeddable":true,"href":"https:\/\/www.europesays.com\/fr\/wp-json\/wp\/v2\/media\/305490"}],"wp:attachment":[{"href":"https:\/\/www.europesays.com\/fr\/wp-json\/wp\/v2\/media?parent=305489"}],"wp:term":[{"taxonomy":"category","embeddable":true,"href":"https:\/\/www.europesays.com\/fr\/wp-json\/wp\/v2\/categories?post=305489"},{"taxonomy":"post_tag","embeddable":true,"href":"https:\/\/www.europesays.com\/fr\/wp-json\/wp\/v2\/tags?post=305489"}],"curies":[{"name":"wp","href":"https:\/\/api.w.org\/{rel}","templated":true}]}}