{"id":305495,"date":"2025-08-08T16:40:12","date_gmt":"2025-08-08T16:40:12","guid":{"rendered":"https:\/\/www.europesays.com\/fr\/305495\/"},"modified":"2025-08-08T16:40:12","modified_gmt":"2025-08-08T16:40:12","slug":"un-homme-sous-oqtf-suspecte-davoir-agresse-sexuellement-une-mineure-de-17-ans-dans-le-tramway","status":"publish","type":"post","link":"https:\/\/www.europesays.com\/fr\/305495\/","title":{"rendered":"un homme sous OQTF suspect\u00e9 d\u2019avoir agress\u00e9 sexuellement une mineure de 17 ans dans le tramway"},"content":{"rendered":"<p><strong>INFO LE FIGARO<\/strong> &#8211; Mercredi, un homme de 34 ans aurait agress\u00e9 sexuellement une mineure de 17 ans dans une rame de tramway. Il a \u00e9t\u00e9 d\u00e9f\u00e9r\u00e9 ce vendredi et plac\u00e9 en d\u00e9tention provisoire.<\/p>\n<p class=\"fig-paragraph\">D\u2019apr\u00e8s nos informations, une jeune femme de 17 ans a \u00e9t\u00e9 victime d\u2019une\u00a0<a href=\"https:\/\/www.lefigaro.fr\/faits-divers\/condamne-pour-huit-agressions-sexuelles-un-ancien-medaille-paralympique-ecroue-20250801?msockid=258c4318a154643d05395665a0ed65f9\" target=\"_blank\" data-fig-type=\"NewsFlash\" rel=\"sponsored noopener nofollow\" data-gtm-custom-categorie=\"navigation\" data-gtm-custom-action=\"crossclick\" data-gtm-custom-label=\"Contextuel\" data-gtm-event=\"customEventSPE\" data-fig-domain=\"LEFIGARO\">agression sexuelle<\/a>, mercredi 6 ao\u00fbt, aux alentours de 12h45, dans un tramway en direction de Cenon, \u00e0\u00a0<a href=\"https:\/\/www.lefigaro.fr\/bordeaux?msockid=258c4318a154643d05395665a0ed65f9\" target=\"_blank\" data-fig-type=\"Section\" rel=\"sponsored noopener nofollow\" data-gtm-custom-categorie=\"navigation\" data-gtm-custom-action=\"crossclick\" data-gtm-custom-label=\"Contextuel\" data-gtm-event=\"customEventSPE\" data-fig-domain=\"LEFIGARO\">Bordeaux<\/a>. Le suspect a \u00e9t\u00e9 retrouv\u00e9 seulement quelques minutes apr\u00e8s les faits, cours Victor Hugo, apr\u00e8s que la victime a contact\u00e9 Police secours.<\/p>\n<p class=\"fig-paragraph\">Il a imm\u00e9diatement \u00e9t\u00e9 plac\u00e9 en garde \u00e0 vue. Le mis en cause est un Alg\u00e9rien \u00e2g\u00e9 de 34 ans, en situation irr\u00e9guli\u00e8re et sous le coup d\u2019une\u00a0<a href=\"https:\/\/www.lefigaro.fr\/vox\/politique\/en-matiere-d-oqtf-l-etat-doit-concentrer-ses-efforts-sur-les-individus-les-plus-dangereux-pour-les-francais-20250709?msockid=258c4318a154643d05395665a0ed65f9\" target=\"_blank\" data-fig-type=\"Article\" rel=\"sponsored noopener nofollow\" data-gtm-custom-categorie=\"navigation\" data-gtm-custom-action=\"crossclick\" data-gtm-custom-label=\"Contextuel\" data-gtm-event=\"customEventSPE\" data-fig-domain=\"LEFIGARO\">OQTF<\/a>, connu des services de police. La victime, elle, a \u00e9t\u00e9 transport\u00e9e \u00e0 l\u2019h\u00f4pital par les sapeurs-pompiers imm\u00e9diatement apr\u00e8s les faits. Elle a ensuite \u00e9t\u00e9 entendue par les enqu\u00eateurs et par le centre d\u2019accueil en urgence de victimes d\u2019agression (Cauva) du CHU de Bordeaux. Les investigations men\u00e9es ont permis d\u2019\u00e9tablir que le suspect a commis des actes de nature \u00e0 caract\u00e9riser une agression sexuelle.<\/p>\n<p>                                    <a class=\"fig-a11y-skip a11y-hidden\" href=\"#fig-a11y-skip-main-inarticle\"><br \/>\n        Passer la publicit\u00e9<br \/>\n    <\/a><\/p>\n<p>D\u00e9tention provisoire<\/p>\n<p class=\"fig-paragraph\">L\u2019agresseur a \u00e9t\u00e9 d\u00e9f\u00e9r\u00e9 devant le parquet de Bordeaux ce vendredi apr\u00e8s-midi et plac\u00e9 en d\u00e9tention provisoire (apr\u00e8s d\u00e9cision du juge des libert\u00e9s et de la d\u00e9tention). \u00abIl compara\u00eetra le 6 octobre prochain devant le tribunal correctionnel de Bordeaux pour des faits d\u2019agression sexuelle sur mineur de plus de 15 ans ; pour son maintien irr\u00e9gulier sur le territoire fran\u00e7ais et l\u2019usage de stup\u00e9fiants\u00bb, a indiqu\u00e9 le parquet au Figaro.<\/p>\n","protected":false},"excerpt":{"rendered":"INFO LE FIGARO &#8211; Mercredi, un homme de 34 ans aurait agress\u00e9 sexuellement une mineure de 17 ans&hellip;\n","protected":false},"author":2,"featured_media":305496,"comment_status":"","ping_status":"","sticky":false,"template":"","format":"standard","meta":{"footnotes":""},"categories":[2817],"tags":[1111,11,1267,1997,1777,674,1011,27,12,2219,4347,25],"class_list":{"0":"post-305495","1":"post","2":"type-post","3":"status-publish","4":"format-standard","5":"has-post-thumbnail","7":"category-bordeaux","8":"tag-actu","9":"tag-actualites","10":"tag-agression-sexuelle","11":"tag-bordeaux","12":"tag-eu","13":"tag-europe","14":"tag-fr","15":"tag-france","16":"tag-news","17":"tag-nouvelle-aquitaine","18":"tag-oqtf","19":"tag-republique-francaise"},"share_on_mastodon":{"url":"https:\/\/pubeurope.com\/@fr\/114994139854446555","error":""},"_links":{"self":[{"href":"https:\/\/www.europesays.com\/fr\/wp-json\/wp\/v2\/posts\/305495","targetHints":{"allow":["GET"]}}],"collection":[{"href":"https:\/\/www.europesays.com\/fr\/wp-json\/wp\/v2\/posts"}],"about":[{"href":"https:\/\/www.europesays.com\/fr\/wp-json\/wp\/v2\/types\/post"}],"author":[{"embeddable":true,"href":"https:\/\/www.europesays.com\/fr\/wp-json\/wp\/v2\/users\/2"}],"replies":[{"embeddable":true,"href":"https:\/\/www.europesays.com\/fr\/wp-json\/wp\/v2\/comments?post=305495"}],"version-history":[{"count":0,"href":"https:\/\/www.europesays.com\/fr\/wp-json\/wp\/v2\/posts\/305495\/revisions"}],"wp:featuredmedia":[{"embeddable":true,"href":"https:\/\/www.europesays.com\/fr\/wp-json\/wp\/v2\/media\/305496"}],"wp:attachment":[{"href":"https:\/\/www.europesays.com\/fr\/wp-json\/wp\/v2\/media?parent=305495"}],"wp:term":[{"taxonomy":"category","embeddable":true,"href":"https:\/\/www.europesays.com\/fr\/wp-json\/wp\/v2\/categories?post=305495"},{"taxonomy":"post_tag","embeddable":true,"href":"https:\/\/www.europesays.com\/fr\/wp-json\/wp\/v2\/tags?post=305495"}],"curies":[{"name":"wp","href":"https:\/\/api.w.org\/{rel}","templated":true}]}}