{"id":305497,"date":"2025-08-08T16:41:09","date_gmt":"2025-08-08T16:41:09","guid":{"rendered":"https:\/\/www.europesays.com\/fr\/305497\/"},"modified":"2025-08-08T16:41:09","modified_gmt":"2025-08-08T16:41:09","slug":"toulouse-en-plein-tribunal-le-condamne-tente-de-sechapper-de-la-salle-et-etrangle-une-policiere","status":"publish","type":"post","link":"https:\/\/www.europesays.com\/fr\/305497\/","title":{"rendered":"Toulouse. En plein tribunal, le condamn\u00e9 tente de s&rsquo;\u00e9chapper de la salle et \u00e9trangle une polici\u00e8re"},"content":{"rendered":"<p>            Par<br \/>\n        <strong><br \/>\n            <a href=\"https:\/\/actu.fr\/auteur\/anaelle-montagne\" title=\"Consulter tous les articles de Anaelle Montagne\" rel=\"nofollow noopener\" target=\"_blank\">Anaelle Montagne<\/a><br \/>\n        <\/strong><\/p>\n<p>        Publi\u00e9 le<\/p>\n<p>            8 ao\u00fbt 2025 \u00e0 18h16        <\/p>\n<p>Il \u00e9tait 22h15 ce mercredi 6 ao\u00fbt quand le <a href=\"https:\/\/actu.fr\/occitanie\/toulouse_31555\/toulouse-il-traite-une-policiere-de-sale-pute-fait-le-signe-de-jul-et-montre-son-torse-en-plein-tribunal_62862522.html\" rel=\"nofollow noopener\" target=\"_blank\">tribunal de Toulouse<\/a> a \u00e9t\u00e9 le th\u00e9\u00e2tre d\u2019un violent incident. Alors que sa condamnation venait de tomber, un pr\u00e9venu \u00ab\u00a0au profil psychiatrique instable\u00a0\u00bb a <strong>tent\u00e9 de fuir de la salle<\/strong>, explique le syndicat de police Unit\u00e9 31 \u00e0 <a href=\"https:\/\/actu.fr\/toulouse\/\" rel=\"nofollow noopener\" target=\"_blank\">Actu Toulouse<\/a>. Pourtant encadr\u00e9 par deux gendarmes et deux policiers adjoints, le pr\u00e9venu a tout bonnement saut\u00e9 du box. Avant de <strong>s\u2019en prendre \u00e0 une troisi\u00e8me polici\u00e8re<\/strong>, qui tentait de l\u2019emp\u00eacher de fuir.\u00a0<\/p>\n<p class=\" wall-content\">\u00ab\u00a0Il a p\u00e9t\u00e9 les plombs, a saut\u00e9 du box et dans sa tentative de fuite, il a \u00e9trangl\u00e9 la polici\u00e8re\u00a0\u00bb, relate le syndicat. Fort heureusement, avec l\u2019appui des forces de l\u2019ordre pr\u00e9sentes, <strong>le condamn\u00e9 a \u00e9t\u00e9 interpell\u00e9<\/strong>. Mais la polici\u00e8re est en arr\u00eat de travail. Et ce violent incident vient remettre du sel sur la plaie des agents de police.\u00a0<\/p>\n<p>\u00ab\u00a0Des conditions de travail intenables\u00a0\u00bb<\/p>\n<p class=\" wall-content\">\u00ab\u00a0Depuis des mois, Unit\u00e9 31 d\u00e9nonce les<strong> conditions de travail intenables<\/strong> de la BAAJ\u00a0\u00bb, la brigade qui g\u00e8re les ge\u00f4les du tribunal. \u00ab\u00a0Aucune r\u00e9ponse. Aucun renfort. Et voil\u00e0 le r\u00e9sultat\u00a0\u00bb, tonne le syndicat.<\/p>\n<p class=\" wall-content\">Il r\u00e9clame <strong>que les effectifs soient renforc\u00e9s<\/strong>, pour que les rangs soient \u00ab\u00a0aussi remplis qu\u2019il y a quatre ans\u00a0\u00bb. Selon Unit\u00e9 31, plus d\u2019une dizaine d\u2019agents manquent \u00e0 l\u2019appel.\u00a0<\/p>\n<p class=\" wall-content\">Suivez toute l\u2019actualit\u00e9 de vos villes et m\u00e9dias favoris en vous inscrivant \u00e0 <a href=\"https:\/\/moncompte.actu.fr\" title=\"D\u00e9couvez Mon Actu\" rel=\"nofollow noopener\" data-trk=\"{&quot;cta&quot;:{&quot;action&quot;:&quot;https:\\\/\\\/moncompte.actu.fr&quot;,&quot;category&quot;:&quot;mon compte&quot;,&quot;from&quot;:&quot;article footer&quot;,&quot;name&quot;:&quot;Mon actu&quot;,&quot;type&quot;:&quot;cta&quot;}}\" target=\"_blank\">Mon Actu<\/a>.<\/p>\n","protected":false},"excerpt":{"rendered":"Par Anaelle Montagne Publi\u00e9 le 8 ao\u00fbt 2025 \u00e0 18h16 Il \u00e9tait 22h15 ce mercredi 6 ao\u00fbt quand&hellip;\n","protected":false},"author":2,"featured_media":305498,"comment_status":"","ping_status":"","sticky":false,"template":"","format":"standard","meta":{"footnotes":""},"categories":[2816],"tags":[1111,11,1777,674,118,1011,27,303,12,2680,25,2312],"class_list":{"0":"post-305497","1":"post","2":"type-post","3":"status-publish","4":"format-standard","5":"has-post-thumbnail","7":"category-toulouse","8":"tag-actu","9":"tag-actualites","10":"tag-eu","11":"tag-europe","12":"tag-faits-divers","13":"tag-fr","14":"tag-france","15":"tag-justice","16":"tag-news","17":"tag-occitanie","18":"tag-republique-francaise","19":"tag-toulouse"},"share_on_mastodon":{"url":"https:\/\/pubeurope.com\/@fr\/114994143900280145","error":""},"_links":{"self":[{"href":"https:\/\/www.europesays.com\/fr\/wp-json\/wp\/v2\/posts\/305497","targetHints":{"allow":["GET"]}}],"collection":[{"href":"https:\/\/www.europesays.com\/fr\/wp-json\/wp\/v2\/posts"}],"about":[{"href":"https:\/\/www.europesays.com\/fr\/wp-json\/wp\/v2\/types\/post"}],"author":[{"embeddable":true,"href":"https:\/\/www.europesays.com\/fr\/wp-json\/wp\/v2\/users\/2"}],"replies":[{"embeddable":true,"href":"https:\/\/www.europesays.com\/fr\/wp-json\/wp\/v2\/comments?post=305497"}],"version-history":[{"count":0,"href":"https:\/\/www.europesays.com\/fr\/wp-json\/wp\/v2\/posts\/305497\/revisions"}],"wp:featuredmedia":[{"embeddable":true,"href":"https:\/\/www.europesays.com\/fr\/wp-json\/wp\/v2\/media\/305498"}],"wp:attachment":[{"href":"https:\/\/www.europesays.com\/fr\/wp-json\/wp\/v2\/media?parent=305497"}],"wp:term":[{"taxonomy":"category","embeddable":true,"href":"https:\/\/www.europesays.com\/fr\/wp-json\/wp\/v2\/categories?post=305497"},{"taxonomy":"post_tag","embeddable":true,"href":"https:\/\/www.europesays.com\/fr\/wp-json\/wp\/v2\/tags?post=305497"}],"curies":[{"name":"wp","href":"https:\/\/api.w.org\/{rel}","templated":true}]}}