{"id":305505,"date":"2025-08-08T16:45:11","date_gmt":"2025-08-08T16:45:11","guid":{"rendered":"https:\/\/www.europesays.com\/fr\/305505\/"},"modified":"2025-08-08T16:45:11","modified_gmt":"2025-08-08T16:45:11","slug":"voici-ou-il-va-faire-le-plus-chaud-2","status":"publish","type":"post","link":"https:\/\/www.europesays.com\/fr\/305505\/","title":{"rendered":"voici o\u00f9 il va faire le plus chaud"},"content":{"rendered":"<p>            Par<br \/>\n        <strong><br \/>\n            <a href=\"https:\/\/actu.fr\/auteur\/fabien-binacchi\" title=\"Consulter tous les articles de Fabien Binacchi\" rel=\"nofollow noopener\" target=\"_blank\">Fabien Binacchi<\/a><br \/>\n        <\/strong><\/p>\n<p>        Publi\u00e9 le<\/p>\n<p>            8 ao\u00fbt 2025 \u00e0 18h19        <\/p>\n<p>Accrochez-vous \u00e0 vos ventilateurs et, surtout, buvez beaucoup d\u2019eau\u2009: la deuxi\u00e8me vague de chaleur de l\u2019ann\u00e9e en France arrive \u00e0 <a href=\"https:\/\/actu.fr\/marseille\/\" rel=\"nofollow noopener\" target=\"_blank\">Marseille<\/a>. <a href=\"https:\/\/actu.fr\/tag\/meteo-france\" rel=\"nofollow noopener\" target=\"_blank\">M\u00e9t\u00e9o-France<\/a> place le d\u00e9partement des <a href=\"https:\/\/actu.fr\/provence-alpes-cote-d-azur\/bouches-du-rhone_13\" rel=\"nofollow noopener\" target=\"_blank\">Bouches-du-Rh\u00f4ne<\/a> en <strong>vigilance jaune \u00ab\u2009canicule\u2009\u00bb<\/strong> d\u00e8s ce samedi 9\u00a0ao\u00fbt 2025. Et l\u2019alerte pourrait \u00eatre encore durcie d\u00e8s les jours suivants.<\/p>\n<p class=\" wall-content\">Voil\u00e0 les pr\u00e9visions zone par zone pour ce week-end.<\/p>\n<p>L\u2019int\u00e9rieur des terres en surchauffe<\/p>\n<p class=\" wall-content\">Sans surprise, c\u2019est dans l\u2019int\u00e9rieur des terres, et plus pr\u00e9cis\u00e9ment <strong>dans le Nord-Est des Bouches-du-Rh\u00f4ne<\/strong> que le mercure va monter le plus haut. Notamment dans les secteurs de Peyrolles-en-Provence, Aix-en-Provence et Trets.<\/p>\n<p class=\" wall-content\"><strong>Arles, \u00e0 l\u2019ouest, est aussi concern\u00e9e.<\/strong><\/p>\n<p class=\" wall-content\">Pour la journ\u00e9e du samedi 9\u00a0ao\u00fbt, d\u00e9but de la vigilance jaune \u00ab\u2009canicule\u2009\u00bb, les maximales y sont comprises <strong>entre 36\u00b0C et 39\u00b0C,<\/strong> localement, selon les pr\u00e9visions de M\u00e9t\u00e9o-France.<\/p>\n<p class=\" wall-content\">Le dimanche\u00a010, \u00e7a chauffe encore plus\u2009: les temp\u00e9ratures \u00ab\u2009atteignent fr\u00e9quemment <strong>38\u00b0C \u00e0 40\u00b0C<\/strong>, avec des pointes autour de <strong>41\u00a0\u00b0C<\/strong> du pied des C\u00e9vennes \u00e0 la basse vall\u00e9e du Rh\u00f4ne\u2009\u00bb, note encore le service officiel de la m\u00e9t\u00e9orologie et de la climatologie en France.<\/p>\n<p class=\" wall-content\">Apr\u00e8s le coucher du soleil, heureusement, les temp\u00e9ratures y sont beaucoup plus supportables\u2009: <strong>avec 19\u00b0C \u00e0 21\u00b0C,<\/strong> au maximum. De quoi souffler.<\/p>\n<p>Les nuits tropicales vont s\u2019encha\u00eener \u00e0 Marseille<\/p>\n<p class=\" wall-content\">Une situation inverse \u00e0 ce qui est pr\u00e9vu sur le littoral et notamment du c\u00f4t\u00e9 de Marseille o\u00f9 les nuits tropicales (sup\u00e9rieurs \u00e0 24\/25\u00b0C), suffocantes, vont s\u2019encha\u00eener, malgr\u00e9 une temp\u00e9rature diurne\u2026 finalement raisonnable.<\/p>\n<p class=\" wall-content\">Dans la cit\u00e9 phoc\u00e9enne, il fera ainsi <strong>27 agr\u00e9ables degr\u00e9s samedi et 30\u00b0C dimanche<\/strong> en journ\u00e9e, mais <strong>jusqu\u2019\u00e0 26\u00b0C en pleine obscurit\u00e9.<\/strong><\/p>\n<p class=\" wall-content\">\n<p>Un pic probable lundi<\/p>\n<p class=\" wall-content\">Un ph\u00e9nom\u00e8ne qui va se poursuivre et <strong>s\u2019accentuer en d\u00e9but de semaine prochaine.<\/strong> \u00ab\u2009Sous l\u2019influence de l\u2019ex-temp\u00eate tropicale \u2018Dexter\u2019, la remont\u00e9e d\u2019une masse d\u2019air extr\u00eamement chaud sur une large partie du pays devient probable lundi [\u2026] qui pourrait ainsi \u00eatre la [journ\u00e9e la] plus chaude \u00e0 l\u2019\u00e9chelle nationale\u2009\u00bb, note M\u00e9t\u00e9o France.<\/p>\n<p class=\" wall-content\">Avec un allongement du ph\u00e9nom\u00e8ne dans la r\u00e9gion Paca. Il va donc falloir prendre son mal en patience\u2009: \u00ab\u2009La vague de chaleur devrait se poursuivre <strong>jusqu\u2019en seconde partie de semaine prochaine sur le Sud-Est<\/strong>\u2009\u00bb, conclut l\u2019organisme.<\/p>\n<p class=\" wall-content\">Suivez toute l\u2019actualit\u00e9 de vos villes et m\u00e9dias favoris en vous inscrivant \u00e0 <a href=\"https:\/\/moncompte.actu.fr\" title=\"D\u00e9couvez Mon Actu\" rel=\"nofollow noopener\" data-trk=\"{&quot;cta&quot;:{&quot;action&quot;:&quot;https:\\\/\\\/moncompte.actu.fr&quot;,&quot;category&quot;:&quot;mon compte&quot;,&quot;from&quot;:&quot;article footer&quot;,&quot;name&quot;:&quot;Mon actu&quot;,&quot;type&quot;:&quot;cta&quot;}}\" target=\"_blank\">Mon Actu<\/a>.<\/p>\n","protected":false},"excerpt":{"rendered":"Par Fabien Binacchi Publi\u00e9 le 8 ao\u00fbt 2025 \u00e0 18h19 Accrochez-vous \u00e0 vos ventilateurs et, surtout, buvez beaucoup&hellip;\n","protected":false},"author":2,"featured_media":305506,"comment_status":"","ping_status":"","sticky":false,"template":"","format":"standard","meta":{"footnotes":""},"categories":[2814],"tags":[1111,11,1777,674,1011,27,884,2487,12,882,25],"class_list":{"0":"post-305505","1":"post","2":"type-post","3":"status-publish","4":"format-standard","5":"has-post-thumbnail","7":"category-marseille","8":"tag-actu","9":"tag-actualites","10":"tag-eu","11":"tag-europe","12":"tag-fr","13":"tag-france","14":"tag-marseille","15":"tag-meteo","16":"tag-news","17":"tag-provence-alpes-cote-dazur","18":"tag-republique-francaise"},"share_on_mastodon":{"url":"https:\/\/pubeurope.com\/@fr\/114994159663557306","error":""},"_links":{"self":[{"href":"https:\/\/www.europesays.com\/fr\/wp-json\/wp\/v2\/posts\/305505","targetHints":{"allow":["GET"]}}],"collection":[{"href":"https:\/\/www.europesays.com\/fr\/wp-json\/wp\/v2\/posts"}],"about":[{"href":"https:\/\/www.europesays.com\/fr\/wp-json\/wp\/v2\/types\/post"}],"author":[{"embeddable":true,"href":"https:\/\/www.europesays.com\/fr\/wp-json\/wp\/v2\/users\/2"}],"replies":[{"embeddable":true,"href":"https:\/\/www.europesays.com\/fr\/wp-json\/wp\/v2\/comments?post=305505"}],"version-history":[{"count":0,"href":"https:\/\/www.europesays.com\/fr\/wp-json\/wp\/v2\/posts\/305505\/revisions"}],"wp:featuredmedia":[{"embeddable":true,"href":"https:\/\/www.europesays.com\/fr\/wp-json\/wp\/v2\/media\/305506"}],"wp:attachment":[{"href":"https:\/\/www.europesays.com\/fr\/wp-json\/wp\/v2\/media?parent=305505"}],"wp:term":[{"taxonomy":"category","embeddable":true,"href":"https:\/\/www.europesays.com\/fr\/wp-json\/wp\/v2\/categories?post=305505"},{"taxonomy":"post_tag","embeddable":true,"href":"https:\/\/www.europesays.com\/fr\/wp-json\/wp\/v2\/tags?post=305505"}],"curies":[{"name":"wp","href":"https:\/\/api.w.org\/{rel}","templated":true}]}}