{"id":30551,"date":"2025-04-17T02:18:12","date_gmt":"2025-04-17T02:18:12","guid":{"rendered":"https:\/\/www.europesays.com\/fr\/30551\/"},"modified":"2025-04-17T02:18:12","modified_gmt":"2025-04-17T02:18:12","slug":"fuite-dazote-mortelle-dans-une-salle-de-sport-a-paris-la-disparition-dalison-laisse-un-vide-immense-reagit-le-club","status":"publish","type":"post","link":"https:\/\/www.europesays.com\/fr\/30551\/","title":{"rendered":"Fuite d\u2019azote mortelle dans une salle de sport \u00e0 Paris\u00a0: \u00ab\u00a0La disparition d\u2019Alison laisse un vide immense\u00a0\u00bb, r\u00e9agit le club"},"content":{"rendered":"<p class=\"paragraph text_align_left\">Un message \u00e0 la veille de sa r\u00e9ouverture. Trois jours <a href=\"https:\/\/www.leparisien.fr\/paris-75\/fuite-dazote-mortelle-dans-un-club-de-sport-a-paris-cest-une-personne-que-je-croisais-souvent-a-la-salle-14-04-2025-G7PRA3PNAVCE7JLRMHVEKA7OUE.php\" target=\"_blank\" rel=\"nofollow noopener\">apr\u00e8s l\u2019intoxication mortelle \u00e0 l\u2019azote qui a co\u00fbt\u00e9 la vie \u00e0 un de ses salari\u00e9s<\/a>, la salle de sport On Air Fitness, situ\u00e9e dans le XIe\u00a0arrondissement de Paris, a tenu \u00e0 lui rendre hommage dans un post publi\u00e9 sur Instagram, ce mercredi soir.<\/p>\n<p class=\"paragraph text_align_left\">\u00ab\u00a0La direction et tous les collaborateurs de On Air Paris Voltaire tiennent \u00e0 exprimer leur profonde douleur \u00e0 la suite de l\u2019accident survenu lundi 14\u00a0avril en nos locaux, <a href=\"https:\/\/www.leparisien.fr\/faits-divers\/fuite-dazote-dans-une-salle-de-sport-a-paris-deux-victimes-seance-de-cryotherapie-ce-que-lon-sait-15-04-2025-6ZRWRJFBDVEQFEMXBDQEYH6GYY.php\" target=\"_blank\" rel=\"nofollow noopener\">lequel a emport\u00e9 notre collaboratrice<\/a> et coll\u00e8gue, Alison, appr\u00e9ci\u00e9e de tous pour toutes ses qualit\u00e9s humaines et professionnelles\u00a0\u00bb, \u00e9crivent-ils.<\/p>\n<p class=\"paragraph text_align_left\">\u00ab\u00a0Sa disparition laisse un vide immense dans notre \u00e9quipe\u00a0\u00bb, continue le post publi\u00e9 sur les r\u00e9seaux sociaux. Et la direction d\u2019ajouter\u00a0: \u00ab\u00a0Nos pens\u00e9es et nos condol\u00e9ances les plus sinc\u00e8res accompagnent sa famille, ses proches et tous les amis d\u2019Alison dans cette terrible \u00e9preuve.\u00a0\u00bb<\/p>\n<p>\u00ab\u00a0Alison, merci\u00a0\u00bb<\/p>\n<p class=\"paragraph text_align_left\">Lundi soir, <a href=\"https:\/\/www.leparisien.fr\/faits-divers\/cest-terrible-apres-la-fuite-dazote-mortelle-emotion-et-sideration-devant-la-salle-de-sport-a-paris-15-04-2025-XQWRYN44OVCKNEC5LEZ33H7LEU.php\" target=\"_blank\" rel=\"nofollow noopener\">un groupe d\u2019habitu\u00e9s \u00e9taient regroup\u00e9s devant l\u2019\u00e9tablissement<\/a>. De leurs visages ferm\u00e9s, quelques larmes ont coul\u00e9 lorsque les services fun\u00e9raires ont sorti le corps de la victime recouvert d\u2019un drap blanc. \u00ab\u00a0Je la croisais souvent. \u00c7a fait quelque chose d\u2019apprendre \u00e7a. On est sous le choc\u00a0\u00bb, commentait alors Diego. En fin de matin\u00e9e ce mardi, deux bouquets de fleurs ont \u00e9t\u00e9 d\u00e9pos\u00e9s au pied de la vitrine, avec un message\u00a0: \u00ab\u00a0Alison, merci\u00a0\u00bb suivi d\u2019un c\u0153ur.<\/p>\n<p class=\"title-embed-dailymotion lp-color-text lp-f-subtitle-04\">Vid\u00e9oUn mort apr\u00e8s une fuite d&rsquo;Azote dans une salle de sport<\/p>\n<p class=\"paragraph text_align_left\">Une seconde victime, cliente de l\u2019\u00e9tablissement, reste hospitalis\u00e9e. \u00ab\u00a0Nous esp\u00e9rons aussi que la seconde victime, actuellement hospitalis\u00e9e, se r\u00e9tablira totalement et au plus t\u00f4t\u00a0\u00bb, \u00e9crit la salle de sport, ce mercredi soir, attendant que l\u2019enqu\u00eate fasse \u00ab\u00a0toute la lumi\u00e8re\u00a0\u00bb sur les circonstances du drame, et esp\u00e9rant que celle-ci \u00ab\u00a0d\u00e9terminera les responsabilit\u00e9s de tous les intervenants qui seront mis en cause par cette trag\u00e9die\u00a0\u00bb.<\/p>\n<p class=\"paragraph text_align_left\">Selon les premiers \u00e9l\u00e9ments de l\u2019enqu\u00eate, une fuite d\u2019azote de la cabine de cryoth\u00e9rapie serait \u00e0 l\u2019origine de l\u2019intoxication, selon une source proche de l\u2019enqu\u00eate. L\u2019azote <a href=\"https:\/\/www.leparisien.fr\/societe\/sante\/fuite-dazote-dans-une-salle-de-sport-a-paris-quels-sont-les-dangers-de-ce-gaz-utilise-en-cryotherapie-15-04-2025-FUWYTW63XVF33OC2GBGRG6DHIY.php\" target=\"_blank\" rel=\"nofollow noopener\">est un gaz inodore qui provoque une diminution de l\u2019oxyg\u00e8ne<\/a> dans l\u2019air et peut entra\u00eener une intoxication.<\/p>\n","protected":false},"excerpt":{"rendered":"Un message \u00e0 la veille de sa r\u00e9ouverture. Trois jours apr\u00e8s l\u2019intoxication mortelle \u00e0 l\u2019azote qui a co\u00fbt\u00e9&hellip;\n","protected":false},"author":2,"featured_media":30552,"comment_status":"","ping_status":"","sticky":false,"template":"","format":"standard","meta":{"footnotes":""},"categories":[1888],"tags":[11,1777,674,1011,27,1944,12,626,25],"class_list":{"0":"post-30551","1":"post","2":"type-post","3":"status-publish","4":"format-standard","5":"has-post-thumbnail","7":"category-paris","8":"tag-actualites","9":"tag-eu","10":"tag-europe","11":"tag-fr","12":"tag-france","13":"tag-ma-ville","14":"tag-news","15":"tag-paris","16":"tag-republique-francaise"},"share_on_mastodon":{"url":"https:\/\/pubeurope.com\/@fr\/114350909267810126","error":""},"_links":{"self":[{"href":"https:\/\/www.europesays.com\/fr\/wp-json\/wp\/v2\/posts\/30551","targetHints":{"allow":["GET"]}}],"collection":[{"href":"https:\/\/www.europesays.com\/fr\/wp-json\/wp\/v2\/posts"}],"about":[{"href":"https:\/\/www.europesays.com\/fr\/wp-json\/wp\/v2\/types\/post"}],"author":[{"embeddable":true,"href":"https:\/\/www.europesays.com\/fr\/wp-json\/wp\/v2\/users\/2"}],"replies":[{"embeddable":true,"href":"https:\/\/www.europesays.com\/fr\/wp-json\/wp\/v2\/comments?post=30551"}],"version-history":[{"count":0,"href":"https:\/\/www.europesays.com\/fr\/wp-json\/wp\/v2\/posts\/30551\/revisions"}],"wp:featuredmedia":[{"embeddable":true,"href":"https:\/\/www.europesays.com\/fr\/wp-json\/wp\/v2\/media\/30552"}],"wp:attachment":[{"href":"https:\/\/www.europesays.com\/fr\/wp-json\/wp\/v2\/media?parent=30551"}],"wp:term":[{"taxonomy":"category","embeddable":true,"href":"https:\/\/www.europesays.com\/fr\/wp-json\/wp\/v2\/categories?post=30551"},{"taxonomy":"post_tag","embeddable":true,"href":"https:\/\/www.europesays.com\/fr\/wp-json\/wp\/v2\/tags?post=30551"}],"curies":[{"name":"wp","href":"https:\/\/api.w.org\/{rel}","templated":true}]}}