{"id":305515,"date":"2025-08-08T16:51:11","date_gmt":"2025-08-08T16:51:11","guid":{"rendered":"https:\/\/www.europesays.com\/fr\/305515\/"},"modified":"2025-08-08T16:51:11","modified_gmt":"2025-08-08T16:51:11","slug":"son-ancien-majordome-a-paris-conteste-la-these-du-suicide","status":"publish","type":"post","link":"https:\/\/www.europesays.com\/fr\/305515\/","title":{"rendered":"son ancien majordome \u00e0 Paris conteste la th\u00e8se du suicide"},"content":{"rendered":"<p>Valdson Vieira Cotrin, qui a travaill\u00e9 pr\u00e8s de vingt ans pour Jeffrey Epstein \u00e0 Paris, affirme que le financier \u00ab aimait trop la vie pour se suicider \u00bb. Il raconte ses derniers jours, la minute manquante dans les vid\u00e9os de surveillance et confie qu\u2019Epstein lui aurait parl\u00e9 d\u2019une proposition de poste faite par Donald Trump en 2016.<\/p>\n<p>\u00c0 l\u2019\u00e9couter, <a href=\"https:\/\/www.parismatch.com\/actu\/international\/et-si-quelquun-etait-en-fait-bien-entre-dans-la-cellule-de-jeffrey-epstein-avant-son-suicide-255021\" rel=\"nofollow noopener\" target=\"_blank\">la th\u00e8se du suicide ne tient pas<\/a>. \u00ab Je n\u2019y crois pas. Il aimait trop la vie \u00bb, l\u00e2che Valdson Vieira Cotrin, 65 ans, dans un entretien au <a href=\"https:\/\/www.telegraph.co.uk\/gift\/ef7d2a9a03fc5735\" target=\"_blank\" rel=\"nofollow noopener\">Telegraph<\/a>. Pendant dix-huit ans, ce Br\u00e9silien naturalis\u00e9 fran\u00e7ais a tenu les cl\u00e9s de l\u2019appartement de <a href=\"https:\/\/www.parismatch.com\/actu\/faits-divers\/les-clinton-trump-ghislaine-maxwell-ce-quil-faut-retenir-des-nouveaux-rebondissements-de-laffaire-epstein-255237\" rel=\"nofollow noopener\" target=\"_blank\">Jeffrey Epstein<\/a>, avenue Foch, \u00e0 Paris. Majordome, chauffeur, cuisinier, homme \u00e0 tout faire, il l\u2019a vu partir et revenir, accueillir ses invit\u00e9s, pr\u00e9parer ses bagages\u2026 et le conduire, pour la derni\u00e8re fois, \u00e0 l\u2019a\u00e9roport du Bourget.<\/p>\n<p>Quelques jours avant son arrestation, en juillet 2019, Epstein lui parlait encore d\u2019investissements, d\u2019\u00eeles \u00e0 d\u00e9velopper, de s\u00e9jours prolong\u00e9s \u00e0 Paris. \u00ab Il m\u2019a dit qu\u2019il allait n\u00e9gocier sa lib\u00e9ration sous caution. Il \u00e9tait confiant. \u00bb Cotrin ne l\u2019a jamais revu. \u00c0 l\u2019arriv\u00e9e \u00e0 New York, la police l\u2019attendait. Moins d\u2019un mois plus tard, il \u00e9tait retrouv\u00e9 mort dans sa cellule du Metropolitan Correctional Center.<\/p>\n<p>    La suite apr\u00e8s cette publicit\u00e9<\/p>\n<p>Une minute manquante<\/p>\n<p>Le minist\u00e8re am\u00e9ricain de la Justice a rendu publiques pr\u00e8s de onze heures d\u2019images film\u00e9es \u00e0 l\u2019ext\u00e9rieur de la cellule. Mais entre 23 h 58 et minuit, une minute enti\u00e8re manque \u00e0 l\u2019enregistrement. De quoi nourrir, encore, les soup\u00e7ons de ceux qui pensent qu\u2019Epstein a \u00e9t\u00e9 \u00e9limin\u00e9 pour le faire taire.<\/p>\n<p>    La suite apr\u00e8s cette publicit\u00e9<\/p>\n<p>Cotrin raconte avoir vu d\u00e9filer, avenue Foch, <a href=\"https:\/\/www.parismatch.com\/actu\/international\/le-petit-mot-laisse-par-bill-clinton-a-jeffrey-epstein-pour-ses-50-ans-revele-254755\" rel=\"nofollow noopener\" target=\"_blank\">Bill Clinton<\/a>, <a href=\"https:\/\/www.parismatch.com\/royal-blog\/apres-la-sortie-dun-film-sur-son-interview-controversee-andrew-tout-sourire-au-chateau-de-windsor-236248\" rel=\"nofollow noopener\" target=\"_blank\">le prince Andrew<\/a>, Woody Allen, Ehud Barak ou Peter Mandelson. Dans toutes ces ann\u00e9es, il jure ne jamais avoir vu de mineures. \u00ab Les filles lui donnaient des massages, lui coupaient les ongles, \u00e7a s\u2019arr\u00eatait l\u00e0 \u00bb, assure-t-il. Sa compagne, Maria Gomes de Melo, pr\u00e9sente sur plusieurs s\u00e9jours, confirme.<\/p>\n<p>Une confidence sur Trump<\/p>\n<p>Parmi les souvenirs qui l\u2019ont marqu\u00e9, celui d\u2019une conversation, fin 2016. Epstein revient \u00e0 Paris quelques jours apr\u00e8s l\u2019\u00e9lection pr\u00e9sidentielle am\u00e9ricaine et lui lance : \u00ab Trump m\u2019a demand\u00e9 de travailler pour lui dans le nouveau gouvernement. \u00bb Cotrin le f\u00e9licite. \u00ab Non, je n\u2019ai pas accept\u00e9 \u00bb, r\u00e9pond Epstein. De quoi relancer la pression sur le pr\u00e9sident am\u00e9ricain, alors que ses liens pass\u00e9s avec Epstein continuent d\u2019alimenter les sp\u00e9culations, malgr\u00e9 ses d\u00e9n\u00e9gations r\u00e9p\u00e9t\u00e9es.<\/p>\n<p>    La suite apr\u00e8s cette publicit\u00e9<\/p>\n<p>    La suite apr\u00e8s cette publicit\u00e9<\/p>\n<p>Embauch\u00e9 en 2001, Cotrin dit avoir \u00e9t\u00e9 le seul salari\u00e9 permanent de la r\u00e9sidence parisienne. Il cuisinait aussi pour les d\u00eeners d\u2019Epstein \u00e0 l\u2019\u00e9tranger. \u00ab \u00c7a pouvait \u00eatre pour Bill Gates, ou Ehud Barak. \u00bb Depuis la mort de son employeur, il peine \u00e0 retrouver du travail. Le souvenir du dernier trajet vers l\u2019a\u00e9roport ne le quitte pas. \u00ab Parfois, je me dis que j\u2019aurais d\u00fb avoir un accident avec lui, pas grave, juste assez pour l\u2019emp\u00eacher de partir. Peut-\u00eatre que tout aurait \u00e9t\u00e9 diff\u00e9rent. \u00bb<\/p>\n","protected":false},"excerpt":{"rendered":"Valdson Vieira Cotrin, qui a travaill\u00e9 pr\u00e8s de vingt ans pour Jeffrey Epstein \u00e0 Paris, affirme que le&hellip;\n","protected":false},"author":2,"featured_media":305516,"comment_status":"","ping_status":"","sticky":false,"template":"","format":"standard","meta":{"footnotes":""},"categories":[1888],"tags":[1111,1928,11,1927,1777,674,1011,27,12,1926,626,1925,25],"class_list":{"0":"post-305515","1":"post","2":"type-post","3":"status-publish","4":"format-standard","5":"has-post-thumbnail","7":"category-paris","8":"tag-actu","9":"tag-actu-paris","10":"tag-actualites","11":"tag-actualites-paris","12":"tag-eu","13":"tag-europe","14":"tag-fr","15":"tag-france","16":"tag-news","17":"tag-news-paris","18":"tag-paris","19":"tag-paris-news","20":"tag-republique-francaise"},"share_on_mastodon":{"url":"https:\/\/pubeurope.com\/@fr\/114994183188757333","error":""},"_links":{"self":[{"href":"https:\/\/www.europesays.com\/fr\/wp-json\/wp\/v2\/posts\/305515","targetHints":{"allow":["GET"]}}],"collection":[{"href":"https:\/\/www.europesays.com\/fr\/wp-json\/wp\/v2\/posts"}],"about":[{"href":"https:\/\/www.europesays.com\/fr\/wp-json\/wp\/v2\/types\/post"}],"author":[{"embeddable":true,"href":"https:\/\/www.europesays.com\/fr\/wp-json\/wp\/v2\/users\/2"}],"replies":[{"embeddable":true,"href":"https:\/\/www.europesays.com\/fr\/wp-json\/wp\/v2\/comments?post=305515"}],"version-history":[{"count":0,"href":"https:\/\/www.europesays.com\/fr\/wp-json\/wp\/v2\/posts\/305515\/revisions"}],"wp:featuredmedia":[{"embeddable":true,"href":"https:\/\/www.europesays.com\/fr\/wp-json\/wp\/v2\/media\/305516"}],"wp:attachment":[{"href":"https:\/\/www.europesays.com\/fr\/wp-json\/wp\/v2\/media?parent=305515"}],"wp:term":[{"taxonomy":"category","embeddable":true,"href":"https:\/\/www.europesays.com\/fr\/wp-json\/wp\/v2\/categories?post=305515"},{"taxonomy":"post_tag","embeddable":true,"href":"https:\/\/www.europesays.com\/fr\/wp-json\/wp\/v2\/tags?post=305515"}],"curies":[{"name":"wp","href":"https:\/\/api.w.org\/{rel}","templated":true}]}}